{"id":1263,"date":"2020-05-07T17:58:19","date_gmt":"2020-05-07T15:58:19","guid":{"rendered":"https:\/\/www.lamaisonduguil.com\/blog\/?p=1263"},"modified":"2020-05-08T13:34:20","modified_gmt":"2020-05-08T11:34:20","slug":"les-vacances-dete-aux-experiences-fortes","status":"publish","type":"post","link":"https:\/\/www.lamaisonduguil.com\/blog\/les-vacances-dete-aux-experiences-fortes\/","title":{"rendered":"Les vacances d\u2019\u00e9t\u00e9 aux exp\u00e9riences fortes"},"content":{"rendered":"\t\t<div data-elementor-type=\"wp-post\" data-elementor-id=\"1263\" class=\"elementor elementor-1263\">\n\t\t\t\t\t\t<section class=\"elementor-section elementor-top-section elementor-element elementor-element-2dee3aac elementor-section-height-min-height elementor-section-content-middle elementor-reverse-mobile elementor-section-boxed elementor-section-height-default elementor-section-items-middle\" data-id=\"2dee3aac\" data-element_type=\"section\" data-e-type=\"section\" data-settings=\"{&quot;background_background&quot;:&quot;classic&quot;}\">\n\t\t\t\t\t\t<div class=\"elementor-container elementor-column-gap-no\">\n\t\t\t\t\t<div class=\"elementor-column elementor-col-50 elementor-top-column elementor-element elementor-element-71643e53\" data-id=\"71643e53\" data-element_type=\"column\" data-e-type=\"column\">\n\t\t\t<div class=\"elementor-widget-wrap elementor-element-populated\">\n\t\t\t\t\t\t<div class=\"elementor-element elementor-element-7670ebba elementor-widget elementor-widget-heading\" data-id=\"7670ebba\" data-element_type=\"widget\" data-e-type=\"widget\" data-widget_type=\"heading.default\">\n\t\t\t\t<div class=\"elementor-widget-container\">\n\t\t\t\t\t<h2 class=\"elementor-heading-title elementor-size-default\">Vacances d'\u00e9t\u00e9 aux exp\u00e9riences fortes<\/h2>\t\t\t\t<\/div>\n\t\t\t\t<\/div>\n\t\t\t\t\t<\/div>\n\t\t<\/div>\n\t\t\t\t<div class=\"elementor-column elementor-col-50 elementor-top-column elementor-element elementor-element-8cc08a3\" data-id=\"8cc08a3\" data-element_type=\"column\" data-e-type=\"column\">\n\t\t\t<div class=\"elementor-widget-wrap\">\n\t\t\t\t\t\t\t<\/div>\n\t\t<\/div>\n\t\t\t\t\t<\/div>\n\t\t<\/section>\n\t\t\t\t<section class=\"elementor-section elementor-top-section elementor-element elementor-element-8830307 elementor-section-boxed elementor-section-height-default elementor-section-height-default\" data-id=\"8830307\" data-element_type=\"section\" data-e-type=\"section\">\n\t\t\t\t\t\t<div class=\"elementor-container elementor-column-gap-default\">\n\t\t\t\t\t<div class=\"elementor-column elementor-col-100 elementor-top-column elementor-element elementor-element-62651dc\" data-id=\"62651dc\" data-element_type=\"column\" data-e-type=\"column\">\n\t\t\t<div class=\"elementor-widget-wrap elementor-element-populated\">\n\t\t\t\t\t\t<div class=\"elementor-element elementor-element-0219611 elementor-widget elementor-widget-text-editor\" data-id=\"0219611\" data-element_type=\"widget\" data-e-type=\"widget\" data-widget_type=\"text-editor.default\">\n\t\t\t\t<div class=\"elementor-widget-container\">\n\t\t\t\t\t\t\t\t\t<p><strong>Dans les Hautes Alpes, au Pays du Guil, les activit\u00e9s aux exp\u00e9riences fortes sont nombreuses.<\/strong>\u00a0 Il ne faut pas aller bien loin pour d\u00e9couvrir un tas de choses \u00e0 faire.\u00a0 Une exp\u00e9rience pleine nature.\u00a0 Une exp\u00e9rience \u00e0 vivre avec vos enfants.\u00a0 Une exp\u00e9rience \u00e0 la sensation forte.\u00a0 <strong>La Maison du Guil, id\u00e9alement situ\u00e9 entre le Parc du Queyras et le Parc des Ecrins<\/strong>, sera votre camp de base pour partir \u00e0 la d\u00e9couverte de cette r\u00e9gion, de changer d\u2019environnement, de respirer l\u2019air pur, d\u2019absorber les grands espaces des Alpes du Sud.\u00a0 Vous en aurez plein les yeux.\u00a0<\/p>\t\t\t\t\t\t\t\t<\/div>\n\t\t\t\t<\/div>\n\t\t\t\t\t<\/div>\n\t\t<\/div>\n\t\t\t\t\t<\/div>\n\t\t<\/section>\n\t\t\t\t<section class=\"elementor-section elementor-top-section elementor-element elementor-element-7e47df6 elementor-section-boxed elementor-section-height-default elementor-section-height-default\" data-id=\"7e47df6\" data-element_type=\"section\" data-e-type=\"section\">\n\t\t\t\t\t\t<div class=\"elementor-container elementor-column-gap-default\">\n\t\t\t\t\t<div class=\"elementor-column elementor-col-50 elementor-top-column elementor-element elementor-element-fc47169\" data-id=\"fc47169\" data-element_type=\"column\" data-e-type=\"column\">\n\t\t\t<div class=\"elementor-widget-wrap elementor-element-populated\">\n\t\t\t\t\t\t<div class=\"elementor-element elementor-element-c11b58c elementor-widget elementor-widget-text-editor\" data-id=\"c11b58c\" data-element_type=\"widget\" data-e-type=\"widget\" data-widget_type=\"text-editor.default\">\n\t\t\t\t<div class=\"elementor-widget-container\">\n\t\t\t\t\t\t\t\t\t<h2>Randonn\u00e9e au Pays du Guil<\/h2><p>Autour de la maison du Guil, il y a une multitude de <strong>randonn\u00e9es<\/strong> ou de <strong>balades<\/strong>, sur des chemins hors sentiers battus, aux paysages \u00e0 couper le souffle.\u00a0 Nous vous expliquerons les randonn\u00e9es \u00e0 l\u2019aide de cartes IGN, que nous vous pr\u00eaterons ensuite, afin que vous partez en randonn\u00e9e avec toute l\u2019information qu\u2019il vous faut.\u00a0 Une petite balade qui fait le tour du hameau de la Font d\u2019Eygliers, une belle mise en jambe avec des jolies vues sur la vall\u00e9e du Guil.\u00a0 Vos enfants seront \u00e9merveill\u00e9 par la rencontre avec les marmottes sur le sentier des marmottes.\u00a0 Prenez le <strong>sentier du facteur<\/strong>, qui monte vers le hameau de Gros, \u00e0 la rencontre de mouflons.\u00a0 Faites le tour de Mont Dauphin, en longeant le Guil, ou rallongez la balade avec la <strong>rue des masques<\/strong>.\u00a0 Peut-\u00eatre que vous y verrez m\u00eame le Grand-Duc qui y a choisi domicile\u2026<\/p>\t\t\t\t\t\t\t\t<\/div>\n\t\t\t\t<\/div>\n\t\t\t\t\t<\/div>\n\t\t<\/div>\n\t\t\t\t<div class=\"elementor-column elementor-col-50 elementor-top-column elementor-element elementor-element-3796075\" data-id=\"3796075\" data-element_type=\"column\" data-e-type=\"column\">\n\t\t\t<div class=\"elementor-widget-wrap elementor-element-populated\">\n\t\t\t\t\t\t<div class=\"elementor-element elementor-element-ecdf56f elementor-widget elementor-widget-image\" data-id=\"ecdf56f\" data-element_type=\"widget\" data-e-type=\"widget\" data-widget_type=\"image.default\">\n\t\t\t\t<div class=\"elementor-widget-container\">\n\t\t\t\t\t\t\t\t\t\t\t\t\t\t\t<img fetchpriority=\"high\" decoding=\"async\" width=\"800\" height=\"1000\" src=\"https:\/\/www.lamaisonduguil.com\/blog\/wp-content\/uploads\/2020\/05\/tour-la-font.jpg\" class=\"attachment-large size-large wp-image-1277\" alt=\"tour la font\" srcset=\"https:\/\/www.lamaisonduguil.com\/blog\/wp-content\/uploads\/2020\/05\/tour-la-font.jpg 800w, https:\/\/www.lamaisonduguil.com\/blog\/wp-content\/uploads\/2020\/05\/tour-la-font-240x300.jpg 240w, https:\/\/www.lamaisonduguil.com\/blog\/wp-content\/uploads\/2020\/05\/tour-la-font-768x960.jpg 768w\" sizes=\"(max-width: 800px) 100vw, 800px\" \/>\t\t\t\t\t\t\t\t\t\t\t\t\t\t\t<\/div>\n\t\t\t\t<\/div>\n\t\t\t\t\t<\/div>\n\t\t<\/div>\n\t\t\t\t\t<\/div>\n\t\t<\/section>\n\t\t\t\t<section class=\"elementor-section elementor-top-section elementor-element elementor-element-f779020 elementor-section-boxed elementor-section-height-default elementor-section-height-default\" data-id=\"f779020\" data-element_type=\"section\" data-e-type=\"section\">\n\t\t\t\t\t\t<div class=\"elementor-container elementor-column-gap-default\">\n\t\t\t\t\t<div class=\"elementor-column elementor-col-50 elementor-top-column elementor-element elementor-element-9fee88e\" data-id=\"9fee88e\" data-element_type=\"column\" data-e-type=\"column\">\n\t\t\t<div class=\"elementor-widget-wrap elementor-element-populated\">\n\t\t\t\t\t\t<div class=\"elementor-element elementor-element-9ac680a elementor-widget elementor-widget-image\" data-id=\"9ac680a\" data-element_type=\"widget\" data-e-type=\"widget\" data-widget_type=\"image.default\">\n\t\t\t\t<div class=\"elementor-widget-container\">\n\t\t\t\t\t\t\t\t\t\t\t\t\t\t\t<img decoding=\"async\" width=\"1024\" height=\"768\" src=\"https:\/\/www.lamaisonduguil.com\/blog\/wp-content\/uploads\/2020\/05\/VTT-1024x768.jpg\" class=\"attachment-large size-large wp-image-1252\" alt=\"VTT au Pays du Guil\" srcset=\"https:\/\/www.lamaisonduguil.com\/blog\/wp-content\/uploads\/2020\/05\/VTT-1024x768.jpg 1024w, https:\/\/www.lamaisonduguil.com\/blog\/wp-content\/uploads\/2020\/05\/VTT-300x225.jpg 300w, https:\/\/www.lamaisonduguil.com\/blog\/wp-content\/uploads\/2020\/05\/VTT-768x576.jpg 768w, https:\/\/www.lamaisonduguil.com\/blog\/wp-content\/uploads\/2020\/05\/VTT.jpg 1200w\" sizes=\"(max-width: 1024px) 100vw, 1024px\" \/>\t\t\t\t\t\t\t\t\t\t\t\t\t\t\t<\/div>\n\t\t\t\t<\/div>\n\t\t\t\t\t<\/div>\n\t\t<\/div>\n\t\t\t\t<div class=\"elementor-column elementor-col-50 elementor-top-column elementor-element elementor-element-ac8771a\" data-id=\"ac8771a\" data-element_type=\"column\" data-e-type=\"column\">\n\t\t\t<div class=\"elementor-widget-wrap elementor-element-populated\">\n\t\t\t\t\t\t<div class=\"elementor-element elementor-element-bcbe514 elementor-widget elementor-widget-text-editor\" data-id=\"bcbe514\" data-element_type=\"widget\" data-e-type=\"widget\" data-widget_type=\"text-editor.default\">\n\t\t\t\t<div class=\"elementor-widget-container\">\n\t\t\t\t\t\t\t\t\t<h2>V\u00e9lo au Pays du Guil<\/h2><p>Partez en <strong>v\u00e9lo de route<\/strong> vers les <strong>cols mythiques<\/strong> des Hautes Alpes, comme le <strong>col de l\u2019Izoard<\/strong>, le <strong>col de Vars<\/strong>, le <strong>col Agnel<\/strong>, ou encore la mont\u00e9e de Risoul.\u00a0 Si vous pr\u00e9f\u00e9rez le <strong>VTT<\/strong>, une multitude de sentiers bien balis\u00e9s sont accessible tout de suite au d\u00e9part de la Maison du Guil.\u00a0 Des circuits de diff\u00e9rente longueur et difficult\u00e9, et l\u00e0 aussi, des sentiers tranquille, loin des foules.\u00a0 Nous vous pr\u00eaterons avec grand plaisir les cartes avec le d\u00e9tail des circuits. \u00a0<\/p>\t\t\t\t\t\t\t\t<\/div>\n\t\t\t\t<\/div>\n\t\t\t\t\t<\/div>\n\t\t<\/div>\n\t\t\t\t\t<\/div>\n\t\t<\/section>\n\t\t\t\t<section class=\"elementor-section elementor-top-section elementor-element elementor-element-a1f5097 elementor-section-boxed elementor-section-height-default elementor-section-height-default\" data-id=\"a1f5097\" data-element_type=\"section\" data-e-type=\"section\">\n\t\t\t\t\t\t<div class=\"elementor-container elementor-column-gap-default\">\n\t\t\t\t\t<div class=\"elementor-column elementor-col-50 elementor-top-column elementor-element elementor-element-a5ee353\" data-id=\"a5ee353\" data-element_type=\"column\" data-e-type=\"column\">\n\t\t\t<div class=\"elementor-widget-wrap elementor-element-populated\">\n\t\t\t\t\t\t<div class=\"elementor-element elementor-element-26001d3 elementor-widget elementor-widget-text-editor\" data-id=\"26001d3\" data-element_type=\"widget\" data-e-type=\"widget\" data-widget_type=\"text-editor.default\">\n\t\t\t\t<div class=\"elementor-widget-container\">\n\t\t\t\t\t\t\t\t\t<h2>Rafting au Pays du Guil<\/h2><p>Vous recherchez une exp\u00e9rience sportive sur l\u2019eau\u00a0?\u00a0 Sur les deux rivi\u00e8res qui traversent le Pays du Guil, le <strong>Guil<\/strong> et la <strong>Durance<\/strong> vous pourrez vous r\u00e9galer lors d\u2019une <strong>descente en raft ou en kayak<\/strong>. \u00a0En petit groupe, encadr\u00e9 par un guide professionnel pour une exp\u00e9rience sensationnelle en toute s\u00e9curit\u00e9.\u00a0<\/p>\t\t\t\t\t\t\t\t<\/div>\n\t\t\t\t<\/div>\n\t\t\t\t\t<\/div>\n\t\t<\/div>\n\t\t\t\t<div class=\"elementor-column elementor-col-50 elementor-top-column elementor-element elementor-element-3aa138e\" data-id=\"3aa138e\" data-element_type=\"column\" data-e-type=\"column\">\n\t\t\t<div class=\"elementor-widget-wrap elementor-element-populated\">\n\t\t\t\t\t\t<div class=\"elementor-element elementor-element-b313fc5 elementor-widget elementor-widget-image\" data-id=\"b313fc5\" data-element_type=\"widget\" data-e-type=\"widget\" data-widget_type=\"image.default\">\n\t\t\t\t<div class=\"elementor-widget-container\">\n\t\t\t\t\t\t\t\t\t\t\t\t\t\t\t<img decoding=\"async\" width=\"1024\" height=\"678\" src=\"https:\/\/www.lamaisonduguil.com\/blog\/wp-content\/uploads\/2020\/05\/DSC_0324-1024x678.jpg\" class=\"attachment-large size-large wp-image-1243\" alt=\"White water rafting\" srcset=\"https:\/\/www.lamaisonduguil.com\/blog\/wp-content\/uploads\/2020\/05\/DSC_0324-1024x678.jpg 1024w, https:\/\/www.lamaisonduguil.com\/blog\/wp-content\/uploads\/2020\/05\/DSC_0324-300x199.jpg 300w, https:\/\/www.lamaisonduguil.com\/blog\/wp-content\/uploads\/2020\/05\/DSC_0324-768x509.jpg 768w, https:\/\/www.lamaisonduguil.com\/blog\/wp-content\/uploads\/2020\/05\/DSC_0324.jpg 1200w\" sizes=\"(max-width: 1024px) 100vw, 1024px\" \/>\t\t\t\t\t\t\t\t\t\t\t\t\t\t\t<\/div>\n\t\t\t\t<\/div>\n\t\t\t\t\t<\/div>\n\t\t<\/div>\n\t\t\t\t\t<\/div>\n\t\t<\/section>\n\t\t\t\t<section class=\"elementor-section elementor-top-section elementor-element elementor-element-900240f elementor-section-boxed elementor-section-height-default elementor-section-height-default\" data-id=\"900240f\" data-element_type=\"section\" data-e-type=\"section\">\n\t\t\t\t\t\t<div class=\"elementor-container elementor-column-gap-default\">\n\t\t\t\t\t<div class=\"elementor-column elementor-col-50 elementor-top-column elementor-element elementor-element-d24c917\" data-id=\"d24c917\" data-element_type=\"column\" data-e-type=\"column\">\n\t\t\t<div class=\"elementor-widget-wrap elementor-element-populated\">\n\t\t\t\t\t\t<div class=\"elementor-element elementor-element-f752920 elementor-widget elementor-widget-image\" data-id=\"f752920\" data-element_type=\"widget\" data-e-type=\"widget\" data-widget_type=\"image.default\">\n\t\t\t\t<div class=\"elementor-widget-container\">\n\t\t\t\t\t\t\t\t\t\t\t\t\t\t\t<img loading=\"lazy\" decoding=\"async\" width=\"1024\" height=\"743\" src=\"https:\/\/www.lamaisonduguil.com\/blog\/wp-content\/uploads\/2016\/12\/IMG_4777-1024x743.jpg\" class=\"attachment-large size-large wp-image-142\" alt=\"\" srcset=\"https:\/\/www.lamaisonduguil.com\/blog\/wp-content\/uploads\/2016\/12\/IMG_4777-1024x743.jpg 1024w, https:\/\/www.lamaisonduguil.com\/blog\/wp-content\/uploads\/2016\/12\/IMG_4777-300x218.jpg 300w, https:\/\/www.lamaisonduguil.com\/blog\/wp-content\/uploads\/2016\/12\/IMG_4777-768x557.jpg 768w, https:\/\/www.lamaisonduguil.com\/blog\/wp-content\/uploads\/2016\/12\/IMG_4777-1260x915.jpg 1260w, https:\/\/www.lamaisonduguil.com\/blog\/wp-content\/uploads\/2016\/12\/IMG_4777-e1518651155895.jpg 1800w\" sizes=\"(max-width: 1024px) 100vw, 1024px\" \/>\t\t\t\t\t\t\t\t\t\t\t\t\t\t\t<\/div>\n\t\t\t\t<\/div>\n\t\t\t\t\t<\/div>\n\t\t<\/div>\n\t\t\t\t<div class=\"elementor-column elementor-col-50 elementor-top-column elementor-element elementor-element-87ce67e\" data-id=\"87ce67e\" data-element_type=\"column\" data-e-type=\"column\">\n\t\t\t<div class=\"elementor-widget-wrap elementor-element-populated\">\n\t\t\t\t\t\t<div class=\"elementor-element elementor-element-8cab3aa elementor-widget elementor-widget-text-editor\" data-id=\"8cab3aa\" data-element_type=\"widget\" data-e-type=\"widget\" data-widget_type=\"text-editor.default\">\n\t\t\t\t<div class=\"elementor-widget-container\">\n\t\t\t\t\t\t\t\t\t<h2>Exp\u00e9rience culturelle au Pays du Guil<\/h2><p>A proximit\u00e9 de la Maison du Guil, vous trouverez le village fortifi\u00e9 de <strong>Mont Dauphin<\/strong>, \u00e0 seulement 25 minutes \u00e0 pied.\u00a0 La <strong>visite guid\u00e9e<\/strong>, en petits groupes est une <strong>exp\u00e9rience culturelle<\/strong> \u00e0 ne pas rater.\u00a0 Le guide vous fera entrer dans la poudri\u00e8re, une cath\u00e9drale sous terre, ou encore dans la caserne Rochambeau avec sa charpente en bois comme un bateau renvers\u00e9\u00a0<\/p>\t\t\t\t\t\t\t\t<\/div>\n\t\t\t\t<\/div>\n\t\t\t\t\t<\/div>\n\t\t<\/div>\n\t\t\t\t\t<\/div>\n\t\t<\/section>\n\t\t\t\t<\/div>\n\t\t","protected":false},"excerpt":{"rendered":"<p>Vacances d&rsquo;\u00e9t\u00e9 aux exp\u00e9riences fortes Dans les Hautes Alpes, au Pays du Guil, les activit\u00e9s aux exp\u00e9riences fortes sont nombreuses.\u00a0 Il ne faut pas aller bien loin pour d\u00e9couvrir un tas de choses \u00e0 faire.\u00a0 Une exp\u00e9rience pleine nature.\u00a0 Une exp\u00e9rience \u00e0 vivre avec vos enfants.\u00a0 Une exp\u00e9rience \u00e0 la sensation forte.\u00a0 La Maison du [&hellip;]<\/p>\n","protected":false},"author":2,"featured_media":0,"comment_status":"open","ping_status":"open","sticky":false,"template":"elementor_header_footer","format":"standard","meta":{"site-sidebar-layout":"no-sidebar","site-content-layout":"page-builder","ast-site-content-layout":"default","site-content-style":"default","site-sidebar-style":"default","ast-global-header-display":"","ast-banner-title-visibility":"","ast-main-header-display":"","ast-hfb-above-header-display":"","ast-hfb-below-header-display":"","ast-hfb-mobile-header-display":"","site-post-title":"disabled","ast-breadcrumbs-content":"","ast-featured-img":"","footer-sml-layout":"","theme-transparent-header-meta":"default","adv-header-id-meta":"","stick-header-meta":"","header-above-stick-meta":"","header-main-stick-meta":"","header-below-stick-meta":"","astra-migrate-meta-layouts":"default","ast-page-background-enabled":"default","ast-page-background-meta":{"desktop":{"background-color":"","background-image":"","background-repeat":"repeat","background-position":"center center","background-size":"auto","background-attachment":"scroll","background-type":"","background-media":"","overlay-type":"","overlay-color":"","overlay-opacity":"","overlay-gradient":""},"tablet":{"background-color":"","background-image":"","background-repeat":"repeat","background-position":"center center","background-size":"auto","background-attachment":"scroll","background-type":"","background-media":"","overlay-type":"","overlay-color":"","overlay-opacity":"","overlay-gradient":""},"mobile":{"background-color":"","background-image":"","background-repeat":"repeat","background-position":"center center","background-size":"auto","background-attachment":"scroll","background-type":"","background-media":"","overlay-type":"","overlay-color":"","overlay-opacity":"","overlay-gradient":""}},"ast-content-background-meta":{"desktop":{"background-color":"var(--ast-global-color-5)","background-image":"","background-repeat":"repeat","background-position":"center center","background-size":"auto","background-attachment":"scroll","background-type":"","background-media":"","overlay-type":"","overlay-color":"","overlay-opacity":"","overlay-gradient":""},"tablet":{"background-color":"var(--ast-global-color-5)","background-image":"","background-repeat":"repeat","background-position":"center center","background-size":"auto","background-attachment":"scroll","background-type":"","background-media":"","overlay-type":"","overlay-color":"","overlay-opacity":"","overlay-gradient":""},"mobile":{"background-color":"var(--ast-global-color-5)","background-image":"","background-repeat":"repeat","background-position":"center center","background-size":"auto","background-attachment":"scroll","background-type":"","background-media":"","overlay-type":"","overlay-color":"","overlay-opacity":"","overlay-gradient":""}},"ngg_post_thumbnail":0,"footnotes":""},"categories":[1],"tags":[],"class_list":["post-1263","post","type-post","status-publish","format-standard","hentry","category-non-classe"],"yoast_head":"<!-- This site is optimized with the Yoast SEO plugin v27.5 - https:\/\/yoast.com\/product\/yoast-seo-wordpress\/ -->\n<title>Les vacances d\u2019\u00e9t\u00e9 aux exp\u00e9riences fortes - La Maison du Guil - Le Blog<\/title>\n<meta name=\"description\" content=\"Plein d&#039;activit\u00e9s aux exp\u00e9riences fortes au Pays du Guil. La Maison du Guil entre Parc du Queyras et Parc des Ecrins est votre camp de base\" \/>\n<meta name=\"robots\" content=\"index, follow, max-snippet:-1, max-image-preview:large, max-video-preview:-1\" \/>\n<link rel=\"canonical\" href=\"https:\/\/www.lamaisonduguil.com\/blog\/les-vacances-dete-aux-experiences-fortes\/\" \/>\n<meta property=\"og:locale\" content=\"fr_FR\" \/>\n<meta property=\"og:type\" content=\"article\" \/>\n<meta property=\"og:title\" content=\"Les vacances d\u2019\u00e9t\u00e9 aux exp\u00e9riences fortes - La Maison du Guil - Le Blog\" \/>\n<meta property=\"og:description\" content=\"Plein d&#039;activit\u00e9s aux exp\u00e9riences fortes au Pays du Guil. La Maison du Guil entre Parc du Queyras et Parc des Ecrins est votre camp de base\" \/>\n<meta property=\"og:url\" content=\"https:\/\/www.lamaisonduguil.com\/blog\/les-vacances-dete-aux-experiences-fortes\/\" \/>\n<meta property=\"og:site_name\" content=\"La Maison du Guil - Le Blog\" \/>\n<meta property=\"article:publisher\" content=\"http:\/\/www.facebook.com\/lamaisonduguil\" \/>\n<meta property=\"article:published_time\" content=\"2020-05-07T15:58:19+00:00\" \/>\n<meta property=\"article:modified_time\" content=\"2020-05-08T11:34:20+00:00\" \/>\n<meta property=\"og:image\" content=\"https:\/\/www.lamaisonduguil.com\/blog\/wp-content\/uploads\/2020\/05\/tour-la-font.jpg\" \/>\n<meta name=\"author\" content=\"Tom\" \/>\n<meta name=\"twitter:card\" content=\"summary_large_image\" \/>\n<meta name=\"twitter:label1\" content=\"\u00c9crit par\" \/>\n\t<meta name=\"twitter:data1\" content=\"Tom\" \/>\n\t<meta name=\"twitter:label2\" content=\"Dur\u00e9e de lecture estim\u00e9e\" \/>\n\t<meta name=\"twitter:data2\" content=\"2 minutes\" \/>\n<script type=\"application\/ld+json\" class=\"yoast-schema-graph\">{\"@context\":\"https:\\\/\\\/schema.org\",\"@graph\":[{\"@type\":\"Article\",\"@id\":\"https:\\\/\\\/www.lamaisonduguil.com\\\/blog\\\/les-vacances-dete-aux-experiences-fortes\\\/#article\",\"isPartOf\":{\"@id\":\"https:\\\/\\\/www.lamaisonduguil.com\\\/blog\\\/les-vacances-dete-aux-experiences-fortes\\\/\"},\"author\":{\"name\":\"Tom\",\"@id\":\"https:\\\/\\\/www.lamaisonduguil.com\\\/blog\\\/#\\\/schema\\\/person\\\/629208c2fb7759244c3fbe06c0bc3713\"},\"headline\":\"Les vacances d\u2019\u00e9t\u00e9 aux exp\u00e9riences fortes\",\"datePublished\":\"2020-05-07T15:58:19+00:00\",\"dateModified\":\"2020-05-08T11:34:20+00:00\",\"mainEntityOfPage\":{\"@id\":\"https:\\\/\\\/www.lamaisonduguil.com\\\/blog\\\/les-vacances-dete-aux-experiences-fortes\\\/\"},\"wordCount\":508,\"commentCount\":0,\"publisher\":{\"@id\":\"https:\\\/\\\/www.lamaisonduguil.com\\\/blog\\\/#organization\"},\"image\":{\"@id\":\"https:\\\/\\\/www.lamaisonduguil.com\\\/blog\\\/les-vacances-dete-aux-experiences-fortes\\\/#primaryimage\"},\"thumbnailUrl\":\"https:\\\/\\\/www.lamaisonduguil.com\\\/blog\\\/wp-content\\\/uploads\\\/2020\\\/05\\\/tour-la-font.jpg\",\"inLanguage\":\"fr-FR\",\"potentialAction\":[{\"@type\":\"CommentAction\",\"name\":\"Comment\",\"target\":[\"https:\\\/\\\/www.lamaisonduguil.com\\\/blog\\\/les-vacances-dete-aux-experiences-fortes\\\/#respond\"]}]},{\"@type\":\"WebPage\",\"@id\":\"https:\\\/\\\/www.lamaisonduguil.com\\\/blog\\\/les-vacances-dete-aux-experiences-fortes\\\/\",\"url\":\"https:\\\/\\\/www.lamaisonduguil.com\\\/blog\\\/les-vacances-dete-aux-experiences-fortes\\\/\",\"name\":\"Les vacances d\u2019\u00e9t\u00e9 aux exp\u00e9riences fortes - La Maison du Guil - Le Blog\",\"isPartOf\":{\"@id\":\"https:\\\/\\\/www.lamaisonduguil.com\\\/blog\\\/#website\"},\"primaryImageOfPage\":{\"@id\":\"https:\\\/\\\/www.lamaisonduguil.com\\\/blog\\\/les-vacances-dete-aux-experiences-fortes\\\/#primaryimage\"},\"image\":{\"@id\":\"https:\\\/\\\/www.lamaisonduguil.com\\\/blog\\\/les-vacances-dete-aux-experiences-fortes\\\/#primaryimage\"},\"thumbnailUrl\":\"https:\\\/\\\/www.lamaisonduguil.com\\\/blog\\\/wp-content\\\/uploads\\\/2020\\\/05\\\/tour-la-font.jpg\",\"datePublished\":\"2020-05-07T15:58:19+00:00\",\"dateModified\":\"2020-05-08T11:34:20+00:00\",\"description\":\"Plein d'activit\u00e9s aux exp\u00e9riences fortes au Pays du Guil. La Maison du Guil entre Parc du Queyras et Parc des Ecrins est votre camp de base\",\"breadcrumb\":{\"@id\":\"https:\\\/\\\/www.lamaisonduguil.com\\\/blog\\\/les-vacances-dete-aux-experiences-fortes\\\/#breadcrumb\"},\"inLanguage\":\"fr-FR\",\"potentialAction\":[{\"@type\":\"ReadAction\",\"target\":[\"https:\\\/\\\/www.lamaisonduguil.com\\\/blog\\\/les-vacances-dete-aux-experiences-fortes\\\/\"]}]},{\"@type\":\"ImageObject\",\"inLanguage\":\"fr-FR\",\"@id\":\"https:\\\/\\\/www.lamaisonduguil.com\\\/blog\\\/les-vacances-dete-aux-experiences-fortes\\\/#primaryimage\",\"url\":\"https:\\\/\\\/www.lamaisonduguil.com\\\/blog\\\/wp-content\\\/uploads\\\/2020\\\/05\\\/tour-la-font.jpg\",\"contentUrl\":\"https:\\\/\\\/www.lamaisonduguil.com\\\/blog\\\/wp-content\\\/uploads\\\/2020\\\/05\\\/tour-la-font.jpg\",\"width\":800,\"height\":1000,\"caption\":\"tour la font\"},{\"@type\":\"BreadcrumbList\",\"@id\":\"https:\\\/\\\/www.lamaisonduguil.com\\\/blog\\\/les-vacances-dete-aux-experiences-fortes\\\/#breadcrumb\",\"itemListElement\":[{\"@type\":\"ListItem\",\"position\":1,\"name\":\"Accueil\",\"item\":\"https:\\\/\\\/www.lamaisonduguil.com\\\/blog\\\/\"},{\"@type\":\"ListItem\",\"position\":2,\"name\":\"Les vacances d\u2019\u00e9t\u00e9 aux exp\u00e9riences fortes\"}]},{\"@type\":\"WebSite\",\"@id\":\"https:\\\/\\\/www.lamaisonduguil.com\\\/blog\\\/#website\",\"url\":\"https:\\\/\\\/www.lamaisonduguil.com\\\/blog\\\/\",\"name\":\"La Maison du Guil - Le Blog\",\"description\":\"Un blog pour vous aider \u00e0 d\u00e9couvrir notre belle r\u00e9gion\",\"publisher\":{\"@id\":\"https:\\\/\\\/www.lamaisonduguil.com\\\/blog\\\/#organization\"},\"potentialAction\":[{\"@type\":\"SearchAction\",\"target\":{\"@type\":\"EntryPoint\",\"urlTemplate\":\"https:\\\/\\\/www.lamaisonduguil.com\\\/blog\\\/?s={search_term_string}\"},\"query-input\":{\"@type\":\"PropertyValueSpecification\",\"valueRequired\":true,\"valueName\":\"search_term_string\"}}],\"inLanguage\":\"fr-FR\"},{\"@type\":\"Organization\",\"@id\":\"https:\\\/\\\/www.lamaisonduguil.com\\\/blog\\\/#organization\",\"name\":\"La Maison du Guil - Le Blog\",\"url\":\"https:\\\/\\\/www.lamaisonduguil.com\\\/blog\\\/\",\"logo\":{\"@type\":\"ImageObject\",\"inLanguage\":\"fr-FR\",\"@id\":\"https:\\\/\\\/www.lamaisonduguil.com\\\/blog\\\/#\\\/schema\\\/logo\\\/image\\\/\",\"url\":\"https:\\\/\\\/www.lamaisonduguil.com\\\/blog\\\/wp-content\\\/uploads\\\/2016\\\/09\\\/logo2.gif\",\"contentUrl\":\"https:\\\/\\\/www.lamaisonduguil.com\\\/blog\\\/wp-content\\\/uploads\\\/2016\\\/09\\\/logo2.gif\",\"width\":207,\"height\":207,\"caption\":\"La Maison du Guil - Le Blog\"},\"image\":{\"@id\":\"https:\\\/\\\/www.lamaisonduguil.com\\\/blog\\\/#\\\/schema\\\/logo\\\/image\\\/\"},\"sameAs\":[\"http:\\\/\\\/www.facebook.com\\\/lamaisonduguil\"]},{\"@type\":\"Person\",\"@id\":\"https:\\\/\\\/www.lamaisonduguil.com\\\/blog\\\/#\\\/schema\\\/person\\\/629208c2fb7759244c3fbe06c0bc3713\",\"name\":\"Tom\",\"image\":{\"@type\":\"ImageObject\",\"inLanguage\":\"fr-FR\",\"@id\":\"https:\\\/\\\/secure.gravatar.com\\\/avatar\\\/5f0fbdeab05c9050198d8e098c31cf87ec88fb8b615fd68e88c27383c80ccf81?s=96&d=mm&r=g\",\"url\":\"https:\\\/\\\/secure.gravatar.com\\\/avatar\\\/5f0fbdeab05c9050198d8e098c31cf87ec88fb8b615fd68e88c27383c80ccf81?s=96&d=mm&r=g\",\"contentUrl\":\"https:\\\/\\\/secure.gravatar.com\\\/avatar\\\/5f0fbdeab05c9050198d8e098c31cf87ec88fb8b615fd68e88c27383c80ccf81?s=96&d=mm&r=g\",\"caption\":\"Tom\"},\"sameAs\":[\"https:\\\/\\\/www.lamaisonduguil.com\"]}]}<\/script>\n<!-- \/ Yoast SEO plugin. -->","yoast_head_json":{"title":"Les vacances d\u2019\u00e9t\u00e9 aux exp\u00e9riences fortes - La Maison du Guil - Le Blog","description":"Plein d'activit\u00e9s aux exp\u00e9riences fortes au Pays du Guil. La Maison du Guil entre Parc du Queyras et Parc des Ecrins est votre camp de base","robots":{"index":"index","follow":"follow","max-snippet":"max-snippet:-1","max-image-preview":"max-image-preview:large","max-video-preview":"max-video-preview:-1"},"canonical":"https:\/\/www.lamaisonduguil.com\/blog\/les-vacances-dete-aux-experiences-fortes\/","og_locale":"fr_FR","og_type":"article","og_title":"Les vacances d\u2019\u00e9t\u00e9 aux exp\u00e9riences fortes - La Maison du Guil - Le Blog","og_description":"Plein d'activit\u00e9s aux exp\u00e9riences fortes au Pays du Guil. La Maison du Guil entre Parc du Queyras et Parc des Ecrins est votre camp de base","og_url":"https:\/\/www.lamaisonduguil.com\/blog\/les-vacances-dete-aux-experiences-fortes\/","og_site_name":"La Maison du Guil - Le Blog","article_publisher":"http:\/\/www.facebook.com\/lamaisonduguil","article_published_time":"2020-05-07T15:58:19+00:00","article_modified_time":"2020-05-08T11:34:20+00:00","og_image":[{"url":"https:\/\/www.lamaisonduguil.com\/blog\/wp-content\/uploads\/2020\/05\/tour-la-font.jpg","type":"","width":"","height":""}],"author":"Tom","twitter_card":"summary_large_image","twitter_misc":{"\u00c9crit par":"Tom","Dur\u00e9e de lecture estim\u00e9e":"2 minutes"},"schema":{"@context":"https:\/\/schema.org","@graph":[{"@type":"Article","@id":"https:\/\/www.lamaisonduguil.com\/blog\/les-vacances-dete-aux-experiences-fortes\/#article","isPartOf":{"@id":"https:\/\/www.lamaisonduguil.com\/blog\/les-vacances-dete-aux-experiences-fortes\/"},"author":{"name":"Tom","@id":"https:\/\/www.lamaisonduguil.com\/blog\/#\/schema\/person\/629208c2fb7759244c3fbe06c0bc3713"},"headline":"Les vacances d\u2019\u00e9t\u00e9 aux exp\u00e9riences fortes","datePublished":"2020-05-07T15:58:19+00:00","dateModified":"2020-05-08T11:34:20+00:00","mainEntityOfPage":{"@id":"https:\/\/www.lamaisonduguil.com\/blog\/les-vacances-dete-aux-experiences-fortes\/"},"wordCount":508,"commentCount":0,"publisher":{"@id":"https:\/\/www.lamaisonduguil.com\/blog\/#organization"},"image":{"@id":"https:\/\/www.lamaisonduguil.com\/blog\/les-vacances-dete-aux-experiences-fortes\/#primaryimage"},"thumbnailUrl":"https:\/\/www.lamaisonduguil.com\/blog\/wp-content\/uploads\/2020\/05\/tour-la-font.jpg","inLanguage":"fr-FR","potentialAction":[{"@type":"CommentAction","name":"Comment","target":["https:\/\/www.lamaisonduguil.com\/blog\/les-vacances-dete-aux-experiences-fortes\/#respond"]}]},{"@type":"WebPage","@id":"https:\/\/www.lamaisonduguil.com\/blog\/les-vacances-dete-aux-experiences-fortes\/","url":"https:\/\/www.lamaisonduguil.com\/blog\/les-vacances-dete-aux-experiences-fortes\/","name":"Les vacances d\u2019\u00e9t\u00e9 aux exp\u00e9riences fortes - La Maison du Guil - Le Blog","isPartOf":{"@id":"https:\/\/www.lamaisonduguil.com\/blog\/#website"},"primaryImageOfPage":{"@id":"https:\/\/www.lamaisonduguil.com\/blog\/les-vacances-dete-aux-experiences-fortes\/#primaryimage"},"image":{"@id":"https:\/\/www.lamaisonduguil.com\/blog\/les-vacances-dete-aux-experiences-fortes\/#primaryimage"},"thumbnailUrl":"https:\/\/www.lamaisonduguil.com\/blog\/wp-content\/uploads\/2020\/05\/tour-la-font.jpg","datePublished":"2020-05-07T15:58:19+00:00","dateModified":"2020-05-08T11:34:20+00:00","description":"Plein d'activit\u00e9s aux exp\u00e9riences fortes au Pays du Guil. La Maison du Guil entre Parc du Queyras et Parc des Ecrins est votre camp de base","breadcrumb":{"@id":"https:\/\/www.lamaisonduguil.com\/blog\/les-vacances-dete-aux-experiences-fortes\/#breadcrumb"},"inLanguage":"fr-FR","potentialAction":[{"@type":"ReadAction","target":["https:\/\/www.lamaisonduguil.com\/blog\/les-vacances-dete-aux-experiences-fortes\/"]}]},{"@type":"ImageObject","inLanguage":"fr-FR","@id":"https:\/\/www.lamaisonduguil.com\/blog\/les-vacances-dete-aux-experiences-fortes\/#primaryimage","url":"https:\/\/www.lamaisonduguil.com\/blog\/wp-content\/uploads\/2020\/05\/tour-la-font.jpg","contentUrl":"https:\/\/www.lamaisonduguil.com\/blog\/wp-content\/uploads\/2020\/05\/tour-la-font.jpg","width":800,"height":1000,"caption":"tour la font"},{"@type":"BreadcrumbList","@id":"https:\/\/www.lamaisonduguil.com\/blog\/les-vacances-dete-aux-experiences-fortes\/#breadcrumb","itemListElement":[{"@type":"ListItem","position":1,"name":"Accueil","item":"https:\/\/www.lamaisonduguil.com\/blog\/"},{"@type":"ListItem","position":2,"name":"Les vacances d\u2019\u00e9t\u00e9 aux exp\u00e9riences fortes"}]},{"@type":"WebSite","@id":"https:\/\/www.lamaisonduguil.com\/blog\/#website","url":"https:\/\/www.lamaisonduguil.com\/blog\/","name":"La Maison du Guil - Le Blog","description":"Un blog pour vous aider \u00e0 d\u00e9couvrir notre belle r\u00e9gion","publisher":{"@id":"https:\/\/www.lamaisonduguil.com\/blog\/#organization"},"potentialAction":[{"@type":"SearchAction","target":{"@type":"EntryPoint","urlTemplate":"https:\/\/www.lamaisonduguil.com\/blog\/?s={search_term_string}"},"query-input":{"@type":"PropertyValueSpecification","valueRequired":true,"valueName":"search_term_string"}}],"inLanguage":"fr-FR"},{"@type":"Organization","@id":"https:\/\/www.lamaisonduguil.com\/blog\/#organization","name":"La Maison du Guil - Le Blog","url":"https:\/\/www.lamaisonduguil.com\/blog\/","logo":{"@type":"ImageObject","inLanguage":"fr-FR","@id":"https:\/\/www.lamaisonduguil.com\/blog\/#\/schema\/logo\/image\/","url":"https:\/\/www.lamaisonduguil.com\/blog\/wp-content\/uploads\/2016\/09\/logo2.gif","contentUrl":"https:\/\/www.lamaisonduguil.com\/blog\/wp-content\/uploads\/2016\/09\/logo2.gif","width":207,"height":207,"caption":"La Maison du Guil - Le Blog"},"image":{"@id":"https:\/\/www.lamaisonduguil.com\/blog\/#\/schema\/logo\/image\/"},"sameAs":["http:\/\/www.facebook.com\/lamaisonduguil"]},{"@type":"Person","@id":"https:\/\/www.lamaisonduguil.com\/blog\/#\/schema\/person\/629208c2fb7759244c3fbe06c0bc3713","name":"Tom","image":{"@type":"ImageObject","inLanguage":"fr-FR","@id":"https:\/\/secure.gravatar.com\/avatar\/5f0fbdeab05c9050198d8e098c31cf87ec88fb8b615fd68e88c27383c80ccf81?s=96&d=mm&r=g","url":"https:\/\/secure.gravatar.com\/avatar\/5f0fbdeab05c9050198d8e098c31cf87ec88fb8b615fd68e88c27383c80ccf81?s=96&d=mm&r=g","contentUrl":"https:\/\/secure.gravatar.com\/avatar\/5f0fbdeab05c9050198d8e098c31cf87ec88fb8b615fd68e88c27383c80ccf81?s=96&d=mm&r=g","caption":"Tom"},"sameAs":["https:\/\/www.lamaisonduguil.com"]}]}},"_links":{"self":[{"href":"https:\/\/www.lamaisonduguil.com\/blog\/wp-json\/wp\/v2\/posts\/1263","targetHints":{"allow":["GET"]}}],"collection":[{"href":"https:\/\/www.lamaisonduguil.com\/blog\/wp-json\/wp\/v2\/posts"}],"about":[{"href":"https:\/\/www.lamaisonduguil.com\/blog\/wp-json\/wp\/v2\/types\/post"}],"author":[{"embeddable":true,"href":"https:\/\/www.lamaisonduguil.com\/blog\/wp-json\/wp\/v2\/users\/2"}],"replies":[{"embeddable":true,"href":"https:\/\/www.lamaisonduguil.com\/blog\/wp-json\/wp\/v2\/comments?post=1263"}],"version-history":[{"count":0,"href":"https:\/\/www.lamaisonduguil.com\/blog\/wp-json\/wp\/v2\/posts\/1263\/revisions"}],"wp:attachment":[{"href":"https:\/\/www.lamaisonduguil.com\/blog\/wp-json\/wp\/v2\/media?parent=1263"}],"wp:term":[{"taxonomy":"category","embeddable":true,"href":"https:\/\/www.lamaisonduguil.com\/blog\/wp-json\/wp\/v2\/categories?post=1263"},{"taxonomy":"post_tag","embeddable":true,"href":"https:\/\/www.lamaisonduguil.com\/blog\/wp-json\/wp\/v2\/tags?post=1263"}],"curies":[{"name":"wp","href":"https:\/\/api.w.org\/{rel}","templated":true}]}}