{"id":21,"date":"2016-10-21T20:15:38","date_gmt":"2016-10-21T18:15:38","guid":{"rendered":"http:\/\/www.lamaisonduguil.com\/blog\/?p=21"},"modified":"2019-04-09T01:33:30","modified_gmt":"2019-04-08T23:33:30","slug":"lete-indien-dans-les-hautes-alpes","status":"publish","type":"post","link":"https:\/\/www.lamaisonduguil.com\/blog\/lete-indien-dans-les-hautes-alpes\/","title":{"rendered":"L&rsquo;Et\u00e9 Indien dans les Hautes Alpes"},"content":{"rendered":"<p>Il n&rsquo;y a pas de plus grand bonheur que de commencer ce blog sur notre belle r\u00e9gion, qu&rsquo;avec un article sur <strong>l&rsquo;automne dans les Hautes Alpes<\/strong>. &nbsp;Une saison qui m\u00e9rite la comparaison avec l&rsquo;<strong>Et\u00e9 Indien<\/strong> en Am\u00e9rique du Nord. &nbsp;<\/p>\n<h2>Les couleurs d&rsquo;automne<\/h2>\n<p>Les <strong>couleurs<\/strong> sont intenses, les <strong>paysages<\/strong> et les vues \u00e0 couper le souffle, le tout compl\u00e9t\u00e9 avec un ciel d&rsquo;un bleu presque incroyable. &nbsp;<\/p>\n<p>Les temp\u00e9ratures sont tr\u00e8s agr\u00e9ables et parfois, comme cette ann\u00e9e, la neige arrive un peu plus t\u00f4t sur les sommets, et du coup les contrastes sont encore plus impressionnants entre le bleu du ciel, le blanc de la neige sur les sommets, et l&rsquo;abondance de verts, jaunes, oranges, rouges des feuilles d&rsquo;automne.<\/p>\n<p>Chaque vall\u00e9e, chaque coin de cette r\u00e9gion montre diff\u00e9rentes facettes de <strong>l&rsquo;\u00e9t\u00e9 indien des Hautes Alpes<\/strong>.<\/p>\n<h2>Le Parc des Ecrins<\/h2>\n<p><strong>La vall\u00e9e du Fournel<\/strong> est accessible \u00e0 partir de l&rsquo;Argenti\u00e8re la Bess\u00e9e. &nbsp;Vous passez les mines d&rsquo;argent, et vous entrez dans le <strong>Parc des Ecrins<\/strong>, dans une vall\u00e9e sauvage. &nbsp;Beaucoup de diff\u00e9rents types d&rsquo;arbres, au bout du chemin des m\u00e9l\u00e8zes.<\/p>\n<figure id=\"attachment_32\" aria-describedby=\"caption-attachment-32\" style=\"width: 2448px\" class=\"wp-caption alignleft\"><a href=\"http:\/\/www.lamaisonduguil.com\/blog\/index.php\/2016\/10\/21\/lete-indien-dans-les-hautes-alpes\/img_3565\/\" rel=\"attachment wp-att-32\"><img fetchpriority=\"high\" decoding=\"async\" class=\"size-full wp-image-32\" src=\"http:\/\/www.lamaisonduguil.com\/blog\/wp-content\/uploads\/2016\/10\/IMG_3565.jpg\" alt=\"La vall\u00e9e du Fournel en Automne\" width=\"2448\" height=\"2448\"><\/a><figcaption id=\"caption-attachment-32\" class=\"wp-caption-text\">La vall\u00e9e du Fournel en Automne<\/figcaption><\/figure>\n<figure id=\"attachment_30\" aria-describedby=\"caption-attachment-30\" style=\"width: 2448px\" class=\"wp-caption alignleft\"><a href=\"http:\/\/www.lamaisonduguil.com\/blog\/index.php\/2016\/10\/21\/lete-indien-dans-les-hautes-alpes\/img_3563\/\" rel=\"attachment wp-att-30\"><img decoding=\"async\" class=\"size-full wp-image-30\" src=\"http:\/\/www.lamaisonduguil.com\/blog\/wp-content\/uploads\/2016\/10\/IMG_3563.jpg\" alt=\"La vall\u00e9e du Fournel en automne\" width=\"2448\" height=\"2448\"><\/a><figcaption id=\"caption-attachment-30\" class=\"wp-caption-text\">La vall\u00e9e du Fournel en automne<\/figcaption><\/figure>\n<figure id=\"attachment_31\" aria-describedby=\"caption-attachment-31\" style=\"width: 2448px\" class=\"wp-caption alignleft\"><a href=\"http:\/\/www.lamaisonduguil.com\/blog\/index.php\/2016\/10\/21\/lete-indien-dans-les-hautes-alpes\/img_3564\/\" rel=\"attachment wp-att-31\"><img decoding=\"async\" class=\"size-full wp-image-31\" src=\"http:\/\/www.lamaisonduguil.com\/blog\/wp-content\/uploads\/2016\/10\/IMG_3564.jpg\" alt=\"La vall\u00e9e du Fournel en automne\" width=\"2448\" height=\"2448\"><\/a><figcaption id=\"caption-attachment-31\" class=\"wp-caption-text\">La vall\u00e9e du Fournel en automne<\/figcaption><\/figure>\n<p>&nbsp;<\/p>\n<p>&nbsp;<\/p>\n<p><strong>La vall\u00e9e de Freissini\u00e8res<\/strong>, qui m\u00e8ne au village de <strong>Dormillouse<\/strong>, se trouve \u00e9galement dans le parc des Ecrins, \u00e0 c\u00f4t\u00e9 de la vall\u00e9e du Fournel, en parall\u00e8le avec ce dernier. &nbsp;<\/p>\n<p>Quelques villages et hameaux au d\u00e9but de la vall\u00e9e, qui devient de plus en plus d\u00e9sert\u00e9 d\u00e9s qu&rsquo;on progresse vers le parking au fond de la vall\u00e9e. &nbsp;<\/p>\n<p>M\u00eame si cette vall\u00e9e se trouve en parall\u00e8le de la vall\u00e9e du Fournel, la v\u00e9g\u00e9tation est tr\u00e8s diff\u00e9rente, et donc les couleurs d&rsquo;automne le sont \u00e9galement. &nbsp;Des jolis cascades en cours de route, le bruit du torrent, un petit paradis.<\/p>\n<p>Une vall\u00e9e avec un microclimat tr\u00e8s diff\u00e9rent, tr\u00e8s froids en hiver. &nbsp;En partant ce mi-Octobre, de la Font d&rsquo;Eygliers o\u00f9 \u00e0 15h il faisait encore 15\u00b0, on est arriv\u00e9 au dernier parking de la vall\u00e9e de Freissini\u00e8res avec une temp\u00e9rature de -1\u00b0. &nbsp;C&rsquo;est le moment d&rsquo;aller profiter de cette vall\u00e9e, avant que la route soit barr\u00e9e avec l&rsquo;arriv\u00e9 de l&rsquo;hiver.<\/p>\n<figure id=\"attachment_25\" aria-describedby=\"caption-attachment-25\" style=\"width: 2448px\" class=\"wp-caption alignleft\"><a href=\"http:\/\/www.lamaisonduguil.com\/blog\/index.php\/2016\/10\/21\/lete-indien-dans-les-hautes-alpes\/automne13\/\" rel=\"attachment wp-att-25\"><img loading=\"lazy\" decoding=\"async\" class=\"size-full wp-image-25\" src=\"http:\/\/www.lamaisonduguil.com\/blog\/wp-content\/uploads\/2016\/10\/Automne13.jpg\" alt=\"Automne dans la vall\u00e9e de Freissini\u00e8res\" width=\"2448\" height=\"2448\"><\/a><figcaption id=\"caption-attachment-25\" class=\"wp-caption-text\">Automne dans la vall\u00e9e de Freissini\u00e8res<\/figcaption><\/figure>\n<figure id=\"attachment_24\" aria-describedby=\"caption-attachment-24\" style=\"width: 2448px\" class=\"wp-caption alignleft\"><a href=\"http:\/\/www.lamaisonduguil.com\/blog\/index.php\/2016\/10\/21\/lete-indien-dans-les-hautes-alpes\/automne12\/\" rel=\"attachment wp-att-24\"><img loading=\"lazy\" decoding=\"async\" class=\"size-full wp-image-24\" src=\"http:\/\/www.lamaisonduguil.com\/blog\/wp-content\/uploads\/2016\/10\/Automne12.jpg\" alt=\"Automne dans la vall\u00e9e de Freissini\u00e8res\" width=\"2448\" height=\"2448\"><\/a><figcaption id=\"caption-attachment-24\" class=\"wp-caption-text\">Automne dans la vall\u00e9e de Freissini\u00e8res<\/figcaption><\/figure>\n<h2>L&rsquo;automne \u00e0 la Font d&rsquo;Eygliers<\/h2>\n<p>Pour admirer les couleurs d&rsquo;automne, il ne faut m\u00eame pas aller tr\u00e8s loin. &nbsp;D\u00e9j\u00e0 autour du hameau de <strong>la Font d&rsquo;Eygliers<\/strong>, les couleurs sont impressionnants. &nbsp;La Font d&rsquo;Eygliers, sur un flanc de la montagne plein sud, bien ensoleill\u00e9, un coin pr\u00e9f\u00e9r\u00e9 pour des petites balades du dimanche. &nbsp;<\/p>\n<p>Dans le <a href=\"https:\/\/www.lamaisonduguil.com\/blog\/lete-indien-dans-les-hautes-alpes-le-queyras\/\">Queyras<\/a> aussi, les couleurs d&rsquo;automne sont omnipr\u00e9sent. &nbsp;<\/p>\n<p>Une vue sur<strong> la vall\u00e9e du Guil<\/strong> et \u00ab\u00a0le plateau des Milles Vents\u00a0\u00bb, o\u00f9 se trouve <strong>Mont Dauphin<\/strong> et les sommets blanc tout autour. &nbsp;Un aper\u00e7u.<\/p>\n<figure id=\"attachment_49\" aria-describedby=\"caption-attachment-49\" style=\"width: 2448px\" class=\"wp-caption alignleft\"><a href=\"http:\/\/www.lamaisonduguil.com\/blog\/index.php\/2016\/10\/22\/la-font-deygliers\/img_3656-2\/\" rel=\"attachment wp-att-49\"><img loading=\"lazy\" decoding=\"async\" class=\"size-full wp-image-49\" src=\"http:\/\/www.lamaisonduguil.com\/blog\/wp-content\/uploads\/2016\/10\/IMG_3656-1.jpg\" alt=\"Vue d'automne sur la Font d'Eygliers\" width=\"2448\" height=\"2448\"><\/a><figcaption id=\"caption-attachment-49\" class=\"wp-caption-text\">Vue d&rsquo;automne sur la Font d&rsquo;Eygliers<\/figcaption><\/figure>\n<figure id=\"attachment_23\" aria-describedby=\"caption-attachment-23\" style=\"width: 3077px\" class=\"wp-caption alignleft\"><a href=\"http:\/\/www.lamaisonduguil.com\/blog\/index.php\/2016\/10\/21\/lete-indien-dans-les-hautes-alpes\/automne11\/\" rel=\"attachment wp-att-23\"><img loading=\"lazy\" decoding=\"async\" class=\"size-full wp-image-23\" src=\"http:\/\/www.lamaisonduguil.com\/blog\/wp-content\/uploads\/2016\/10\/Automne11.jpg\" alt=\"Automne autour de la Font d'Eygliers\" width=\"3077\" height=\"2346\"><\/a><figcaption id=\"caption-attachment-23\" class=\"wp-caption-text\">Automne autour de la Font d&rsquo;Eygliers<\/figcaption><\/figure>\n<figure id=\"attachment_28\" aria-describedby=\"caption-attachment-28\" style=\"width: 3264px\" class=\"wp-caption alignleft\"><a href=\"http:\/\/www.lamaisonduguil.com\/blog\/index.php\/2016\/10\/21\/lete-indien-dans-les-hautes-alpes\/automne17\/\" rel=\"attachment wp-att-28\"><img loading=\"lazy\" decoding=\"async\" class=\"size-full wp-image-28\" src=\"http:\/\/www.lamaisonduguil.com\/blog\/wp-content\/uploads\/2016\/10\/Automne17.jpg\" alt=\"L'automne autour de la Font d'Eygliers\" width=\"3264\" height=\"2448\"><\/a><figcaption id=\"caption-attachment-28\" class=\"wp-caption-text\">L&rsquo;automne autour de la Font d&rsquo;Eygliers<\/figcaption><\/figure>\n<figure id=\"attachment_22\" aria-describedby=\"caption-attachment-22\" style=\"width: 3264px\" class=\"wp-caption alignleft\"><a href=\"http:\/\/www.lamaisonduguil.com\/blog\/index.php\/2016\/10\/21\/lete-indien-dans-les-hautes-alpes\/automne10\/\" rel=\"attachment wp-att-22\"><img loading=\"lazy\" decoding=\"async\" class=\"size-full wp-image-22\" src=\"http:\/\/www.lamaisonduguil.com\/blog\/wp-content\/uploads\/2016\/10\/Automne10.jpg\" alt=\"Automne autour de la Font d'Eygliers\" width=\"3264\" height=\"2448\"><\/a><figcaption id=\"caption-attachment-22\" class=\"wp-caption-text\">Automne autour de la Font d&rsquo;Eygliers<\/figcaption><\/figure>\n<p>&nbsp;<\/p>\n<p>&nbsp;<\/p>\n","protected":false},"excerpt":{"rendered":"<p>Il n&rsquo;y a pas de plus grand bonheur que de commencer ce blog sur notre belle r\u00e9gion, qu&rsquo;avec un article sur l&rsquo;automne dans les Hautes Alpes. &nbsp;Une saison qui m\u00e9rite la comparaison avec l&rsquo;Et\u00e9 Indien en Am\u00e9rique du Nord. &nbsp; Les couleurs d&rsquo;automne Les couleurs sont intenses, les paysages et les vues \u00e0 couper le [&hellip;]<\/p>\n","protected":false},"author":2,"featured_media":24,"comment_status":"open","ping_status":"open","sticky":false,"template":"","format":"standard","meta":{"site-sidebar-layout":"default","site-content-layout":"","ast-site-content-layout":"default","site-content-style":"default","site-sidebar-style":"default","ast-global-header-display":"","ast-banner-title-visibility":"","ast-main-header-display":"","ast-hfb-above-header-display":"","ast-hfb-below-header-display":"","ast-hfb-mobile-header-display":"","site-post-title":"","ast-breadcrumbs-content":"","ast-featured-img":"","footer-sml-layout":"","theme-transparent-header-meta":"","adv-header-id-meta":"","stick-header-meta":"","header-above-stick-meta":"","header-main-stick-meta":"","header-below-stick-meta":"","astra-migrate-meta-layouts":"default","ast-page-background-enabled":"default","ast-page-background-meta":{"desktop":{"background-color":"","background-image":"","background-repeat":"repeat","background-position":"center center","background-size":"auto","background-attachment":"scroll","background-type":"","background-media":"","overlay-type":"","overlay-color":"","overlay-opacity":"","overlay-gradient":""},"tablet":{"background-color":"","background-image":"","background-repeat":"repeat","background-position":"center center","background-size":"auto","background-attachment":"scroll","background-type":"","background-media":"","overlay-type":"","overlay-color":"","overlay-opacity":"","overlay-gradient":""},"mobile":{"background-color":"","background-image":"","background-repeat":"repeat","background-position":"center center","background-size":"auto","background-attachment":"scroll","background-type":"","background-media":"","overlay-type":"","overlay-color":"","overlay-opacity":"","overlay-gradient":""}},"ast-content-background-meta":{"desktop":{"background-color":"var(--ast-global-color-5)","background-image":"","background-repeat":"repeat","background-position":"center center","background-size":"auto","background-attachment":"scroll","background-type":"","background-media":"","overlay-type":"","overlay-color":"","overlay-opacity":"","overlay-gradient":""},"tablet":{"background-color":"var(--ast-global-color-5)","background-image":"","background-repeat":"repeat","background-position":"center center","background-size":"auto","background-attachment":"scroll","background-type":"","background-media":"","overlay-type":"","overlay-color":"","overlay-opacity":"","overlay-gradient":""},"mobile":{"background-color":"var(--ast-global-color-5)","background-image":"","background-repeat":"repeat","background-position":"center center","background-size":"auto","background-attachment":"scroll","background-type":"","background-media":"","overlay-type":"","overlay-color":"","overlay-opacity":"","overlay-gradient":""}},"ngg_post_thumbnail":0,"footnotes":""},"categories":[2,55],"tags":[4,7,56,8,3,9],"class_list":["post-21","post","type-post","status-publish","format-standard","has-post-thumbnail","hentry","category-automne-dans-les-hautes-alpes","category-francais","tag-automne","tag-fournel","tag-francais","tag-freissinieres","tag-hautesalpes","tag-la-font-deygliers"],"yoast_head":"<!-- This site is optimized with the Yoast SEO plugin v27.5 - https:\/\/yoast.com\/product\/yoast-seo-wordpress\/ -->\n<title>L&#039;Et\u00e9 Indien dans les Hautes Alpes - La Maison du Guil - Le Blog<\/title>\n<meta name=\"description\" content=\"L&#039;automne dans les Hautes Alpes, le Queyras, les Ecrins et autour de la Font d&#039;Eygliers, une explosion de couleurs comme dans un vrai \u00e9t\u00e9 indien.\" \/>\n<meta name=\"robots\" content=\"index, follow, max-snippet:-1, max-image-preview:large, max-video-preview:-1\" \/>\n<link rel=\"canonical\" href=\"https:\/\/www.lamaisonduguil.com\/blog\/lete-indien-dans-les-hautes-alpes\/\" \/>\n<meta property=\"og:locale\" content=\"fr_FR\" \/>\n<meta property=\"og:type\" content=\"article\" \/>\n<meta property=\"og:title\" content=\"L&#039;Et\u00e9 Indien dans les Hautes Alpes - La Maison du Guil - Le Blog\" \/>\n<meta property=\"og:description\" content=\"L&#039;automne dans les Hautes Alpes, le Queyras, les Ecrins et autour de la Font d&#039;Eygliers, une explosion de couleurs comme dans un vrai \u00e9t\u00e9 indien.\" \/>\n<meta property=\"og:url\" content=\"https:\/\/www.lamaisonduguil.com\/blog\/lete-indien-dans-les-hautes-alpes\/\" \/>\n<meta property=\"og:site_name\" content=\"La Maison du Guil - Le Blog\" \/>\n<meta property=\"article:publisher\" content=\"http:\/\/www.facebook.com\/lamaisonduguil\" \/>\n<meta property=\"article:published_time\" content=\"2016-10-21T18:15:38+00:00\" \/>\n<meta property=\"article:modified_time\" content=\"2019-04-08T23:33:30+00:00\" \/>\n<meta property=\"og:image\" content=\"https:\/\/www.lamaisonduguil.com\/blog\/wp-content\/uploads\/2016\/10\/Automne12-e1518684647588.jpg\" \/>\n\t<meta property=\"og:image:width\" content=\"1800\" \/>\n\t<meta property=\"og:image:height\" content=\"1800\" \/>\n\t<meta property=\"og:image:type\" content=\"image\/jpeg\" \/>\n<meta name=\"author\" content=\"Tom\" \/>\n<meta name=\"twitter:card\" content=\"summary_large_image\" \/>\n<meta name=\"twitter:label1\" content=\"\u00c9crit par\" \/>\n\t<meta name=\"twitter:data1\" content=\"Tom\" \/>\n\t<meta name=\"twitter:label2\" content=\"Dur\u00e9e de lecture estim\u00e9e\" \/>\n\t<meta name=\"twitter:data2\" content=\"3 minutes\" \/>\n<script type=\"application\/ld+json\" class=\"yoast-schema-graph\">{\"@context\":\"https:\\\/\\\/schema.org\",\"@graph\":[{\"@type\":\"Article\",\"@id\":\"https:\\\/\\\/www.lamaisonduguil.com\\\/blog\\\/lete-indien-dans-les-hautes-alpes\\\/#article\",\"isPartOf\":{\"@id\":\"https:\\\/\\\/www.lamaisonduguil.com\\\/blog\\\/lete-indien-dans-les-hautes-alpes\\\/\"},\"author\":{\"name\":\"Tom\",\"@id\":\"https:\\\/\\\/www.lamaisonduguil.com\\\/blog\\\/#\\\/schema\\\/person\\\/629208c2fb7759244c3fbe06c0bc3713\"},\"headline\":\"L&rsquo;Et\u00e9 Indien dans les Hautes Alpes\",\"datePublished\":\"2016-10-21T18:15:38+00:00\",\"dateModified\":\"2019-04-08T23:33:30+00:00\",\"mainEntityOfPage\":{\"@id\":\"https:\\\/\\\/www.lamaisonduguil.com\\\/blog\\\/lete-indien-dans-les-hautes-alpes\\\/\"},\"wordCount\":620,\"commentCount\":3,\"publisher\":{\"@id\":\"https:\\\/\\\/www.lamaisonduguil.com\\\/blog\\\/#organization\"},\"image\":{\"@id\":\"https:\\\/\\\/www.lamaisonduguil.com\\\/blog\\\/lete-indien-dans-les-hautes-alpes\\\/#primaryimage\"},\"thumbnailUrl\":\"https:\\\/\\\/www.lamaisonduguil.com\\\/blog\\\/wp-content\\\/uploads\\\/2016\\\/10\\\/Automne12-e1518684647588.jpg\",\"keywords\":[\"Automne\",\"Fournel\",\"Fran\u00e7ais\",\"Freissini\u00e8res\",\"Hautes Alpes\",\"La Font d'Eygliers\"],\"articleSection\":[\"Automne dans les Hautes Alpes\",\"Fran\u00e7ais\"],\"inLanguage\":\"fr-FR\",\"potentialAction\":[{\"@type\":\"CommentAction\",\"name\":\"Comment\",\"target\":[\"https:\\\/\\\/www.lamaisonduguil.com\\\/blog\\\/lete-indien-dans-les-hautes-alpes\\\/#respond\"]}]},{\"@type\":\"WebPage\",\"@id\":\"https:\\\/\\\/www.lamaisonduguil.com\\\/blog\\\/lete-indien-dans-les-hautes-alpes\\\/\",\"url\":\"https:\\\/\\\/www.lamaisonduguil.com\\\/blog\\\/lete-indien-dans-les-hautes-alpes\\\/\",\"name\":\"L'Et\u00e9 Indien dans les Hautes Alpes - La Maison du Guil - Le Blog\",\"isPartOf\":{\"@id\":\"https:\\\/\\\/www.lamaisonduguil.com\\\/blog\\\/#website\"},\"primaryImageOfPage\":{\"@id\":\"https:\\\/\\\/www.lamaisonduguil.com\\\/blog\\\/lete-indien-dans-les-hautes-alpes\\\/#primaryimage\"},\"image\":{\"@id\":\"https:\\\/\\\/www.lamaisonduguil.com\\\/blog\\\/lete-indien-dans-les-hautes-alpes\\\/#primaryimage\"},\"thumbnailUrl\":\"https:\\\/\\\/www.lamaisonduguil.com\\\/blog\\\/wp-content\\\/uploads\\\/2016\\\/10\\\/Automne12-e1518684647588.jpg\",\"datePublished\":\"2016-10-21T18:15:38+00:00\",\"dateModified\":\"2019-04-08T23:33:30+00:00\",\"description\":\"L'automne dans les Hautes Alpes, le Queyras, les Ecrins et autour de la Font d'Eygliers, une explosion de couleurs comme dans un vrai \u00e9t\u00e9 indien.\",\"breadcrumb\":{\"@id\":\"https:\\\/\\\/www.lamaisonduguil.com\\\/blog\\\/lete-indien-dans-les-hautes-alpes\\\/#breadcrumb\"},\"inLanguage\":\"fr-FR\",\"potentialAction\":[{\"@type\":\"ReadAction\",\"target\":[\"https:\\\/\\\/www.lamaisonduguil.com\\\/blog\\\/lete-indien-dans-les-hautes-alpes\\\/\"]}]},{\"@type\":\"ImageObject\",\"inLanguage\":\"fr-FR\",\"@id\":\"https:\\\/\\\/www.lamaisonduguil.com\\\/blog\\\/lete-indien-dans-les-hautes-alpes\\\/#primaryimage\",\"url\":\"https:\\\/\\\/www.lamaisonduguil.com\\\/blog\\\/wp-content\\\/uploads\\\/2016\\\/10\\\/Automne12-e1518684647588.jpg\",\"contentUrl\":\"https:\\\/\\\/www.lamaisonduguil.com\\\/blog\\\/wp-content\\\/uploads\\\/2016\\\/10\\\/Automne12-e1518684647588.jpg\",\"width\":1800,\"height\":1800,\"caption\":\"Automne dans la vall\u00e9e de Freissini\u00e8res\"},{\"@type\":\"BreadcrumbList\",\"@id\":\"https:\\\/\\\/www.lamaisonduguil.com\\\/blog\\\/lete-indien-dans-les-hautes-alpes\\\/#breadcrumb\",\"itemListElement\":[{\"@type\":\"ListItem\",\"position\":1,\"name\":\"Accueil\",\"item\":\"https:\\\/\\\/www.lamaisonduguil.com\\\/blog\\\/\"},{\"@type\":\"ListItem\",\"position\":2,\"name\":\"L&rsquo;Et\u00e9 Indien dans les Hautes Alpes\"}]},{\"@type\":\"WebSite\",\"@id\":\"https:\\\/\\\/www.lamaisonduguil.com\\\/blog\\\/#website\",\"url\":\"https:\\\/\\\/www.lamaisonduguil.com\\\/blog\\\/\",\"name\":\"La Maison du Guil - Le Blog\",\"description\":\"Un blog pour vous aider \u00e0 d\u00e9couvrir notre belle r\u00e9gion\",\"publisher\":{\"@id\":\"https:\\\/\\\/www.lamaisonduguil.com\\\/blog\\\/#organization\"},\"potentialAction\":[{\"@type\":\"SearchAction\",\"target\":{\"@type\":\"EntryPoint\",\"urlTemplate\":\"https:\\\/\\\/www.lamaisonduguil.com\\\/blog\\\/?s={search_term_string}\"},\"query-input\":{\"@type\":\"PropertyValueSpecification\",\"valueRequired\":true,\"valueName\":\"search_term_string\"}}],\"inLanguage\":\"fr-FR\"},{\"@type\":\"Organization\",\"@id\":\"https:\\\/\\\/www.lamaisonduguil.com\\\/blog\\\/#organization\",\"name\":\"La Maison du Guil - Le Blog\",\"url\":\"https:\\\/\\\/www.lamaisonduguil.com\\\/blog\\\/\",\"logo\":{\"@type\":\"ImageObject\",\"inLanguage\":\"fr-FR\",\"@id\":\"https:\\\/\\\/www.lamaisonduguil.com\\\/blog\\\/#\\\/schema\\\/logo\\\/image\\\/\",\"url\":\"https:\\\/\\\/www.lamaisonduguil.com\\\/blog\\\/wp-content\\\/uploads\\\/2016\\\/09\\\/logo2.gif\",\"contentUrl\":\"https:\\\/\\\/www.lamaisonduguil.com\\\/blog\\\/wp-content\\\/uploads\\\/2016\\\/09\\\/logo2.gif\",\"width\":207,\"height\":207,\"caption\":\"La Maison du Guil - Le Blog\"},\"image\":{\"@id\":\"https:\\\/\\\/www.lamaisonduguil.com\\\/blog\\\/#\\\/schema\\\/logo\\\/image\\\/\"},\"sameAs\":[\"http:\\\/\\\/www.facebook.com\\\/lamaisonduguil\"]},{\"@type\":\"Person\",\"@id\":\"https:\\\/\\\/www.lamaisonduguil.com\\\/blog\\\/#\\\/schema\\\/person\\\/629208c2fb7759244c3fbe06c0bc3713\",\"name\":\"Tom\",\"image\":{\"@type\":\"ImageObject\",\"inLanguage\":\"fr-FR\",\"@id\":\"https:\\\/\\\/secure.gravatar.com\\\/avatar\\\/5f0fbdeab05c9050198d8e098c31cf87ec88fb8b615fd68e88c27383c80ccf81?s=96&d=mm&r=g\",\"url\":\"https:\\\/\\\/secure.gravatar.com\\\/avatar\\\/5f0fbdeab05c9050198d8e098c31cf87ec88fb8b615fd68e88c27383c80ccf81?s=96&d=mm&r=g\",\"contentUrl\":\"https:\\\/\\\/secure.gravatar.com\\\/avatar\\\/5f0fbdeab05c9050198d8e098c31cf87ec88fb8b615fd68e88c27383c80ccf81?s=96&d=mm&r=g\",\"caption\":\"Tom\"},\"sameAs\":[\"https:\\\/\\\/www.lamaisonduguil.com\"]}]}<\/script>\n<!-- \/ Yoast SEO plugin. -->","yoast_head_json":{"title":"L'Et\u00e9 Indien dans les Hautes Alpes - La Maison du Guil - Le Blog","description":"L'automne dans les Hautes Alpes, le Queyras, les Ecrins et autour de la Font d'Eygliers, une explosion de couleurs comme dans un vrai \u00e9t\u00e9 indien.","robots":{"index":"index","follow":"follow","max-snippet":"max-snippet:-1","max-image-preview":"max-image-preview:large","max-video-preview":"max-video-preview:-1"},"canonical":"https:\/\/www.lamaisonduguil.com\/blog\/lete-indien-dans-les-hautes-alpes\/","og_locale":"fr_FR","og_type":"article","og_title":"L'Et\u00e9 Indien dans les Hautes Alpes - La Maison du Guil - Le Blog","og_description":"L'automne dans les Hautes Alpes, le Queyras, les Ecrins et autour de la Font d'Eygliers, une explosion de couleurs comme dans un vrai \u00e9t\u00e9 indien.","og_url":"https:\/\/www.lamaisonduguil.com\/blog\/lete-indien-dans-les-hautes-alpes\/","og_site_name":"La Maison du Guil - Le Blog","article_publisher":"http:\/\/www.facebook.com\/lamaisonduguil","article_published_time":"2016-10-21T18:15:38+00:00","article_modified_time":"2019-04-08T23:33:30+00:00","og_image":[{"width":1800,"height":1800,"url":"https:\/\/www.lamaisonduguil.com\/blog\/wp-content\/uploads\/2016\/10\/Automne12-e1518684647588.jpg","type":"image\/jpeg"}],"author":"Tom","twitter_card":"summary_large_image","twitter_misc":{"\u00c9crit par":"Tom","Dur\u00e9e de lecture estim\u00e9e":"3 minutes"},"schema":{"@context":"https:\/\/schema.org","@graph":[{"@type":"Article","@id":"https:\/\/www.lamaisonduguil.com\/blog\/lete-indien-dans-les-hautes-alpes\/#article","isPartOf":{"@id":"https:\/\/www.lamaisonduguil.com\/blog\/lete-indien-dans-les-hautes-alpes\/"},"author":{"name":"Tom","@id":"https:\/\/www.lamaisonduguil.com\/blog\/#\/schema\/person\/629208c2fb7759244c3fbe06c0bc3713"},"headline":"L&rsquo;Et\u00e9 Indien dans les Hautes Alpes","datePublished":"2016-10-21T18:15:38+00:00","dateModified":"2019-04-08T23:33:30+00:00","mainEntityOfPage":{"@id":"https:\/\/www.lamaisonduguil.com\/blog\/lete-indien-dans-les-hautes-alpes\/"},"wordCount":620,"commentCount":3,"publisher":{"@id":"https:\/\/www.lamaisonduguil.com\/blog\/#organization"},"image":{"@id":"https:\/\/www.lamaisonduguil.com\/blog\/lete-indien-dans-les-hautes-alpes\/#primaryimage"},"thumbnailUrl":"https:\/\/www.lamaisonduguil.com\/blog\/wp-content\/uploads\/2016\/10\/Automne12-e1518684647588.jpg","keywords":["Automne","Fournel","Fran\u00e7ais","Freissini\u00e8res","Hautes Alpes","La Font d'Eygliers"],"articleSection":["Automne dans les Hautes Alpes","Fran\u00e7ais"],"inLanguage":"fr-FR","potentialAction":[{"@type":"CommentAction","name":"Comment","target":["https:\/\/www.lamaisonduguil.com\/blog\/lete-indien-dans-les-hautes-alpes\/#respond"]}]},{"@type":"WebPage","@id":"https:\/\/www.lamaisonduguil.com\/blog\/lete-indien-dans-les-hautes-alpes\/","url":"https:\/\/www.lamaisonduguil.com\/blog\/lete-indien-dans-les-hautes-alpes\/","name":"L'Et\u00e9 Indien dans les Hautes Alpes - La Maison du Guil - Le Blog","isPartOf":{"@id":"https:\/\/www.lamaisonduguil.com\/blog\/#website"},"primaryImageOfPage":{"@id":"https:\/\/www.lamaisonduguil.com\/blog\/lete-indien-dans-les-hautes-alpes\/#primaryimage"},"image":{"@id":"https:\/\/www.lamaisonduguil.com\/blog\/lete-indien-dans-les-hautes-alpes\/#primaryimage"},"thumbnailUrl":"https:\/\/www.lamaisonduguil.com\/blog\/wp-content\/uploads\/2016\/10\/Automne12-e1518684647588.jpg","datePublished":"2016-10-21T18:15:38+00:00","dateModified":"2019-04-08T23:33:30+00:00","description":"L'automne dans les Hautes Alpes, le Queyras, les Ecrins et autour de la Font d'Eygliers, une explosion de couleurs comme dans un vrai \u00e9t\u00e9 indien.","breadcrumb":{"@id":"https:\/\/www.lamaisonduguil.com\/blog\/lete-indien-dans-les-hautes-alpes\/#breadcrumb"},"inLanguage":"fr-FR","potentialAction":[{"@type":"ReadAction","target":["https:\/\/www.lamaisonduguil.com\/blog\/lete-indien-dans-les-hautes-alpes\/"]}]},{"@type":"ImageObject","inLanguage":"fr-FR","@id":"https:\/\/www.lamaisonduguil.com\/blog\/lete-indien-dans-les-hautes-alpes\/#primaryimage","url":"https:\/\/www.lamaisonduguil.com\/blog\/wp-content\/uploads\/2016\/10\/Automne12-e1518684647588.jpg","contentUrl":"https:\/\/www.lamaisonduguil.com\/blog\/wp-content\/uploads\/2016\/10\/Automne12-e1518684647588.jpg","width":1800,"height":1800,"caption":"Automne dans la vall\u00e9e de Freissini\u00e8res"},{"@type":"BreadcrumbList","@id":"https:\/\/www.lamaisonduguil.com\/blog\/lete-indien-dans-les-hautes-alpes\/#breadcrumb","itemListElement":[{"@type":"ListItem","position":1,"name":"Accueil","item":"https:\/\/www.lamaisonduguil.com\/blog\/"},{"@type":"ListItem","position":2,"name":"L&rsquo;Et\u00e9 Indien dans les Hautes Alpes"}]},{"@type":"WebSite","@id":"https:\/\/www.lamaisonduguil.com\/blog\/#website","url":"https:\/\/www.lamaisonduguil.com\/blog\/","name":"La Maison du Guil - Le Blog","description":"Un blog pour vous aider \u00e0 d\u00e9couvrir notre belle r\u00e9gion","publisher":{"@id":"https:\/\/www.lamaisonduguil.com\/blog\/#organization"},"potentialAction":[{"@type":"SearchAction","target":{"@type":"EntryPoint","urlTemplate":"https:\/\/www.lamaisonduguil.com\/blog\/?s={search_term_string}"},"query-input":{"@type":"PropertyValueSpecification","valueRequired":true,"valueName":"search_term_string"}}],"inLanguage":"fr-FR"},{"@type":"Organization","@id":"https:\/\/www.lamaisonduguil.com\/blog\/#organization","name":"La Maison du Guil - Le Blog","url":"https:\/\/www.lamaisonduguil.com\/blog\/","logo":{"@type":"ImageObject","inLanguage":"fr-FR","@id":"https:\/\/www.lamaisonduguil.com\/blog\/#\/schema\/logo\/image\/","url":"https:\/\/www.lamaisonduguil.com\/blog\/wp-content\/uploads\/2016\/09\/logo2.gif","contentUrl":"https:\/\/www.lamaisonduguil.com\/blog\/wp-content\/uploads\/2016\/09\/logo2.gif","width":207,"height":207,"caption":"La Maison du Guil - Le Blog"},"image":{"@id":"https:\/\/www.lamaisonduguil.com\/blog\/#\/schema\/logo\/image\/"},"sameAs":["http:\/\/www.facebook.com\/lamaisonduguil"]},{"@type":"Person","@id":"https:\/\/www.lamaisonduguil.com\/blog\/#\/schema\/person\/629208c2fb7759244c3fbe06c0bc3713","name":"Tom","image":{"@type":"ImageObject","inLanguage":"fr-FR","@id":"https:\/\/secure.gravatar.com\/avatar\/5f0fbdeab05c9050198d8e098c31cf87ec88fb8b615fd68e88c27383c80ccf81?s=96&d=mm&r=g","url":"https:\/\/secure.gravatar.com\/avatar\/5f0fbdeab05c9050198d8e098c31cf87ec88fb8b615fd68e88c27383c80ccf81?s=96&d=mm&r=g","contentUrl":"https:\/\/secure.gravatar.com\/avatar\/5f0fbdeab05c9050198d8e098c31cf87ec88fb8b615fd68e88c27383c80ccf81?s=96&d=mm&r=g","caption":"Tom"},"sameAs":["https:\/\/www.lamaisonduguil.com"]}]}},"_links":{"self":[{"href":"https:\/\/www.lamaisonduguil.com\/blog\/wp-json\/wp\/v2\/posts\/21","targetHints":{"allow":["GET"]}}],"collection":[{"href":"https:\/\/www.lamaisonduguil.com\/blog\/wp-json\/wp\/v2\/posts"}],"about":[{"href":"https:\/\/www.lamaisonduguil.com\/blog\/wp-json\/wp\/v2\/types\/post"}],"author":[{"embeddable":true,"href":"https:\/\/www.lamaisonduguil.com\/blog\/wp-json\/wp\/v2\/users\/2"}],"replies":[{"embeddable":true,"href":"https:\/\/www.lamaisonduguil.com\/blog\/wp-json\/wp\/v2\/comments?post=21"}],"version-history":[{"count":0,"href":"https:\/\/www.lamaisonduguil.com\/blog\/wp-json\/wp\/v2\/posts\/21\/revisions"}],"wp:featuredmedia":[{"embeddable":true,"href":"https:\/\/www.lamaisonduguil.com\/blog\/wp-json\/wp\/v2\/media\/24"}],"wp:attachment":[{"href":"https:\/\/www.lamaisonduguil.com\/blog\/wp-json\/wp\/v2\/media?parent=21"}],"wp:term":[{"taxonomy":"category","embeddable":true,"href":"https:\/\/www.lamaisonduguil.com\/blog\/wp-json\/wp\/v2\/categories?post=21"},{"taxonomy":"post_tag","embeddable":true,"href":"https:\/\/www.lamaisonduguil.com\/blog\/wp-json\/wp\/v2\/tags?post=21"}],"curies":[{"name":"wp","href":"https:\/\/api.w.org\/{rel}","templated":true}]}}