{"id":256,"date":"2017-02-07T20:35:16","date_gmt":"2017-02-07T19:35:16","guid":{"rendered":"http:\/\/www.lamaisonduguil.com\/blog\/?p=256"},"modified":"2019-04-09T01:56:57","modified_gmt":"2019-04-08T23:56:57","slug":"randonnee-en-raquettes","status":"publish","type":"post","link":"https:\/\/www.lamaisonduguil.com\/blog\/randonnee-en-raquettes\/","title":{"rendered":"Randonn\u00e9e en raquettes"},"content":{"rendered":"<p>L&rsquo;hiver dans les Hautes Alpes, c&rsquo;est bien plus que le ski alpin.<\/p>\n<p>L&rsquo;hiver dans les Hautes Alpes, c&rsquo;est tout simplement une saison exceptionnelle.<\/p>\n<figure id=\"attachment_260\" aria-describedby=\"caption-attachment-260\" style=\"width: 478px\" class=\"wp-caption alignleft\"><a href=\"http:\/\/www.lamaisonduguil.com\/blog\/foto\/\"><img fetchpriority=\"high\" decoding=\"async\" class=\"size-full wp-image-260\" src=\"http:\/\/www.lamaisonduguil.com\/blog\/wp-content\/uploads\/2017\/02\/foto-e1486492838990.jpg\" alt=\"\" width=\"478\" height=\"639\" srcset=\"https:\/\/www.lamaisonduguil.com\/blog\/wp-content\/uploads\/2017\/02\/foto-e1486492838990.jpg 478w, https:\/\/www.lamaisonduguil.com\/blog\/wp-content\/uploads\/2017\/02\/foto-e1486492838990-224x300.jpg 224w\" sizes=\"(max-width: 478px) 100vw, 478px\" \/><\/a><figcaption id=\"caption-attachment-260\" class=\"wp-caption-text\">Les chalets de Clapeyto<\/figcaption><\/figure>\n<p>&nbsp;<\/p>\n<p>&nbsp;<\/p>\n<p>&nbsp;<\/p>\n<p>&nbsp;<\/p>\n<p>&nbsp;<\/p>\n<p>&nbsp;<\/p>\n<p>&nbsp;<\/p>\n<p>&nbsp;<\/p>\n<p>&nbsp;<\/p>\n<p>&nbsp;<\/p>\n<p>&nbsp;<\/p>\n<p>&nbsp;<\/p>\n<p>&nbsp;<\/p>\n<p>&nbsp;<\/p>\n<p>&nbsp;<\/p>\n<p>&nbsp;<\/p>\n<p>Il y a la <strong>neige<\/strong>, bien \u00e9videmment, souvent plus que dans les Alpes du Nord. &nbsp;Ensuite, il y a un <strong>ciel tout bleu<\/strong>, une <strong>luminosit\u00e9<\/strong>, ah, et ce <strong>soleil<\/strong>&#8230; &nbsp;Et tant de choses \u00e0 faire, des sorties en motoneige, ou en chien de traineaux. &nbsp;Ou encore, une randonn\u00e9e en raquettes.<\/p>\n<h2>Des randonn\u00e9es en raquettes?<\/h2>\n<figure id=\"attachment_261\" aria-describedby=\"caption-attachment-261\" style=\"width: 3264px\" class=\"wp-caption alignleft\"><a href=\"http:\/\/www.lamaisonduguil.com\/blog\/index.php\/2017\/02\/07\/randonnee-en-raquettes\/img_0394\/\" rel=\"attachment wp-att-261\"><img decoding=\"async\" class=\"size-full wp-image-261\" src=\"http:\/\/www.lamaisonduguil.com\/blog\/wp-content\/uploads\/2017\/02\/IMG_0394.jpg\" alt=\"\" width=\"3264\" height=\"2448\"><\/a><figcaption id=\"caption-attachment-261\" class=\"wp-caption-text\">Les chalets de Clapeyto<\/figcaption><\/figure>\n<figure id=\"attachment_258\" aria-describedby=\"caption-attachment-258\" style=\"width: 2448px\" class=\"wp-caption alignleft\"><a href=\"http:\/\/www.lamaisonduguil.com\/blog\/index.php\/2017\/02\/07\/randonnee-en-raquettes\/img_0399\/\" rel=\"attachment wp-att-258\"><img decoding=\"async\" class=\"size-full wp-image-258\" src=\"http:\/\/www.lamaisonduguil.com\/blog\/wp-content\/uploads\/2017\/02\/IMG_0399-e1486492695351.jpg\" alt=\"\" width=\"2448\" height=\"3263\" srcset=\"https:\/\/www.lamaisonduguil.com\/blog\/wp-content\/uploads\/2017\/02\/IMG_0399-e1486492695351.jpg 2448w, https:\/\/www.lamaisonduguil.com\/blog\/wp-content\/uploads\/2017\/02\/IMG_0399-e1486492695351-225x300.jpg 225w, https:\/\/www.lamaisonduguil.com\/blog\/wp-content\/uploads\/2017\/02\/IMG_0399-e1486492695351-768x1024.jpg 768w\" sizes=\"(max-width: 2448px) 100vw, 2448px\" \/><\/a><figcaption id=\"caption-attachment-258\" class=\"wp-caption-text\">Rando raquette dans le Queyras<\/figcaption><\/figure>\n<p>&nbsp;<\/p>\n<p>Pour les amateurs de <strong>nature<\/strong>, de <strong>calme<\/strong>, c&rsquo;est le top. &nbsp;Vous partez dans&nbsp;le Queyras, dans&nbsp;les Ecrins, vers la Haute Ubaye, vers le Col de l&rsquo;Izoard, &#8230; &nbsp;Trop de choix. &nbsp;Il y a des circuits de tous niveaux, de toutes dur\u00e9es, de toutes difficult\u00e9s. &nbsp;Une chose est (presque) certaine: &nbsp;vous aurez de la neige et du soleil.<\/p>\n<p>Partez bien \u00e9quip\u00e9, pensez \u00e0 prendre des v\u00eatements suppl\u00e9mentaires, m\u00eame s&rsquo;il fait beau au moment du d\u00e9part, apr\u00e8s tout, vous partez en montagne ou le temps peut changer tr\u00e8s vite. &nbsp;N&rsquo;oubliez pas le pique nique, vous aurez besoin d&rsquo;un peu d&rsquo;\u00e9nergie pour le retour.<\/p>\n<figure id=\"attachment_265\" aria-describedby=\"caption-attachment-265\" style=\"width: 3264px\" class=\"wp-caption alignleft\"><a href=\"http:\/\/www.lamaisonduguil.com\/blog\/img_3905\/\"><img loading=\"lazy\" decoding=\"async\" class=\"size-full wp-image-265\" src=\"http:\/\/www.lamaisonduguil.com\/blog\/wp-content\/uploads\/2017\/02\/IMG_3905.jpg\" alt=\"\" width=\"3264\" height=\"2448\"><\/a><figcaption id=\"caption-attachment-265\" class=\"wp-caption-text\">Randonn\u00e9e raquettes dans la vall\u00e9e de Maljasset<\/figcaption><\/figure>\n<p>Ensuite vous partez, et apr\u00e8s quelques minutes vous vous retrouvez entour\u00e9 par un <strong>silence absolu<\/strong>, seulement interrompu par le bruit de vos raquettes sur la neige. &nbsp;Reposant. &nbsp;Adieu le stress&#8230; &nbsp;La neige qui absorbe beaucoup de bruits, qui donne un effet feutr\u00e9 \u00e0 la for\u00eat, \u00e0 la montagne m\u00eame.<\/p>\n<figure id=\"attachment_264\" aria-describedby=\"caption-attachment-264\" style=\"width: 3264px\" class=\"wp-caption alignleft\"><a href=\"http:\/\/www.lamaisonduguil.com\/blog\/img_3902\/\"><img loading=\"lazy\" decoding=\"async\" class=\"size-full wp-image-264\" src=\"http:\/\/www.lamaisonduguil.com\/blog\/wp-content\/uploads\/2017\/02\/IMG_3902.jpg\" alt=\"\" width=\"3264\" height=\"2238\"><\/a><figcaption id=\"caption-attachment-264\" class=\"wp-caption-text\">Raquettes dans la vall\u00e9e de la Haute Ubaye<\/figcaption><\/figure>\n<p>&nbsp;<\/p>\n<p>Les <strong>paysages<\/strong> changent r\u00e9guli\u00e8rement, partout o\u00f9 vous regardez vous d\u00e9couvrez des nouvelles choses. &nbsp;Si vous avez de la chance, vous pourrez apercevoir un chevreuil, ou un chamois&#8230;<\/p>\n<p>Vous trouverez certainement un petit endroit bien ensoleill\u00e9 pour le pique nique (vous n&rsquo;avez quand m\u00eame pas oubli\u00e9 la cr\u00e8me solaire?).<\/p>\n<figure id=\"attachment_262\" aria-describedby=\"caption-attachment-262\" style=\"width: 3264px\" class=\"wp-caption alignleft\"><a href=\"http:\/\/www.lamaisonduguil.com\/blog\/img_0395\/\"><img loading=\"lazy\" decoding=\"async\" class=\"size-full wp-image-262\" src=\"http:\/\/www.lamaisonduguil.com\/blog\/wp-content\/uploads\/2017\/02\/IMG_0395.jpg\" alt=\"\" width=\"3264\" height=\"2448\"><\/a><figcaption id=\"caption-attachment-262\" class=\"wp-caption-text\">Le pique nique au soleil<\/figcaption><\/figure>\n<p>Ne tardez pas trop longtemps, il est temps de prendre le chemin du retour. &nbsp;En hiver, les journ\u00e9es sont un peu plus courtes, il faut \u00eatre de retour \u00e0 la voiture avant le coucher du soleil.<\/p>\n<p>Enfin, vous retournez \u00e0 votre lieu d&rsquo;h\u00e9bergement <strong>la t\u00eate remplie d&rsquo;images fortes<\/strong>, que des beaux souvenirs. &nbsp;Et l&rsquo;envie de repartir pour une nouvelle sortie&nbsp;en raquettes&#8230;<\/p>\n<figure id=\"attachment_259\" aria-describedby=\"caption-attachment-259\" style=\"width: 2448px\" class=\"wp-caption alignleft\"><a href=\"http:\/\/www.lamaisonduguil.com\/blog\/img_0403\/\"><img loading=\"lazy\" decoding=\"async\" class=\"size-full wp-image-259\" src=\"http:\/\/www.lamaisonduguil.com\/blog\/wp-content\/uploads\/2017\/02\/IMG_0403-e1486492881883.jpg\" alt=\"\" width=\"2448\" height=\"3263\"><\/a><figcaption id=\"caption-attachment-259\" class=\"wp-caption-text\">En route pour les chalets de Clapeyto<\/figcaption><\/figure>\n<p>&nbsp;<\/p>\n","protected":false},"excerpt":{"rendered":"<p>L&rsquo;hiver dans les Hautes Alpes, c&rsquo;est bien plus que le ski alpin. L&rsquo;hiver dans les Hautes Alpes, c&rsquo;est tout simplement une saison exceptionnelle. &nbsp; &nbsp; &nbsp; &nbsp; &nbsp; &nbsp; &nbsp; &nbsp; &nbsp; &nbsp; &nbsp; &nbsp; &nbsp; &nbsp; &nbsp; &nbsp; Il y a la neige, bien \u00e9videmment, souvent plus que dans les Alpes du Nord. &nbsp;Ensuite, [&hellip;]<\/p>\n","protected":false},"author":2,"featured_media":261,"comment_status":"open","ping_status":"open","sticky":false,"template":"","format":"standard","meta":{"site-sidebar-layout":"default","site-content-layout":"","ast-site-content-layout":"default","site-content-style":"default","site-sidebar-style":"default","ast-global-header-display":"","ast-banner-title-visibility":"","ast-main-header-display":"","ast-hfb-above-header-display":"","ast-hfb-below-header-display":"","ast-hfb-mobile-header-display":"","site-post-title":"","ast-breadcrumbs-content":"","ast-featured-img":"","footer-sml-layout":"","theme-transparent-header-meta":"","adv-header-id-meta":"","stick-header-meta":"","header-above-stick-meta":"","header-main-stick-meta":"","header-below-stick-meta":"","astra-migrate-meta-layouts":"default","ast-page-background-enabled":"default","ast-page-background-meta":{"desktop":{"background-color":"","background-image":"","background-repeat":"repeat","background-position":"center center","background-size":"auto","background-attachment":"scroll","background-type":"","background-media":"","overlay-type":"","overlay-color":"","overlay-opacity":"","overlay-gradient":""},"tablet":{"background-color":"","background-image":"","background-repeat":"repeat","background-position":"center center","background-size":"auto","background-attachment":"scroll","background-type":"","background-media":"","overlay-type":"","overlay-color":"","overlay-opacity":"","overlay-gradient":""},"mobile":{"background-color":"","background-image":"","background-repeat":"repeat","background-position":"center center","background-size":"auto","background-attachment":"scroll","background-type":"","background-media":"","overlay-type":"","overlay-color":"","overlay-opacity":"","overlay-gradient":""}},"ast-content-background-meta":{"desktop":{"background-color":"var(--ast-global-color-5)","background-image":"","background-repeat":"repeat","background-position":"center center","background-size":"auto","background-attachment":"scroll","background-type":"","background-media":"","overlay-type":"","overlay-color":"","overlay-opacity":"","overlay-gradient":""},"tablet":{"background-color":"var(--ast-global-color-5)","background-image":"","background-repeat":"repeat","background-position":"center center","background-size":"auto","background-attachment":"scroll","background-type":"","background-media":"","overlay-type":"","overlay-color":"","overlay-opacity":"","overlay-gradient":""},"mobile":{"background-color":"var(--ast-global-color-5)","background-image":"","background-repeat":"repeat","background-position":"center center","background-size":"auto","background-attachment":"scroll","background-type":"","background-media":"","overlay-type":"","overlay-color":"","overlay-opacity":"","overlay-gradient":""}},"ngg_post_thumbnail":0,"footnotes":""},"categories":[19,31,55,30,22,1,10,32,21],"tags":[34,56,3,25,26,11,33],"class_list":["post-256","post","type-post","status-publish","format-standard","has-post-thumbnail","hentry","category-activites","category-ecrins","category-francais","category-haute-ubaye","category-hiver-dans-les-hautes-alpes","category-non-classe","category-queyras","category-raquettes","category-sports-dhiver","tag-ecrins","tag-francais","tag-hautesalpes","tag-hiver","tag-neige","tag-queyras","tag-raquettes"],"yoast_head":"<!-- This site is optimized with the Yoast SEO plugin v27.5 - https:\/\/yoast.com\/product\/yoast-seo-wordpress\/ -->\n<title>Randonn\u00e9e en raquettes - La Maison du Guil - Le Blog - Hautes Alpes<\/title>\n<meta name=\"description\" content=\"Plus que le ski alpin, une randonn\u00e9e en raquettes dans le Queyras, les Ecrins ou la Haute Ubaye est une activit\u00e9e pour profiter de la nature et du silence\" \/>\n<meta name=\"robots\" content=\"index, follow, max-snippet:-1, max-image-preview:large, max-video-preview:-1\" \/>\n<link rel=\"canonical\" href=\"https:\/\/www.lamaisonduguil.com\/blog\/randonnee-en-raquettes\/\" \/>\n<meta property=\"og:locale\" content=\"fr_FR\" \/>\n<meta property=\"og:type\" content=\"article\" \/>\n<meta property=\"og:title\" content=\"Randonn\u00e9e en raquettes - La Maison du Guil - Le Blog - Hautes Alpes\" \/>\n<meta property=\"og:description\" content=\"Plus que le ski alpin, une randonn\u00e9e en raquettes dans le Queyras, les Ecrins ou la Haute Ubaye est une activit\u00e9e pour profiter de la nature et du silence\" \/>\n<meta property=\"og:url\" content=\"https:\/\/www.lamaisonduguil.com\/blog\/randonnee-en-raquettes\/\" \/>\n<meta property=\"og:site_name\" content=\"La Maison du Guil - Le Blog\" \/>\n<meta property=\"article:publisher\" content=\"http:\/\/www.facebook.com\/lamaisonduguil\" \/>\n<meta property=\"article:published_time\" content=\"2017-02-07T19:35:16+00:00\" \/>\n<meta property=\"article:modified_time\" content=\"2019-04-08T23:56:57+00:00\" \/>\n<meta property=\"og:image\" content=\"https:\/\/www.lamaisonduguil.com\/blog\/wp-content\/uploads\/2017\/02\/IMG_0394-e1518640238371.jpg\" \/>\n\t<meta property=\"og:image:width\" content=\"1800\" \/>\n\t<meta property=\"og:image:height\" content=\"1350\" \/>\n\t<meta property=\"og:image:type\" content=\"image\/jpeg\" \/>\n<meta name=\"author\" content=\"Tom\" \/>\n<meta name=\"twitter:card\" content=\"summary_large_image\" \/>\n<meta name=\"twitter:label1\" content=\"\u00c9crit par\" \/>\n\t<meta name=\"twitter:data1\" content=\"Tom\" \/>\n\t<meta name=\"twitter:label2\" content=\"Dur\u00e9e de lecture estim\u00e9e\" \/>\n\t<meta name=\"twitter:data2\" content=\"2 minutes\" \/>\n<script type=\"application\/ld+json\" class=\"yoast-schema-graph\">{\"@context\":\"https:\\\/\\\/schema.org\",\"@graph\":[{\"@type\":\"Article\",\"@id\":\"https:\\\/\\\/www.lamaisonduguil.com\\\/blog\\\/randonnee-en-raquettes\\\/#article\",\"isPartOf\":{\"@id\":\"https:\\\/\\\/www.lamaisonduguil.com\\\/blog\\\/randonnee-en-raquettes\\\/\"},\"author\":{\"name\":\"Tom\",\"@id\":\"https:\\\/\\\/www.lamaisonduguil.com\\\/blog\\\/#\\\/schema\\\/person\\\/629208c2fb7759244c3fbe06c0bc3713\"},\"headline\":\"Randonn\u00e9e en raquettes\",\"datePublished\":\"2017-02-07T19:35:16+00:00\",\"dateModified\":\"2019-04-08T23:56:57+00:00\",\"mainEntityOfPage\":{\"@id\":\"https:\\\/\\\/www.lamaisonduguil.com\\\/blog\\\/randonnee-en-raquettes\\\/\"},\"wordCount\":486,\"commentCount\":0,\"publisher\":{\"@id\":\"https:\\\/\\\/www.lamaisonduguil.com\\\/blog\\\/#organization\"},\"image\":{\"@id\":\"https:\\\/\\\/www.lamaisonduguil.com\\\/blog\\\/randonnee-en-raquettes\\\/#primaryimage\"},\"thumbnailUrl\":\"https:\\\/\\\/www.lamaisonduguil.com\\\/blog\\\/wp-content\\\/uploads\\\/2017\\\/02\\\/IMG_0394-e1518640238371.jpg\",\"keywords\":[\"Ecrins\",\"Fran\u00e7ais\",\"Hautes Alpes\",\"Hiver\",\"Neige\",\"Queyras\",\"Raquettes\"],\"articleSection\":{\"0\":\"Activit\u00e9s\",\"1\":\"Ecrins\",\"2\":\"Fran\u00e7ais\",\"3\":\"Haute Ubaye\",\"4\":\"Hiver dans les Hautes Alpes\",\"6\":\"Queyras\",\"7\":\"Raquettes\",\"8\":\"Sports d'hiver\"},\"inLanguage\":\"fr-FR\",\"potentialAction\":[{\"@type\":\"CommentAction\",\"name\":\"Comment\",\"target\":[\"https:\\\/\\\/www.lamaisonduguil.com\\\/blog\\\/randonnee-en-raquettes\\\/#respond\"]}]},{\"@type\":\"WebPage\",\"@id\":\"https:\\\/\\\/www.lamaisonduguil.com\\\/blog\\\/randonnee-en-raquettes\\\/\",\"url\":\"https:\\\/\\\/www.lamaisonduguil.com\\\/blog\\\/randonnee-en-raquettes\\\/\",\"name\":\"Randonn\u00e9e en raquettes - La Maison du Guil - Le Blog - Hautes Alpes\",\"isPartOf\":{\"@id\":\"https:\\\/\\\/www.lamaisonduguil.com\\\/blog\\\/#website\"},\"primaryImageOfPage\":{\"@id\":\"https:\\\/\\\/www.lamaisonduguil.com\\\/blog\\\/randonnee-en-raquettes\\\/#primaryimage\"},\"image\":{\"@id\":\"https:\\\/\\\/www.lamaisonduguil.com\\\/blog\\\/randonnee-en-raquettes\\\/#primaryimage\"},\"thumbnailUrl\":\"https:\\\/\\\/www.lamaisonduguil.com\\\/blog\\\/wp-content\\\/uploads\\\/2017\\\/02\\\/IMG_0394-e1518640238371.jpg\",\"datePublished\":\"2017-02-07T19:35:16+00:00\",\"dateModified\":\"2019-04-08T23:56:57+00:00\",\"description\":\"Plus que le ski alpin, une randonn\u00e9e en raquettes dans le Queyras, les Ecrins ou la Haute Ubaye est une activit\u00e9e pour profiter de la nature et du silence\",\"breadcrumb\":{\"@id\":\"https:\\\/\\\/www.lamaisonduguil.com\\\/blog\\\/randonnee-en-raquettes\\\/#breadcrumb\"},\"inLanguage\":\"fr-FR\",\"potentialAction\":[{\"@type\":\"ReadAction\",\"target\":[\"https:\\\/\\\/www.lamaisonduguil.com\\\/blog\\\/randonnee-en-raquettes\\\/\"]}]},{\"@type\":\"ImageObject\",\"inLanguage\":\"fr-FR\",\"@id\":\"https:\\\/\\\/www.lamaisonduguil.com\\\/blog\\\/randonnee-en-raquettes\\\/#primaryimage\",\"url\":\"https:\\\/\\\/www.lamaisonduguil.com\\\/blog\\\/wp-content\\\/uploads\\\/2017\\\/02\\\/IMG_0394-e1518640238371.jpg\",\"contentUrl\":\"https:\\\/\\\/www.lamaisonduguil.com\\\/blog\\\/wp-content\\\/uploads\\\/2017\\\/02\\\/IMG_0394-e1518640238371.jpg\",\"width\":1800,\"height\":1350,\"caption\":\"Les chalets de Clapeyto\"},{\"@type\":\"BreadcrumbList\",\"@id\":\"https:\\\/\\\/www.lamaisonduguil.com\\\/blog\\\/randonnee-en-raquettes\\\/#breadcrumb\",\"itemListElement\":[{\"@type\":\"ListItem\",\"position\":1,\"name\":\"Accueil\",\"item\":\"https:\\\/\\\/www.lamaisonduguil.com\\\/blog\\\/\"},{\"@type\":\"ListItem\",\"position\":2,\"name\":\"Randonn\u00e9e en raquettes\"}]},{\"@type\":\"WebSite\",\"@id\":\"https:\\\/\\\/www.lamaisonduguil.com\\\/blog\\\/#website\",\"url\":\"https:\\\/\\\/www.lamaisonduguil.com\\\/blog\\\/\",\"name\":\"La Maison du Guil - Le Blog\",\"description\":\"Un blog pour vous aider \u00e0 d\u00e9couvrir notre belle r\u00e9gion\",\"publisher\":{\"@id\":\"https:\\\/\\\/www.lamaisonduguil.com\\\/blog\\\/#organization\"},\"potentialAction\":[{\"@type\":\"SearchAction\",\"target\":{\"@type\":\"EntryPoint\",\"urlTemplate\":\"https:\\\/\\\/www.lamaisonduguil.com\\\/blog\\\/?s={search_term_string}\"},\"query-input\":{\"@type\":\"PropertyValueSpecification\",\"valueRequired\":true,\"valueName\":\"search_term_string\"}}],\"inLanguage\":\"fr-FR\"},{\"@type\":\"Organization\",\"@id\":\"https:\\\/\\\/www.lamaisonduguil.com\\\/blog\\\/#organization\",\"name\":\"La Maison du Guil - Le Blog\",\"url\":\"https:\\\/\\\/www.lamaisonduguil.com\\\/blog\\\/\",\"logo\":{\"@type\":\"ImageObject\",\"inLanguage\":\"fr-FR\",\"@id\":\"https:\\\/\\\/www.lamaisonduguil.com\\\/blog\\\/#\\\/schema\\\/logo\\\/image\\\/\",\"url\":\"https:\\\/\\\/www.lamaisonduguil.com\\\/blog\\\/wp-content\\\/uploads\\\/2016\\\/09\\\/logo2.gif\",\"contentUrl\":\"https:\\\/\\\/www.lamaisonduguil.com\\\/blog\\\/wp-content\\\/uploads\\\/2016\\\/09\\\/logo2.gif\",\"width\":207,\"height\":207,\"caption\":\"La Maison du Guil - Le Blog\"},\"image\":{\"@id\":\"https:\\\/\\\/www.lamaisonduguil.com\\\/blog\\\/#\\\/schema\\\/logo\\\/image\\\/\"},\"sameAs\":[\"http:\\\/\\\/www.facebook.com\\\/lamaisonduguil\"]},{\"@type\":\"Person\",\"@id\":\"https:\\\/\\\/www.lamaisonduguil.com\\\/blog\\\/#\\\/schema\\\/person\\\/629208c2fb7759244c3fbe06c0bc3713\",\"name\":\"Tom\",\"image\":{\"@type\":\"ImageObject\",\"inLanguage\":\"fr-FR\",\"@id\":\"https:\\\/\\\/secure.gravatar.com\\\/avatar\\\/5f0fbdeab05c9050198d8e098c31cf87ec88fb8b615fd68e88c27383c80ccf81?s=96&d=mm&r=g\",\"url\":\"https:\\\/\\\/secure.gravatar.com\\\/avatar\\\/5f0fbdeab05c9050198d8e098c31cf87ec88fb8b615fd68e88c27383c80ccf81?s=96&d=mm&r=g\",\"contentUrl\":\"https:\\\/\\\/secure.gravatar.com\\\/avatar\\\/5f0fbdeab05c9050198d8e098c31cf87ec88fb8b615fd68e88c27383c80ccf81?s=96&d=mm&r=g\",\"caption\":\"Tom\"},\"sameAs\":[\"https:\\\/\\\/www.lamaisonduguil.com\"]}]}<\/script>\n<!-- \/ Yoast SEO plugin. -->","yoast_head_json":{"title":"Randonn\u00e9e en raquettes - La Maison du Guil - Le Blog - Hautes Alpes","description":"Plus que le ski alpin, une randonn\u00e9e en raquettes dans le Queyras, les Ecrins ou la Haute Ubaye est une activit\u00e9e pour profiter de la nature et du silence","robots":{"index":"index","follow":"follow","max-snippet":"max-snippet:-1","max-image-preview":"max-image-preview:large","max-video-preview":"max-video-preview:-1"},"canonical":"https:\/\/www.lamaisonduguil.com\/blog\/randonnee-en-raquettes\/","og_locale":"fr_FR","og_type":"article","og_title":"Randonn\u00e9e en raquettes - La Maison du Guil - Le Blog - Hautes Alpes","og_description":"Plus que le ski alpin, une randonn\u00e9e en raquettes dans le Queyras, les Ecrins ou la Haute Ubaye est une activit\u00e9e pour profiter de la nature et du silence","og_url":"https:\/\/www.lamaisonduguil.com\/blog\/randonnee-en-raquettes\/","og_site_name":"La Maison du Guil - Le Blog","article_publisher":"http:\/\/www.facebook.com\/lamaisonduguil","article_published_time":"2017-02-07T19:35:16+00:00","article_modified_time":"2019-04-08T23:56:57+00:00","og_image":[{"width":1800,"height":1350,"url":"https:\/\/www.lamaisonduguil.com\/blog\/wp-content\/uploads\/2017\/02\/IMG_0394-e1518640238371.jpg","type":"image\/jpeg"}],"author":"Tom","twitter_card":"summary_large_image","twitter_misc":{"\u00c9crit par":"Tom","Dur\u00e9e de lecture estim\u00e9e":"2 minutes"},"schema":{"@context":"https:\/\/schema.org","@graph":[{"@type":"Article","@id":"https:\/\/www.lamaisonduguil.com\/blog\/randonnee-en-raquettes\/#article","isPartOf":{"@id":"https:\/\/www.lamaisonduguil.com\/blog\/randonnee-en-raquettes\/"},"author":{"name":"Tom","@id":"https:\/\/www.lamaisonduguil.com\/blog\/#\/schema\/person\/629208c2fb7759244c3fbe06c0bc3713"},"headline":"Randonn\u00e9e en raquettes","datePublished":"2017-02-07T19:35:16+00:00","dateModified":"2019-04-08T23:56:57+00:00","mainEntityOfPage":{"@id":"https:\/\/www.lamaisonduguil.com\/blog\/randonnee-en-raquettes\/"},"wordCount":486,"commentCount":0,"publisher":{"@id":"https:\/\/www.lamaisonduguil.com\/blog\/#organization"},"image":{"@id":"https:\/\/www.lamaisonduguil.com\/blog\/randonnee-en-raquettes\/#primaryimage"},"thumbnailUrl":"https:\/\/www.lamaisonduguil.com\/blog\/wp-content\/uploads\/2017\/02\/IMG_0394-e1518640238371.jpg","keywords":["Ecrins","Fran\u00e7ais","Hautes Alpes","Hiver","Neige","Queyras","Raquettes"],"articleSection":{"0":"Activit\u00e9s","1":"Ecrins","2":"Fran\u00e7ais","3":"Haute Ubaye","4":"Hiver dans les Hautes Alpes","6":"Queyras","7":"Raquettes","8":"Sports d'hiver"},"inLanguage":"fr-FR","potentialAction":[{"@type":"CommentAction","name":"Comment","target":["https:\/\/www.lamaisonduguil.com\/blog\/randonnee-en-raquettes\/#respond"]}]},{"@type":"WebPage","@id":"https:\/\/www.lamaisonduguil.com\/blog\/randonnee-en-raquettes\/","url":"https:\/\/www.lamaisonduguil.com\/blog\/randonnee-en-raquettes\/","name":"Randonn\u00e9e en raquettes - La Maison du Guil - Le Blog - Hautes Alpes","isPartOf":{"@id":"https:\/\/www.lamaisonduguil.com\/blog\/#website"},"primaryImageOfPage":{"@id":"https:\/\/www.lamaisonduguil.com\/blog\/randonnee-en-raquettes\/#primaryimage"},"image":{"@id":"https:\/\/www.lamaisonduguil.com\/blog\/randonnee-en-raquettes\/#primaryimage"},"thumbnailUrl":"https:\/\/www.lamaisonduguil.com\/blog\/wp-content\/uploads\/2017\/02\/IMG_0394-e1518640238371.jpg","datePublished":"2017-02-07T19:35:16+00:00","dateModified":"2019-04-08T23:56:57+00:00","description":"Plus que le ski alpin, une randonn\u00e9e en raquettes dans le Queyras, les Ecrins ou la Haute Ubaye est une activit\u00e9e pour profiter de la nature et du silence","breadcrumb":{"@id":"https:\/\/www.lamaisonduguil.com\/blog\/randonnee-en-raquettes\/#breadcrumb"},"inLanguage":"fr-FR","potentialAction":[{"@type":"ReadAction","target":["https:\/\/www.lamaisonduguil.com\/blog\/randonnee-en-raquettes\/"]}]},{"@type":"ImageObject","inLanguage":"fr-FR","@id":"https:\/\/www.lamaisonduguil.com\/blog\/randonnee-en-raquettes\/#primaryimage","url":"https:\/\/www.lamaisonduguil.com\/blog\/wp-content\/uploads\/2017\/02\/IMG_0394-e1518640238371.jpg","contentUrl":"https:\/\/www.lamaisonduguil.com\/blog\/wp-content\/uploads\/2017\/02\/IMG_0394-e1518640238371.jpg","width":1800,"height":1350,"caption":"Les chalets de Clapeyto"},{"@type":"BreadcrumbList","@id":"https:\/\/www.lamaisonduguil.com\/blog\/randonnee-en-raquettes\/#breadcrumb","itemListElement":[{"@type":"ListItem","position":1,"name":"Accueil","item":"https:\/\/www.lamaisonduguil.com\/blog\/"},{"@type":"ListItem","position":2,"name":"Randonn\u00e9e en raquettes"}]},{"@type":"WebSite","@id":"https:\/\/www.lamaisonduguil.com\/blog\/#website","url":"https:\/\/www.lamaisonduguil.com\/blog\/","name":"La Maison du Guil - Le Blog","description":"Un blog pour vous aider \u00e0 d\u00e9couvrir notre belle r\u00e9gion","publisher":{"@id":"https:\/\/www.lamaisonduguil.com\/blog\/#organization"},"potentialAction":[{"@type":"SearchAction","target":{"@type":"EntryPoint","urlTemplate":"https:\/\/www.lamaisonduguil.com\/blog\/?s={search_term_string}"},"query-input":{"@type":"PropertyValueSpecification","valueRequired":true,"valueName":"search_term_string"}}],"inLanguage":"fr-FR"},{"@type":"Organization","@id":"https:\/\/www.lamaisonduguil.com\/blog\/#organization","name":"La Maison du Guil - Le Blog","url":"https:\/\/www.lamaisonduguil.com\/blog\/","logo":{"@type":"ImageObject","inLanguage":"fr-FR","@id":"https:\/\/www.lamaisonduguil.com\/blog\/#\/schema\/logo\/image\/","url":"https:\/\/www.lamaisonduguil.com\/blog\/wp-content\/uploads\/2016\/09\/logo2.gif","contentUrl":"https:\/\/www.lamaisonduguil.com\/blog\/wp-content\/uploads\/2016\/09\/logo2.gif","width":207,"height":207,"caption":"La Maison du Guil - Le Blog"},"image":{"@id":"https:\/\/www.lamaisonduguil.com\/blog\/#\/schema\/logo\/image\/"},"sameAs":["http:\/\/www.facebook.com\/lamaisonduguil"]},{"@type":"Person","@id":"https:\/\/www.lamaisonduguil.com\/blog\/#\/schema\/person\/629208c2fb7759244c3fbe06c0bc3713","name":"Tom","image":{"@type":"ImageObject","inLanguage":"fr-FR","@id":"https:\/\/secure.gravatar.com\/avatar\/5f0fbdeab05c9050198d8e098c31cf87ec88fb8b615fd68e88c27383c80ccf81?s=96&d=mm&r=g","url":"https:\/\/secure.gravatar.com\/avatar\/5f0fbdeab05c9050198d8e098c31cf87ec88fb8b615fd68e88c27383c80ccf81?s=96&d=mm&r=g","contentUrl":"https:\/\/secure.gravatar.com\/avatar\/5f0fbdeab05c9050198d8e098c31cf87ec88fb8b615fd68e88c27383c80ccf81?s=96&d=mm&r=g","caption":"Tom"},"sameAs":["https:\/\/www.lamaisonduguil.com"]}]}},"_links":{"self":[{"href":"https:\/\/www.lamaisonduguil.com\/blog\/wp-json\/wp\/v2\/posts\/256","targetHints":{"allow":["GET"]}}],"collection":[{"href":"https:\/\/www.lamaisonduguil.com\/blog\/wp-json\/wp\/v2\/posts"}],"about":[{"href":"https:\/\/www.lamaisonduguil.com\/blog\/wp-json\/wp\/v2\/types\/post"}],"author":[{"embeddable":true,"href":"https:\/\/www.lamaisonduguil.com\/blog\/wp-json\/wp\/v2\/users\/2"}],"replies":[{"embeddable":true,"href":"https:\/\/www.lamaisonduguil.com\/blog\/wp-json\/wp\/v2\/comments?post=256"}],"version-history":[{"count":0,"href":"https:\/\/www.lamaisonduguil.com\/blog\/wp-json\/wp\/v2\/posts\/256\/revisions"}],"wp:featuredmedia":[{"embeddable":true,"href":"https:\/\/www.lamaisonduguil.com\/blog\/wp-json\/wp\/v2\/media\/261"}],"wp:attachment":[{"href":"https:\/\/www.lamaisonduguil.com\/blog\/wp-json\/wp\/v2\/media?parent=256"}],"wp:term":[{"taxonomy":"category","embeddable":true,"href":"https:\/\/www.lamaisonduguil.com\/blog\/wp-json\/wp\/v2\/categories?post=256"},{"taxonomy":"post_tag","embeddable":true,"href":"https:\/\/www.lamaisonduguil.com\/blog\/wp-json\/wp\/v2\/tags?post=256"}],"curies":[{"name":"wp","href":"https:\/\/api.w.org\/{rel}","templated":true}]}}