{"id":304,"date":"2017-02-22T16:51:49","date_gmt":"2017-02-22T15:51:49","guid":{"rendered":"http:\/\/www.lamaisonduguil.com\/blog\/?p=304"},"modified":"2019-04-09T00:32:45","modified_gmt":"2019-04-08T22:32:45","slug":"beaute-de-lhiver-hautes-alpes","status":"publish","type":"post","link":"https:\/\/www.lamaisonduguil.com\/blog\/beaute-de-lhiver-hautes-alpes\/","title":{"rendered":"La beaut\u00e9 de l&rsquo;hiver dans les Hautes Alpes"},"content":{"rendered":"<p>Qui n&rsquo;aime pas les jolis paysages d&rsquo;hiver, les paysages enneig\u00e9s de notre belle r\u00e9gion? &nbsp;Une impression. &nbsp;<\/p>\n<p>Et si pour vous, l&rsquo;hiver c&rsquo;est plut\u00f4t synonyme de ski, le post sur le <a href=\"https:\/\/www.lamaisonduguil.com\/blog\/les-hautes-alpes-paradis-du-ski-alpin\/\">ski dans les Hautes Alpes<\/a> est fait pour vous. &nbsp;<\/p>\n<p>Mais ne vous trompez pas, il y a bien d&rsquo;autres activit\u00e9s que le ski en hiver, comme par exemples les <a href=\"https:\/\/www.lamaisonduguil.com\/blog\/randonnee-en-raquettes\/\">randonn\u00e9es en raquettes dans le Queyras<\/a>. &nbsp;<\/p>\n<div id='gallery-1' class='gallery galleryid-304 gallery-columns-3 gallery-size-large'><figure class='gallery-item'>\n\t\t\t<div class='gallery-icon landscape'>\n\t\t\t\t<a href='https:\/\/www.lamaisonduguil.com\/blog\/wp-content\/uploads\/2017\/02\/IMG_4904-e1518633330863.jpg' title=\"\" data-rl_title=\"\" class=\"rl-gallery-link\" data-rl_caption=\"\" data-rel=\"lightbox-gallery-1\"><img fetchpriority=\"high\" decoding=\"async\" width=\"1024\" height=\"768\" src=\"https:\/\/www.lamaisonduguil.com\/blog\/wp-content\/uploads\/2017\/02\/IMG_4904-1024x768.jpg\" class=\"attachment-large size-large\" alt=\"Vue sur Mont Dauphin\" aria-describedby=\"gallery-1-423\" srcset=\"https:\/\/www.lamaisonduguil.com\/blog\/wp-content\/uploads\/2017\/02\/IMG_4904-1024x768.jpg 1024w, https:\/\/www.lamaisonduguil.com\/blog\/wp-content\/uploads\/2017\/02\/IMG_4904-300x225.jpg 300w, https:\/\/www.lamaisonduguil.com\/blog\/wp-content\/uploads\/2017\/02\/IMG_4904-768x576.jpg 768w, https:\/\/www.lamaisonduguil.com\/blog\/wp-content\/uploads\/2017\/02\/IMG_4904-830x623.jpg 830w, https:\/\/www.lamaisonduguil.com\/blog\/wp-content\/uploads\/2017\/02\/IMG_4904-230x173.jpg 230w, https:\/\/www.lamaisonduguil.com\/blog\/wp-content\/uploads\/2017\/02\/IMG_4904-350x263.jpg 350w, https:\/\/www.lamaisonduguil.com\/blog\/wp-content\/uploads\/2017\/02\/IMG_4904-480x360.jpg 480w, https:\/\/www.lamaisonduguil.com\/blog\/wp-content\/uploads\/2017\/02\/IMG_4904-250x188.jpg 250w, https:\/\/www.lamaisonduguil.com\/blog\/wp-content\/uploads\/2017\/02\/IMG_4904-550x413.jpg 550w, https:\/\/www.lamaisonduguil.com\/blog\/wp-content\/uploads\/2017\/02\/IMG_4904-800x600.jpg 800w, https:\/\/www.lamaisonduguil.com\/blog\/wp-content\/uploads\/2017\/02\/IMG_4904-240x180.jpg 240w, https:\/\/www.lamaisonduguil.com\/blog\/wp-content\/uploads\/2017\/02\/IMG_4904-400x300.jpg 400w, https:\/\/www.lamaisonduguil.com\/blog\/wp-content\/uploads\/2017\/02\/IMG_4904-667x500.jpg 667w, https:\/\/www.lamaisonduguil.com\/blog\/wp-content\/uploads\/2017\/02\/IMG_4904-e1518633330863.jpg 1800w\" sizes=\"(max-width: 1024px) 100vw, 1024px\" \/><\/a>\n\t\t\t<\/div>\n\t\t\t\t<figcaption class='wp-caption-text gallery-caption' id='gallery-1-423'>\n\t\t\t\tVue sur Mont Dauphin depuis la Font d&rsquo;Eygliers\n\t\t\t\t<\/figcaption><\/figure><figure class='gallery-item'>\n\t\t\t<div class='gallery-icon portrait'>\n\t\t\t\t<a href='https:\/\/www.lamaisonduguil.com\/blog\/wp-content\/uploads\/2017\/02\/IMG_0351_W-e1518634013650.jpg' title=\"\" data-rl_title=\"\" class=\"rl-gallery-link\" data-rl_caption=\"\" data-rel=\"lightbox-gallery-1\"><img decoding=\"async\" width=\"768\" height=\"1024\" src=\"https:\/\/www.lamaisonduguil.com\/blog\/wp-content\/uploads\/2017\/02\/IMG_0351_W-e1486665875153-768x1024.jpg\" class=\"attachment-large size-large\" alt=\"\" aria-describedby=\"gallery-1-303\" srcset=\"https:\/\/www.lamaisonduguil.com\/blog\/wp-content\/uploads\/2017\/02\/IMG_0351_W-e1486665875153-768x1024.jpg 768w, https:\/\/www.lamaisonduguil.com\/blog\/wp-content\/uploads\/2017\/02\/IMG_0351_W-e1486665875153-225x300.jpg 225w\" sizes=\"(max-width: 768px) 100vw, 768px\" \/><\/a>\n\t\t\t<\/div>\n\t\t\t\t<figcaption class='wp-caption-text gallery-caption' id='gallery-1-303'>\n\t\t\t\tVue sur le four banal et la Maison du Guil\n\t\t\t\t<\/figcaption><\/figure><figure class='gallery-item'>\n\t\t\t<div class='gallery-icon landscape'>\n\t\t\t\t<a href='https:\/\/www.lamaisonduguil.com\/blog\/wp-content\/uploads\/2017\/02\/IMG_1511_W-e1518634510321.jpg' title=\"\" data-rl_title=\"\" class=\"rl-gallery-link\" data-rl_caption=\"\" data-rel=\"lightbox-gallery-1\"><img decoding=\"async\" width=\"1024\" height=\"1024\" src=\"https:\/\/www.lamaisonduguil.com\/blog\/wp-content\/uploads\/2017\/02\/IMG_1511_W-1024x1024.jpg\" class=\"attachment-large size-large\" alt=\"\" aria-describedby=\"gallery-1-302\" srcset=\"https:\/\/www.lamaisonduguil.com\/blog\/wp-content\/uploads\/2017\/02\/IMG_1511_W-1024x1024.jpg 1024w, https:\/\/www.lamaisonduguil.com\/blog\/wp-content\/uploads\/2017\/02\/IMG_1511_W-150x150.jpg 150w, https:\/\/www.lamaisonduguil.com\/blog\/wp-content\/uploads\/2017\/02\/IMG_1511_W-300x300.jpg 300w, https:\/\/www.lamaisonduguil.com\/blog\/wp-content\/uploads\/2017\/02\/IMG_1511_W-768x768.jpg 768w, https:\/\/www.lamaisonduguil.com\/blog\/wp-content\/uploads\/2017\/02\/IMG_1511_W-100x100.jpg 100w, https:\/\/www.lamaisonduguil.com\/blog\/wp-content\/uploads\/2017\/02\/IMG_1511_W-e1518634510321.jpg 1800w\" sizes=\"(max-width: 1024px) 100vw, 1024px\" \/><\/a>\n\t\t\t<\/div>\n\t\t\t\t<figcaption class='wp-caption-text gallery-caption' id='gallery-1-302'>\n\t\t\t\tSaint V\u00e9ran\n\t\t\t\t<\/figcaption><\/figure><figure class='gallery-item'>\n\t\t\t<div class='gallery-icon landscape'>\n\t\t\t\t<a href='https:\/\/www.lamaisonduguil.com\/blog\/wp-content\/uploads\/2017\/02\/IMG_1497_W-e1518634570352.jpg' title=\"\" data-rl_title=\"\" class=\"rl-gallery-link\" data-rl_caption=\"\" data-rel=\"lightbox-gallery-1\"><img loading=\"lazy\" decoding=\"async\" width=\"1024\" height=\"1024\" src=\"https:\/\/www.lamaisonduguil.com\/blog\/wp-content\/uploads\/2017\/02\/IMG_1497_W-1024x1024.jpg\" class=\"attachment-large size-large\" alt=\"\" aria-describedby=\"gallery-1-301\" srcset=\"https:\/\/www.lamaisonduguil.com\/blog\/wp-content\/uploads\/2017\/02\/IMG_1497_W-1024x1024.jpg 1024w, https:\/\/www.lamaisonduguil.com\/blog\/wp-content\/uploads\/2017\/02\/IMG_1497_W-150x150.jpg 150w, https:\/\/www.lamaisonduguil.com\/blog\/wp-content\/uploads\/2017\/02\/IMG_1497_W-300x300.jpg 300w, https:\/\/www.lamaisonduguil.com\/blog\/wp-content\/uploads\/2017\/02\/IMG_1497_W-768x768.jpg 768w, https:\/\/www.lamaisonduguil.com\/blog\/wp-content\/uploads\/2017\/02\/IMG_1497_W-100x100.jpg 100w, https:\/\/www.lamaisonduguil.com\/blog\/wp-content\/uploads\/2017\/02\/IMG_1497_W-e1518634570352.jpg 1800w\" sizes=\"(max-width: 1024px) 100vw, 1024px\" \/><\/a>\n\t\t\t<\/div>\n\t\t\t\t<figcaption class='wp-caption-text gallery-caption' id='gallery-1-301'>\n\t\t\t\tEn route pour Mont Dauphin et la Font d&rsquo;Eygliers\n\t\t\t\t<\/figcaption><\/figure><figure class='gallery-item'>\n\t\t\t<div class='gallery-icon portrait'>\n\t\t\t\t<a href='https:\/\/www.lamaisonduguil.com\/blog\/wp-content\/uploads\/2017\/02\/IMG_1488_W-e1518640031296.jpg' title=\"\" data-rl_title=\"\" class=\"rl-gallery-link\" data-rl_caption=\"\" data-rel=\"lightbox-gallery-1\"><img loading=\"lazy\" decoding=\"async\" width=\"768\" height=\"1024\" src=\"https:\/\/www.lamaisonduguil.com\/blog\/wp-content\/uploads\/2017\/02\/IMG_1488_W-e1486665330129-768x1024.jpg\" class=\"attachment-large size-large\" alt=\"\" aria-describedby=\"gallery-1-300\" srcset=\"https:\/\/www.lamaisonduguil.com\/blog\/wp-content\/uploads\/2017\/02\/IMG_1488_W-e1486665330129-768x1024.jpg 768w, https:\/\/www.lamaisonduguil.com\/blog\/wp-content\/uploads\/2017\/02\/IMG_1488_W-e1486665330129-225x300.jpg 225w\" sizes=\"(max-width: 768px) 100vw, 768px\" \/><\/a>\n\t\t\t<\/div>\n\t\t\t\t<figcaption class='wp-caption-text gallery-caption' id='gallery-1-300'>\n\t\t\t\tLa font d&rsquo;Eygliers\n\t\t\t\t<\/figcaption><\/figure><figure class='gallery-item'>\n\t\t\t<div class='gallery-icon portrait'>\n\t\t\t\t<a href='https:\/\/www.lamaisonduguil.com\/blog\/wp-content\/uploads\/2017\/02\/IMG_1484_W-e1518640090787.jpg' title=\"\" data-rl_title=\"\" class=\"rl-gallery-link\" data-rl_caption=\"\" data-rel=\"lightbox-gallery-1\"><img loading=\"lazy\" decoding=\"async\" width=\"768\" height=\"1024\" src=\"https:\/\/www.lamaisonduguil.com\/blog\/wp-content\/uploads\/2017\/02\/IMG_1484_W-e1486665305220-768x1024.jpg\" class=\"attachment-large size-large\" alt=\"\" aria-describedby=\"gallery-1-299\" srcset=\"https:\/\/www.lamaisonduguil.com\/blog\/wp-content\/uploads\/2017\/02\/IMG_1484_W-e1486665305220-768x1024.jpg 768w, https:\/\/www.lamaisonduguil.com\/blog\/wp-content\/uploads\/2017\/02\/IMG_1484_W-e1486665305220-225x300.jpg 225w\" sizes=\"(max-width: 768px) 100vw, 768px\" \/><\/a>\n\t\t\t<\/div>\n\t\t\t\t<figcaption class='wp-caption-text gallery-caption' id='gallery-1-299'>\n\t\t\t\tLe parking de la Maison du Guil\n\t\t\t\t<\/figcaption><\/figure><figure class='gallery-item'>\n\t\t\t<div class='gallery-icon portrait'>\n\t\t\t\t<a href='https:\/\/www.lamaisonduguil.com\/blog\/wp-content\/uploads\/2017\/02\/IMG_1477_W-e1518640113261.jpg' title=\"\" data-rl_title=\"\" class=\"rl-gallery-link\" data-rl_caption=\"\" data-rel=\"lightbox-gallery-1\"><img loading=\"lazy\" decoding=\"async\" width=\"768\" height=\"1024\" src=\"https:\/\/www.lamaisonduguil.com\/blog\/wp-content\/uploads\/2017\/02\/IMG_1477_W-e1486665441425-768x1024.jpg\" class=\"attachment-large size-large\" alt=\"\" aria-describedby=\"gallery-1-298\" srcset=\"https:\/\/www.lamaisonduguil.com\/blog\/wp-content\/uploads\/2017\/02\/IMG_1477_W-e1486665441425-768x1024.jpg 768w, https:\/\/www.lamaisonduguil.com\/blog\/wp-content\/uploads\/2017\/02\/IMG_1477_W-e1486665441425-225x300.jpg 225w\" sizes=\"(max-width: 768px) 100vw, 768px\" \/><\/a>\n\t\t\t<\/div>\n\t\t\t\t<figcaption class='wp-caption-text gallery-caption' id='gallery-1-298'>\n\t\t\t\tLe noyer \u00e0 c\u00f4t\u00e9 de la Maison du Guil\n\t\t\t\t<\/figcaption><\/figure><figure class='gallery-item'>\n\t\t\t<div class='gallery-icon landscape'>\n\t\t\t\t<a href='https:\/\/www.lamaisonduguil.com\/blog\/wp-content\/uploads\/2017\/02\/IMG_1292_W-e1518640133477.jpg' title=\"\" data-rl_title=\"\" class=\"rl-gallery-link\" data-rl_caption=\"\" data-rel=\"lightbox-gallery-1\"><img loading=\"lazy\" decoding=\"async\" width=\"1024\" height=\"1024\" src=\"https:\/\/www.lamaisonduguil.com\/blog\/wp-content\/uploads\/2017\/02\/IMG_1292_W-1024x1024.jpg\" class=\"attachment-large size-large\" alt=\"\" aria-describedby=\"gallery-1-297\" srcset=\"https:\/\/www.lamaisonduguil.com\/blog\/wp-content\/uploads\/2017\/02\/IMG_1292_W-1024x1024.jpg 1024w, https:\/\/www.lamaisonduguil.com\/blog\/wp-content\/uploads\/2017\/02\/IMG_1292_W-150x150.jpg 150w, https:\/\/www.lamaisonduguil.com\/blog\/wp-content\/uploads\/2017\/02\/IMG_1292_W-300x300.jpg 300w, https:\/\/www.lamaisonduguil.com\/blog\/wp-content\/uploads\/2017\/02\/IMG_1292_W-768x768.jpg 768w, https:\/\/www.lamaisonduguil.com\/blog\/wp-content\/uploads\/2017\/02\/IMG_1292_W-100x100.jpg 100w, https:\/\/www.lamaisonduguil.com\/blog\/wp-content\/uploads\/2017\/02\/IMG_1292_W-e1518640133477.jpg 1800w\" sizes=\"(max-width: 1024px) 100vw, 1024px\" \/><\/a>\n\t\t\t<\/div>\n\t\t\t\t<figcaption class='wp-caption-text gallery-caption' id='gallery-1-297'>\n\t\t\t\tVue sur la vall\u00e9e de la Durance, et le petit bonhomme de neige d&rsquo;Eygliers\n\t\t\t\t<\/figcaption><\/figure><figure class='gallery-item'>\n\t\t\t<div class='gallery-icon portrait'>\n\t\t\t\t<a href='https:\/\/www.lamaisonduguil.com\/blog\/wp-content\/uploads\/2017\/02\/foto-e1486492838990.jpg' title=\"\" data-rl_title=\"\" class=\"rl-gallery-link\" data-rl_caption=\"\" data-rel=\"lightbox-gallery-1\"><img loading=\"lazy\" decoding=\"async\" width=\"478\" height=\"639\" src=\"https:\/\/www.lamaisonduguil.com\/blog\/wp-content\/uploads\/2017\/02\/foto-e1486492838990.jpg\" class=\"attachment-large size-large\" alt=\"\" aria-describedby=\"gallery-1-260\" srcset=\"https:\/\/www.lamaisonduguil.com\/blog\/wp-content\/uploads\/2017\/02\/foto-e1486492838990.jpg 478w, https:\/\/www.lamaisonduguil.com\/blog\/wp-content\/uploads\/2017\/02\/foto-e1486492838990-224x300.jpg 224w\" sizes=\"(max-width: 478px) 100vw, 478px\" \/><\/a>\n\t\t\t<\/div>\n\t\t\t\t<figcaption class='wp-caption-text gallery-caption' id='gallery-1-260'>\n\t\t\t\tLes chalets de Clapeyto\n\t\t\t\t<\/figcaption><\/figure>\n\t\t<\/div>\n\n<p>&nbsp;<\/p>\n<p>&nbsp;<\/p>\n<p>&nbsp;<\/p>\n","protected":false},"excerpt":{"rendered":"<p>Qui n&rsquo;aime pas les jolis paysages d&rsquo;hiver, les paysages enneig\u00e9s de notre belle r\u00e9gion? &nbsp;Une impression. &nbsp; Et si pour vous, l&rsquo;hiver c&rsquo;est plut\u00f4t synonyme de ski, le post sur le ski dans les Hautes Alpes est fait pour vous. &nbsp; Mais ne vous trompez pas, il y a bien d&rsquo;autres activit\u00e9s que le ski [&hellip;]<\/p>\n","protected":false},"author":2,"featured_media":303,"comment_status":"open","ping_status":"open","sticky":false,"template":"","format":"gallery","meta":{"site-sidebar-layout":"default","site-content-layout":"","ast-site-content-layout":"default","site-content-style":"default","site-sidebar-style":"default","ast-global-header-display":"","ast-banner-title-visibility":"","ast-main-header-display":"","ast-hfb-above-header-display":"","ast-hfb-below-header-display":"","ast-hfb-mobile-header-display":"","site-post-title":"","ast-breadcrumbs-content":"","ast-featured-img":"","footer-sml-layout":"","theme-transparent-header-meta":"","adv-header-id-meta":"","stick-header-meta":"","header-above-stick-meta":"","header-main-stick-meta":"","header-below-stick-meta":"","astra-migrate-meta-layouts":"default","ast-page-background-enabled":"default","ast-page-background-meta":{"desktop":{"background-color":"","background-image":"","background-repeat":"repeat","background-position":"center center","background-size":"auto","background-attachment":"scroll","background-type":"","background-media":"","overlay-type":"","overlay-color":"","overlay-opacity":"","overlay-gradient":""},"tablet":{"background-color":"","background-image":"","background-repeat":"repeat","background-position":"center center","background-size":"auto","background-attachment":"scroll","background-type":"","background-media":"","overlay-type":"","overlay-color":"","overlay-opacity":"","overlay-gradient":""},"mobile":{"background-color":"","background-image":"","background-repeat":"repeat","background-position":"center center","background-size":"auto","background-attachment":"scroll","background-type":"","background-media":"","overlay-type":"","overlay-color":"","overlay-opacity":"","overlay-gradient":""}},"ast-content-background-meta":{"desktop":{"background-color":"var(--ast-global-color-5)","background-image":"","background-repeat":"repeat","background-position":"center center","background-size":"auto","background-attachment":"scroll","background-type":"","background-media":"","overlay-type":"","overlay-color":"","overlay-opacity":"","overlay-gradient":""},"tablet":{"background-color":"var(--ast-global-color-5)","background-image":"","background-repeat":"repeat","background-position":"center center","background-size":"auto","background-attachment":"scroll","background-type":"","background-media":"","overlay-type":"","overlay-color":"","overlay-opacity":"","overlay-gradient":""},"mobile":{"background-color":"var(--ast-global-color-5)","background-image":"","background-repeat":"repeat","background-position":"center center","background-size":"auto","background-attachment":"scroll","background-type":"","background-media":"","overlay-type":"","overlay-color":"","overlay-opacity":"","overlay-gradient":""}},"ngg_post_thumbnail":0,"footnotes":""},"categories":[55,22,1],"tags":[56],"class_list":["post-304","post","type-post","status-publish","format-gallery","has-post-thumbnail","hentry","category-francais","category-hiver-dans-les-hautes-alpes","category-non-classe","tag-francais","post_format-post-format-gallery"],"yoast_head":"<!-- This site is optimized with the Yoast SEO plugin v27.5 - https:\/\/yoast.com\/product\/yoast-seo-wordpress\/ -->\n<title>La beaut\u00e9 de l&#039;hiver dans les Hautes Alpes - La Maison du Guil - Le Blog<\/title>\n<meta name=\"description\" content=\"Des images de la beaut\u00e9 de l&#039;hiver dans les Hautes Alpes, entre la Font d&#039;Eygliers dans le Guillestrois et Arvieux et Saint V\u00e9ran dans le Queyras\" \/>\n<meta name=\"robots\" content=\"index, follow, max-snippet:-1, max-image-preview:large, max-video-preview:-1\" \/>\n<link rel=\"canonical\" href=\"https:\/\/www.lamaisonduguil.com\/blog\/beaute-de-lhiver-hautes-alpes\/\" \/>\n<meta property=\"og:locale\" content=\"fr_FR\" \/>\n<meta property=\"og:type\" content=\"article\" \/>\n<meta property=\"og:title\" content=\"La beaut\u00e9 de l&#039;hiver dans les Hautes Alpes - La Maison du Guil - Le Blog\" \/>\n<meta property=\"og:description\" content=\"Des images de la beaut\u00e9 de l&#039;hiver dans les Hautes Alpes, entre la Font d&#039;Eygliers dans le Guillestrois et Arvieux et Saint V\u00e9ran dans le Queyras\" \/>\n<meta property=\"og:url\" content=\"https:\/\/www.lamaisonduguil.com\/blog\/beaute-de-lhiver-hautes-alpes\/\" \/>\n<meta property=\"og:site_name\" content=\"La Maison du Guil - Le Blog\" \/>\n<meta property=\"article:publisher\" content=\"http:\/\/www.facebook.com\/lamaisonduguil\" \/>\n<meta property=\"article:published_time\" content=\"2017-02-22T15:51:49+00:00\" \/>\n<meta property=\"article:modified_time\" content=\"2019-04-08T22:32:45+00:00\" \/>\n<meta property=\"og:image\" content=\"https:\/\/www.lamaisonduguil.com\/blog\/wp-content\/uploads\/2017\/02\/IMG_0351_W-e1518634013650.jpg\" \/>\n\t<meta property=\"og:image:width\" content=\"1350\" \/>\n\t<meta property=\"og:image:height\" content=\"1800\" \/>\n\t<meta property=\"og:image:type\" content=\"image\/jpeg\" \/>\n<meta name=\"author\" content=\"Tom\" \/>\n<meta name=\"twitter:card\" content=\"summary_large_image\" \/>\n<meta name=\"twitter:label1\" content=\"\u00c9crit par\" \/>\n\t<meta name=\"twitter:data1\" content=\"Tom\" \/>\n<script type=\"application\/ld+json\" class=\"yoast-schema-graph\">{\"@context\":\"https:\\\/\\\/schema.org\",\"@graph\":[{\"@type\":\"Article\",\"@id\":\"https:\\\/\\\/www.lamaisonduguil.com\\\/blog\\\/beaute-de-lhiver-hautes-alpes\\\/#article\",\"isPartOf\":{\"@id\":\"https:\\\/\\\/www.lamaisonduguil.com\\\/blog\\\/beaute-de-lhiver-hautes-alpes\\\/\"},\"author\":{\"name\":\"Tom\",\"@id\":\"https:\\\/\\\/www.lamaisonduguil.com\\\/blog\\\/#\\\/schema\\\/person\\\/629208c2fb7759244c3fbe06c0bc3713\"},\"headline\":\"La beaut\u00e9 de l&rsquo;hiver dans les Hautes Alpes\",\"datePublished\":\"2017-02-22T15:51:49+00:00\",\"dateModified\":\"2019-04-08T22:32:45+00:00\",\"mainEntityOfPage\":{\"@id\":\"https:\\\/\\\/www.lamaisonduguil.com\\\/blog\\\/beaute-de-lhiver-hautes-alpes\\\/\"},\"wordCount\":89,\"commentCount\":3,\"publisher\":{\"@id\":\"https:\\\/\\\/www.lamaisonduguil.com\\\/blog\\\/#organization\"},\"image\":{\"@id\":\"https:\\\/\\\/www.lamaisonduguil.com\\\/blog\\\/beaute-de-lhiver-hautes-alpes\\\/#primaryimage\"},\"thumbnailUrl\":\"https:\\\/\\\/www.lamaisonduguil.com\\\/blog\\\/wp-content\\\/uploads\\\/2017\\\/02\\\/IMG_0351_W-e1518634013650.jpg\",\"keywords\":[\"Fran\u00e7ais\"],\"articleSection\":[\"Fran\u00e7ais\",\"Hiver dans les Hautes Alpes\"],\"inLanguage\":\"fr-FR\",\"potentialAction\":[{\"@type\":\"CommentAction\",\"name\":\"Comment\",\"target\":[\"https:\\\/\\\/www.lamaisonduguil.com\\\/blog\\\/beaute-de-lhiver-hautes-alpes\\\/#respond\"]}]},{\"@type\":\"WebPage\",\"@id\":\"https:\\\/\\\/www.lamaisonduguil.com\\\/blog\\\/beaute-de-lhiver-hautes-alpes\\\/\",\"url\":\"https:\\\/\\\/www.lamaisonduguil.com\\\/blog\\\/beaute-de-lhiver-hautes-alpes\\\/\",\"name\":\"La beaut\u00e9 de l'hiver dans les Hautes Alpes - La Maison du Guil - Le Blog\",\"isPartOf\":{\"@id\":\"https:\\\/\\\/www.lamaisonduguil.com\\\/blog\\\/#website\"},\"primaryImageOfPage\":{\"@id\":\"https:\\\/\\\/www.lamaisonduguil.com\\\/blog\\\/beaute-de-lhiver-hautes-alpes\\\/#primaryimage\"},\"image\":{\"@id\":\"https:\\\/\\\/www.lamaisonduguil.com\\\/blog\\\/beaute-de-lhiver-hautes-alpes\\\/#primaryimage\"},\"thumbnailUrl\":\"https:\\\/\\\/www.lamaisonduguil.com\\\/blog\\\/wp-content\\\/uploads\\\/2017\\\/02\\\/IMG_0351_W-e1518634013650.jpg\",\"datePublished\":\"2017-02-22T15:51:49+00:00\",\"dateModified\":\"2019-04-08T22:32:45+00:00\",\"description\":\"Des images de la beaut\u00e9 de l'hiver dans les Hautes Alpes, entre la Font d'Eygliers dans le Guillestrois et Arvieux et Saint V\u00e9ran dans le Queyras\",\"breadcrumb\":{\"@id\":\"https:\\\/\\\/www.lamaisonduguil.com\\\/blog\\\/beaute-de-lhiver-hautes-alpes\\\/#breadcrumb\"},\"inLanguage\":\"fr-FR\",\"potentialAction\":[{\"@type\":\"ReadAction\",\"target\":[\"https:\\\/\\\/www.lamaisonduguil.com\\\/blog\\\/beaute-de-lhiver-hautes-alpes\\\/\"]}]},{\"@type\":\"ImageObject\",\"inLanguage\":\"fr-FR\",\"@id\":\"https:\\\/\\\/www.lamaisonduguil.com\\\/blog\\\/beaute-de-lhiver-hautes-alpes\\\/#primaryimage\",\"url\":\"https:\\\/\\\/www.lamaisonduguil.com\\\/blog\\\/wp-content\\\/uploads\\\/2017\\\/02\\\/IMG_0351_W-e1518634013650.jpg\",\"contentUrl\":\"https:\\\/\\\/www.lamaisonduguil.com\\\/blog\\\/wp-content\\\/uploads\\\/2017\\\/02\\\/IMG_0351_W-e1518634013650.jpg\",\"width\":1350,\"height\":1800,\"caption\":\"Vue sur le four banal et la Maison du Guil\"},{\"@type\":\"BreadcrumbList\",\"@id\":\"https:\\\/\\\/www.lamaisonduguil.com\\\/blog\\\/beaute-de-lhiver-hautes-alpes\\\/#breadcrumb\",\"itemListElement\":[{\"@type\":\"ListItem\",\"position\":1,\"name\":\"Accueil\",\"item\":\"https:\\\/\\\/www.lamaisonduguil.com\\\/blog\\\/\"},{\"@type\":\"ListItem\",\"position\":2,\"name\":\"La beaut\u00e9 de l&rsquo;hiver dans les Hautes Alpes\"}]},{\"@type\":\"WebSite\",\"@id\":\"https:\\\/\\\/www.lamaisonduguil.com\\\/blog\\\/#website\",\"url\":\"https:\\\/\\\/www.lamaisonduguil.com\\\/blog\\\/\",\"name\":\"La Maison du Guil - Le Blog\",\"description\":\"Un blog pour vous aider \u00e0 d\u00e9couvrir notre belle r\u00e9gion\",\"publisher\":{\"@id\":\"https:\\\/\\\/www.lamaisonduguil.com\\\/blog\\\/#organization\"},\"potentialAction\":[{\"@type\":\"SearchAction\",\"target\":{\"@type\":\"EntryPoint\",\"urlTemplate\":\"https:\\\/\\\/www.lamaisonduguil.com\\\/blog\\\/?s={search_term_string}\"},\"query-input\":{\"@type\":\"PropertyValueSpecification\",\"valueRequired\":true,\"valueName\":\"search_term_string\"}}],\"inLanguage\":\"fr-FR\"},{\"@type\":\"Organization\",\"@id\":\"https:\\\/\\\/www.lamaisonduguil.com\\\/blog\\\/#organization\",\"name\":\"La Maison du Guil - Le Blog\",\"url\":\"https:\\\/\\\/www.lamaisonduguil.com\\\/blog\\\/\",\"logo\":{\"@type\":\"ImageObject\",\"inLanguage\":\"fr-FR\",\"@id\":\"https:\\\/\\\/www.lamaisonduguil.com\\\/blog\\\/#\\\/schema\\\/logo\\\/image\\\/\",\"url\":\"https:\\\/\\\/www.lamaisonduguil.com\\\/blog\\\/wp-content\\\/uploads\\\/2016\\\/09\\\/logo2.gif\",\"contentUrl\":\"https:\\\/\\\/www.lamaisonduguil.com\\\/blog\\\/wp-content\\\/uploads\\\/2016\\\/09\\\/logo2.gif\",\"width\":207,\"height\":207,\"caption\":\"La Maison du Guil - Le Blog\"},\"image\":{\"@id\":\"https:\\\/\\\/www.lamaisonduguil.com\\\/blog\\\/#\\\/schema\\\/logo\\\/image\\\/\"},\"sameAs\":[\"http:\\\/\\\/www.facebook.com\\\/lamaisonduguil\"]},{\"@type\":\"Person\",\"@id\":\"https:\\\/\\\/www.lamaisonduguil.com\\\/blog\\\/#\\\/schema\\\/person\\\/629208c2fb7759244c3fbe06c0bc3713\",\"name\":\"Tom\",\"image\":{\"@type\":\"ImageObject\",\"inLanguage\":\"fr-FR\",\"@id\":\"https:\\\/\\\/secure.gravatar.com\\\/avatar\\\/5f0fbdeab05c9050198d8e098c31cf87ec88fb8b615fd68e88c27383c80ccf81?s=96&d=mm&r=g\",\"url\":\"https:\\\/\\\/secure.gravatar.com\\\/avatar\\\/5f0fbdeab05c9050198d8e098c31cf87ec88fb8b615fd68e88c27383c80ccf81?s=96&d=mm&r=g\",\"contentUrl\":\"https:\\\/\\\/secure.gravatar.com\\\/avatar\\\/5f0fbdeab05c9050198d8e098c31cf87ec88fb8b615fd68e88c27383c80ccf81?s=96&d=mm&r=g\",\"caption\":\"Tom\"},\"sameAs\":[\"https:\\\/\\\/www.lamaisonduguil.com\"]}]}<\/script>\n<!-- \/ Yoast SEO plugin. -->","yoast_head_json":{"title":"La beaut\u00e9 de l'hiver dans les Hautes Alpes - La Maison du Guil - Le Blog","description":"Des images de la beaut\u00e9 de l'hiver dans les Hautes Alpes, entre la Font d'Eygliers dans le Guillestrois et Arvieux et Saint V\u00e9ran dans le Queyras","robots":{"index":"index","follow":"follow","max-snippet":"max-snippet:-1","max-image-preview":"max-image-preview:large","max-video-preview":"max-video-preview:-1"},"canonical":"https:\/\/www.lamaisonduguil.com\/blog\/beaute-de-lhiver-hautes-alpes\/","og_locale":"fr_FR","og_type":"article","og_title":"La beaut\u00e9 de l'hiver dans les Hautes Alpes - La Maison du Guil - Le Blog","og_description":"Des images de la beaut\u00e9 de l'hiver dans les Hautes Alpes, entre la Font d'Eygliers dans le Guillestrois et Arvieux et Saint V\u00e9ran dans le Queyras","og_url":"https:\/\/www.lamaisonduguil.com\/blog\/beaute-de-lhiver-hautes-alpes\/","og_site_name":"La Maison du Guil - Le Blog","article_publisher":"http:\/\/www.facebook.com\/lamaisonduguil","article_published_time":"2017-02-22T15:51:49+00:00","article_modified_time":"2019-04-08T22:32:45+00:00","og_image":[{"width":1350,"height":1800,"url":"https:\/\/www.lamaisonduguil.com\/blog\/wp-content\/uploads\/2017\/02\/IMG_0351_W-e1518634013650.jpg","type":"image\/jpeg"}],"author":"Tom","twitter_card":"summary_large_image","twitter_misc":{"\u00c9crit par":"Tom"},"schema":{"@context":"https:\/\/schema.org","@graph":[{"@type":"Article","@id":"https:\/\/www.lamaisonduguil.com\/blog\/beaute-de-lhiver-hautes-alpes\/#article","isPartOf":{"@id":"https:\/\/www.lamaisonduguil.com\/blog\/beaute-de-lhiver-hautes-alpes\/"},"author":{"name":"Tom","@id":"https:\/\/www.lamaisonduguil.com\/blog\/#\/schema\/person\/629208c2fb7759244c3fbe06c0bc3713"},"headline":"La beaut\u00e9 de l&rsquo;hiver dans les Hautes Alpes","datePublished":"2017-02-22T15:51:49+00:00","dateModified":"2019-04-08T22:32:45+00:00","mainEntityOfPage":{"@id":"https:\/\/www.lamaisonduguil.com\/blog\/beaute-de-lhiver-hautes-alpes\/"},"wordCount":89,"commentCount":3,"publisher":{"@id":"https:\/\/www.lamaisonduguil.com\/blog\/#organization"},"image":{"@id":"https:\/\/www.lamaisonduguil.com\/blog\/beaute-de-lhiver-hautes-alpes\/#primaryimage"},"thumbnailUrl":"https:\/\/www.lamaisonduguil.com\/blog\/wp-content\/uploads\/2017\/02\/IMG_0351_W-e1518634013650.jpg","keywords":["Fran\u00e7ais"],"articleSection":["Fran\u00e7ais","Hiver dans les Hautes Alpes"],"inLanguage":"fr-FR","potentialAction":[{"@type":"CommentAction","name":"Comment","target":["https:\/\/www.lamaisonduguil.com\/blog\/beaute-de-lhiver-hautes-alpes\/#respond"]}]},{"@type":"WebPage","@id":"https:\/\/www.lamaisonduguil.com\/blog\/beaute-de-lhiver-hautes-alpes\/","url":"https:\/\/www.lamaisonduguil.com\/blog\/beaute-de-lhiver-hautes-alpes\/","name":"La beaut\u00e9 de l'hiver dans les Hautes Alpes - La Maison du Guil - Le Blog","isPartOf":{"@id":"https:\/\/www.lamaisonduguil.com\/blog\/#website"},"primaryImageOfPage":{"@id":"https:\/\/www.lamaisonduguil.com\/blog\/beaute-de-lhiver-hautes-alpes\/#primaryimage"},"image":{"@id":"https:\/\/www.lamaisonduguil.com\/blog\/beaute-de-lhiver-hautes-alpes\/#primaryimage"},"thumbnailUrl":"https:\/\/www.lamaisonduguil.com\/blog\/wp-content\/uploads\/2017\/02\/IMG_0351_W-e1518634013650.jpg","datePublished":"2017-02-22T15:51:49+00:00","dateModified":"2019-04-08T22:32:45+00:00","description":"Des images de la beaut\u00e9 de l'hiver dans les Hautes Alpes, entre la Font d'Eygliers dans le Guillestrois et Arvieux et Saint V\u00e9ran dans le Queyras","breadcrumb":{"@id":"https:\/\/www.lamaisonduguil.com\/blog\/beaute-de-lhiver-hautes-alpes\/#breadcrumb"},"inLanguage":"fr-FR","potentialAction":[{"@type":"ReadAction","target":["https:\/\/www.lamaisonduguil.com\/blog\/beaute-de-lhiver-hautes-alpes\/"]}]},{"@type":"ImageObject","inLanguage":"fr-FR","@id":"https:\/\/www.lamaisonduguil.com\/blog\/beaute-de-lhiver-hautes-alpes\/#primaryimage","url":"https:\/\/www.lamaisonduguil.com\/blog\/wp-content\/uploads\/2017\/02\/IMG_0351_W-e1518634013650.jpg","contentUrl":"https:\/\/www.lamaisonduguil.com\/blog\/wp-content\/uploads\/2017\/02\/IMG_0351_W-e1518634013650.jpg","width":1350,"height":1800,"caption":"Vue sur le four banal et la Maison du Guil"},{"@type":"BreadcrumbList","@id":"https:\/\/www.lamaisonduguil.com\/blog\/beaute-de-lhiver-hautes-alpes\/#breadcrumb","itemListElement":[{"@type":"ListItem","position":1,"name":"Accueil","item":"https:\/\/www.lamaisonduguil.com\/blog\/"},{"@type":"ListItem","position":2,"name":"La beaut\u00e9 de l&rsquo;hiver dans les Hautes Alpes"}]},{"@type":"WebSite","@id":"https:\/\/www.lamaisonduguil.com\/blog\/#website","url":"https:\/\/www.lamaisonduguil.com\/blog\/","name":"La Maison du Guil - Le Blog","description":"Un blog pour vous aider \u00e0 d\u00e9couvrir notre belle r\u00e9gion","publisher":{"@id":"https:\/\/www.lamaisonduguil.com\/blog\/#organization"},"potentialAction":[{"@type":"SearchAction","target":{"@type":"EntryPoint","urlTemplate":"https:\/\/www.lamaisonduguil.com\/blog\/?s={search_term_string}"},"query-input":{"@type":"PropertyValueSpecification","valueRequired":true,"valueName":"search_term_string"}}],"inLanguage":"fr-FR"},{"@type":"Organization","@id":"https:\/\/www.lamaisonduguil.com\/blog\/#organization","name":"La Maison du Guil - Le Blog","url":"https:\/\/www.lamaisonduguil.com\/blog\/","logo":{"@type":"ImageObject","inLanguage":"fr-FR","@id":"https:\/\/www.lamaisonduguil.com\/blog\/#\/schema\/logo\/image\/","url":"https:\/\/www.lamaisonduguil.com\/blog\/wp-content\/uploads\/2016\/09\/logo2.gif","contentUrl":"https:\/\/www.lamaisonduguil.com\/blog\/wp-content\/uploads\/2016\/09\/logo2.gif","width":207,"height":207,"caption":"La Maison du Guil - Le Blog"},"image":{"@id":"https:\/\/www.lamaisonduguil.com\/blog\/#\/schema\/logo\/image\/"},"sameAs":["http:\/\/www.facebook.com\/lamaisonduguil"]},{"@type":"Person","@id":"https:\/\/www.lamaisonduguil.com\/blog\/#\/schema\/person\/629208c2fb7759244c3fbe06c0bc3713","name":"Tom","image":{"@type":"ImageObject","inLanguage":"fr-FR","@id":"https:\/\/secure.gravatar.com\/avatar\/5f0fbdeab05c9050198d8e098c31cf87ec88fb8b615fd68e88c27383c80ccf81?s=96&d=mm&r=g","url":"https:\/\/secure.gravatar.com\/avatar\/5f0fbdeab05c9050198d8e098c31cf87ec88fb8b615fd68e88c27383c80ccf81?s=96&d=mm&r=g","contentUrl":"https:\/\/secure.gravatar.com\/avatar\/5f0fbdeab05c9050198d8e098c31cf87ec88fb8b615fd68e88c27383c80ccf81?s=96&d=mm&r=g","caption":"Tom"},"sameAs":["https:\/\/www.lamaisonduguil.com"]}]}},"_links":{"self":[{"href":"https:\/\/www.lamaisonduguil.com\/blog\/wp-json\/wp\/v2\/posts\/304","targetHints":{"allow":["GET"]}}],"collection":[{"href":"https:\/\/www.lamaisonduguil.com\/blog\/wp-json\/wp\/v2\/posts"}],"about":[{"href":"https:\/\/www.lamaisonduguil.com\/blog\/wp-json\/wp\/v2\/types\/post"}],"author":[{"embeddable":true,"href":"https:\/\/www.lamaisonduguil.com\/blog\/wp-json\/wp\/v2\/users\/2"}],"replies":[{"embeddable":true,"href":"https:\/\/www.lamaisonduguil.com\/blog\/wp-json\/wp\/v2\/comments?post=304"}],"version-history":[{"count":0,"href":"https:\/\/www.lamaisonduguil.com\/blog\/wp-json\/wp\/v2\/posts\/304\/revisions"}],"wp:featuredmedia":[{"embeddable":true,"href":"https:\/\/www.lamaisonduguil.com\/blog\/wp-json\/wp\/v2\/media\/303"}],"wp:attachment":[{"href":"https:\/\/www.lamaisonduguil.com\/blog\/wp-json\/wp\/v2\/media?parent=304"}],"wp:term":[{"taxonomy":"category","embeddable":true,"href":"https:\/\/www.lamaisonduguil.com\/blog\/wp-json\/wp\/v2\/categories?post=304"},{"taxonomy":"post_tag","embeddable":true,"href":"https:\/\/www.lamaisonduguil.com\/blog\/wp-json\/wp\/v2\/tags?post=304"}],"curies":[{"name":"wp","href":"https:\/\/api.w.org\/{rel}","templated":true}]}}