{"id":443,"date":"2017-03-01T15:39:51","date_gmt":"2017-03-01T14:39:51","guid":{"rendered":"http:\/\/www.lamaisonduguil.com\/blog\/?p=443"},"modified":"2019-04-09T01:55:42","modified_gmt":"2019-04-08T23:55:42","slug":"printemps-moment-ideal-circuits-hautes-alpes","status":"publish","type":"post","link":"https:\/\/www.lamaisonduguil.com\/blog\/printemps-moment-ideal-circuits-hautes-alpes\/","title":{"rendered":"Le printemps, le moment id\u00e9al pour les circuits dans les Hautes Alpes"},"content":{"rendered":"<p>M\u00eame si l&rsquo;hiver n&rsquo;est pas encore termin\u00e9, les temp\u00e9ratures de cette fin F\u00e9vrier et le ciel tout bleu font d\u00e9j\u00e0 r\u00eaver des sorties vers les cols de notre territoire. &nbsp;Les cols mythiques du Tour de France, comme l&rsquo;Izoard ou encore le Galibier, mais aussi des endroits moins connus comme le col Agnel ou le tour du lac de Serre-Pon\u00e7on. &nbsp;<\/p>\n<p>Pas trop de circulation au printemps, pas trop de monde, un ciel bien bleu, des temp\u00e9ratures bien agr\u00e9ables. &nbsp;<\/p>\n<h2>Vespa PX<\/h2>\n<p>Certains entre nous veulent faire ces cols en v\u00e9lo (ah, les courageux&#8230;), d&rsquo;autres plut\u00f4t en voiture de sport, d\u00e9capotable si possible, (ah, les fortun\u00e9s&#8230;), moi, j&rsquo;ai choisi un autre moyen de transport, bien plus modeste et moins sportif. &nbsp;Ma petite <strong>Vespa PX 150<\/strong>, noire, une des derni\u00e8res fabriqu\u00e9es de l&rsquo;ancien mod\u00e8le. &nbsp;4 vitesses, frein \u00e0 pied, vitesse maxi 90 km\/hr (pas sur les mont\u00e9es&nbsp;\u00e9videmment&#8230;). &nbsp;Le petit <strong>bruit de l&rsquo;\u00e9chappement tr\u00e8s connu<\/strong>&#8230; &nbsp;<\/p>\n<p>Bien que, c&rsquo;est un bruit auquel on s&rsquo;attend plus quand on est en ville, \u00e0 Florence ou \u00e0 Rome par exemple. &nbsp;Ici, dans les Hautes Alpes, le bruit d&rsquo;une Vespa px qui monte les cols mythiques, \u00e7a fait un peu \u00e9trange quand m\u00eame&#8230; &nbsp;<\/p>\n<p>Mais nous, on s&rsquo;en fiche. &nbsp;<\/p>\n<p>Un pur bonheur de circuler sur <strong>les routes de montagne<\/strong> de notre territoire en Vespa ! &nbsp;Vive le printemps !<\/p>\n<div id='gallery-1' class='gallery galleryid-443 gallery-columns-3 gallery-size-full'><figure class='gallery-item'>\n\t\t\t<div class='gallery-icon landscape'>\n\t\t\t\t<a href='https:\/\/www.lamaisonduguil.com\/blog\/wp-content\/uploads\/2017\/02\/IMG_3552-e1488321191867.jpg' title=\"\" data-rl_title=\"\" class=\"rl-gallery-link\" data-rl_caption=\"\" data-rel=\"lightbox-gallery-1\"><img fetchpriority=\"high\" decoding=\"async\" width=\"2447\" height=\"2447\" src=\"https:\/\/www.lamaisonduguil.com\/blog\/wp-content\/uploads\/2017\/02\/IMG_3552-e1488321191867.jpg\" class=\"attachment-full size-full\" alt=\"\" aria-describedby=\"gallery-1-457\" srcset=\"https:\/\/www.lamaisonduguil.com\/blog\/wp-content\/uploads\/2017\/02\/IMG_3552-e1488321191867.jpg 2447w, https:\/\/www.lamaisonduguil.com\/blog\/wp-content\/uploads\/2017\/02\/IMG_3552-e1488321191867-150x150.jpg 150w, https:\/\/www.lamaisonduguil.com\/blog\/wp-content\/uploads\/2017\/02\/IMG_3552-e1488321191867-300x300.jpg 300w, https:\/\/www.lamaisonduguil.com\/blog\/wp-content\/uploads\/2017\/02\/IMG_3552-e1488321191867-768x768.jpg 768w, https:\/\/www.lamaisonduguil.com\/blog\/wp-content\/uploads\/2017\/02\/IMG_3552-e1488321191867-1024x1024.jpg 1024w, https:\/\/www.lamaisonduguil.com\/blog\/wp-content\/uploads\/2017\/02\/IMG_3552-e1488321191867-830x830.jpg 830w, https:\/\/www.lamaisonduguil.com\/blog\/wp-content\/uploads\/2017\/02\/IMG_3552-e1488321191867-230x230.jpg 230w, https:\/\/www.lamaisonduguil.com\/blog\/wp-content\/uploads\/2017\/02\/IMG_3552-e1488321191867-350x350.jpg 350w, https:\/\/www.lamaisonduguil.com\/blog\/wp-content\/uploads\/2017\/02\/IMG_3552-e1488321191867-480x480.jpg 480w, https:\/\/www.lamaisonduguil.com\/blog\/wp-content\/uploads\/2017\/02\/IMG_3552-e1488321191867-48x48.jpg 48w, https:\/\/www.lamaisonduguil.com\/blog\/wp-content\/uploads\/2017\/02\/IMG_3552-e1488321191867-250x250.jpg 250w, https:\/\/www.lamaisonduguil.com\/blog\/wp-content\/uploads\/2017\/02\/IMG_3552-e1488321191867-550x550.jpg 550w, https:\/\/www.lamaisonduguil.com\/blog\/wp-content\/uploads\/2017\/02\/IMG_3552-e1488321191867-800x800.jpg 800w, https:\/\/www.lamaisonduguil.com\/blog\/wp-content\/uploads\/2017\/02\/IMG_3552-e1488321191867-180x180.jpg 180w, https:\/\/www.lamaisonduguil.com\/blog\/wp-content\/uploads\/2017\/02\/IMG_3552-e1488321191867-500x500.jpg 500w\" sizes=\"(max-width: 2447px) 100vw, 2447px\" \/><\/a>\n\t\t\t<\/div>\n\t\t\t\t<figcaption class='wp-caption-text gallery-caption' id='gallery-1-457'>\n\t\t\t\tEn route pour le Col Agnel\n\t\t\t\t<\/figcaption><\/figure><figure class='gallery-item'>\n\t\t\t<div class='gallery-icon landscape'>\n\t\t\t\t<a href='https:\/\/www.lamaisonduguil.com\/blog\/wp-content\/uploads\/2017\/02\/IMG_4388-e1518618597251.jpg' title=\"\" data-rl_title=\"\" class=\"rl-gallery-link\" data-rl_caption=\"\" data-rel=\"lightbox-gallery-1\"><img decoding=\"async\" width=\"1800\" height=\"1206\" src=\"https:\/\/www.lamaisonduguil.com\/blog\/wp-content\/uploads\/2017\/02\/IMG_4388-e1518618597251.jpg\" class=\"attachment-full size-full\" alt=\"\" \/><\/a>\n\t\t\t<\/div><\/figure><figure class='gallery-item'>\n\t\t\t<div class='gallery-icon landscape'>\n\t\t\t\t<a href='https:\/\/www.lamaisonduguil.com\/blog\/wp-content\/uploads\/2017\/02\/IMG_3553-e1518618648191.jpg' title=\"\" data-rl_title=\"\" class=\"rl-gallery-link\" data-rl_caption=\"\" data-rel=\"lightbox-gallery-1\"><img decoding=\"async\" width=\"1800\" height=\"1800\" src=\"https:\/\/www.lamaisonduguil.com\/blog\/wp-content\/uploads\/2017\/02\/IMG_3553-e1518618648191.jpg\" class=\"attachment-full size-full\" alt=\"\" aria-describedby=\"gallery-1-458\" \/><\/a>\n\t\t\t<\/div>\n\t\t\t\t<figcaption class='wp-caption-text gallery-caption' id='gallery-1-458'>\n\t\t\t\tSur le Col Agnel, o\u00f9 la Vespa a fait un petit coucou \u00e0 son pays natal\n\t\t\t\t<\/figcaption><\/figure><figure class='gallery-item'>\n\t\t\t<div class='gallery-icon landscape'>\n\t\t\t\t<a href='https:\/\/www.lamaisonduguil.com\/blog\/wp-content\/uploads\/2017\/02\/IMG_3396-e1518618698906.jpg' title=\"\" data-rl_title=\"\" class=\"rl-gallery-link\" data-rl_caption=\"\" data-rel=\"lightbox-gallery-1\"><img loading=\"lazy\" decoding=\"async\" width=\"1800\" height=\"1799\" src=\"https:\/\/www.lamaisonduguil.com\/blog\/wp-content\/uploads\/2017\/02\/IMG_3396-e1518618698906.jpg\" class=\"attachment-full size-full\" alt=\"\" aria-describedby=\"gallery-1-456\" \/><\/a>\n\t\t\t<\/div>\n\t\t\t\t<figcaption class='wp-caption-text gallery-caption' id='gallery-1-456'>\n\t\t\t\tEn face du hameau de la Font d&rsquo;Eygliers\n\t\t\t\t<\/figcaption><\/figure><figure class='gallery-item'>\n\t\t\t<div class='gallery-icon landscape'>\n\t\t\t\t<a href='https:\/\/www.lamaisonduguil.com\/blog\/wp-content\/uploads\/2017\/02\/IMG_3295-e1518618763254.jpg' title=\"\" data-rl_title=\"\" class=\"rl-gallery-link\" data-rl_caption=\"\" data-rel=\"lightbox-gallery-1\"><img loading=\"lazy\" decoding=\"async\" width=\"1800\" height=\"1800\" src=\"https:\/\/www.lamaisonduguil.com\/blog\/wp-content\/uploads\/2017\/02\/IMG_3295-e1518618763254.jpg\" class=\"attachment-full size-full\" alt=\"\" aria-describedby=\"gallery-1-455\" \/><\/a>\n\t\t\t<\/div>\n\t\t\t\t<figcaption class='wp-caption-text gallery-caption' id='gallery-1-455'>\n\t\t\t\tLa petite Vespa un peu intimid\u00e9e lors d&rsquo;un rassemblement Harley Davidson \u00e0 Mont Dauphin&#8230;\n\t\t\t\t<\/figcaption><\/figure><figure class='gallery-item'>\n\t\t\t<div class='gallery-icon portrait'>\n\t\t\t\t<a href='https:\/\/www.lamaisonduguil.com\/blog\/wp-content\/uploads\/2017\/02\/IMG_3194-e1518618809400.jpg' title=\"\" data-rl_title=\"\" class=\"rl-gallery-link\" data-rl_caption=\"\" data-rel=\"lightbox-gallery-1\"><img loading=\"lazy\" decoding=\"async\" width=\"1350\" height=\"1800\" src=\"https:\/\/www.lamaisonduguil.com\/blog\/wp-content\/uploads\/2017\/02\/IMG_3194-e1518618809400.jpg\" class=\"attachment-full size-full\" alt=\"\" aria-describedby=\"gallery-1-454\" \/><\/a>\n\t\t\t<\/div>\n\t\t\t\t<figcaption class='wp-caption-text gallery-caption' id='gallery-1-454'>\n\t\t\t\tSur le Col de l&rsquo;Izoard\n\t\t\t\t<\/figcaption><\/figure><figure class='gallery-item'>\n\t\t\t<div class='gallery-icon landscape'>\n\t\t\t\t<a href='https:\/\/www.lamaisonduguil.com\/blog\/wp-content\/uploads\/2017\/02\/IMG_3176-e1518618981130.jpg' title=\"\" data-rl_title=\"\" class=\"rl-gallery-link\" data-rl_caption=\"\" data-rel=\"lightbox-gallery-1\"><img loading=\"lazy\" decoding=\"async\" width=\"1800\" height=\"1350\" src=\"https:\/\/www.lamaisonduguil.com\/blog\/wp-content\/uploads\/2017\/02\/IMG_3176-e1518618981130.jpg\" class=\"attachment-full size-full\" alt=\"\" \/><\/a>\n\t\t\t<\/div><\/figure><figure class='gallery-item'>\n\t\t\t<div class='gallery-icon landscape'>\n\t\t\t\t<a href='https:\/\/www.lamaisonduguil.com\/blog\/wp-content\/uploads\/2017\/02\/IMG_3185-e1518618905879.jpg' title=\"\" data-rl_title=\"\" class=\"rl-gallery-link\" data-rl_caption=\"\" data-rel=\"lightbox-gallery-1\"><img loading=\"lazy\" decoding=\"async\" width=\"1800\" height=\"1350\" src=\"https:\/\/www.lamaisonduguil.com\/blog\/wp-content\/uploads\/2017\/02\/IMG_3185-e1518618905879.jpg\" class=\"attachment-full size-full\" alt=\"\" \/><\/a>\n\t\t\t<\/div><\/figure><figure class='gallery-item'>\n\t\t\t<div class='gallery-icon landscape'>\n\t\t\t\t<a href='https:\/\/www.lamaisonduguil.com\/blog\/wp-content\/uploads\/2017\/02\/IMG_3172-e1518619043763.jpg' title=\"\" data-rl_title=\"\" class=\"rl-gallery-link\" data-rl_caption=\"\" data-rel=\"lightbox-gallery-1\"><img loading=\"lazy\" decoding=\"async\" width=\"1800\" height=\"1350\" src=\"https:\/\/www.lamaisonduguil.com\/blog\/wp-content\/uploads\/2017\/02\/IMG_3172-e1518619043763.jpg\" class=\"attachment-full size-full\" alt=\"\" \/><\/a>\n\t\t\t<\/div><\/figure><figure class='gallery-item'>\n\t\t\t<div class='gallery-icon portrait'>\n\t\t\t\t<a href='https:\/\/www.lamaisonduguil.com\/blog\/wp-content\/uploads\/2017\/02\/IMG_3156-e1518619147789.jpg' title=\"\" data-rl_title=\"\" class=\"rl-gallery-link\" data-rl_caption=\"\" data-rel=\"lightbox-gallery-1\"><img loading=\"lazy\" decoding=\"async\" width=\"1350\" height=\"1800\" src=\"https:\/\/www.lamaisonduguil.com\/blog\/wp-content\/uploads\/2017\/02\/IMG_3156-e1518619147789.jpg\" class=\"attachment-full size-full\" alt=\"\" \/><\/a>\n\t\t\t<\/div><\/figure><figure class='gallery-item'>\n\t\t\t<div class='gallery-icon portrait'>\n\t\t\t\t<a href='https:\/\/www.lamaisonduguil.com\/blog\/wp-content\/uploads\/2017\/02\/IMG_3154-e1518619238815.jpg' title=\"\" data-rl_title=\"\" class=\"rl-gallery-link\" data-rl_caption=\"\" data-rel=\"lightbox-gallery-1\"><img loading=\"lazy\" decoding=\"async\" width=\"1350\" height=\"1800\" src=\"https:\/\/www.lamaisonduguil.com\/blog\/wp-content\/uploads\/2017\/02\/IMG_3154-e1518619238815.jpg\" class=\"attachment-full size-full\" alt=\"\" \/><\/a>\n\t\t\t<\/div><\/figure><figure class='gallery-item'>\n\t\t\t<div class='gallery-icon landscape'>\n\t\t\t\t<a href='https:\/\/www.lamaisonduguil.com\/blog\/wp-content\/uploads\/2017\/02\/IMG_3153-e1518619307158.jpg' title=\"\" data-rl_title=\"\" class=\"rl-gallery-link\" data-rl_caption=\"\" data-rel=\"lightbox-gallery-1\"><img loading=\"lazy\" decoding=\"async\" width=\"1800\" height=\"1350\" src=\"https:\/\/www.lamaisonduguil.com\/blog\/wp-content\/uploads\/2017\/02\/IMG_3153-e1518619307158.jpg\" class=\"attachment-full size-full\" alt=\"\" \/><\/a>\n\t\t\t<\/div><\/figure><figure class='gallery-item'>\n\t\t\t<div class='gallery-icon landscape'>\n\t\t\t\t<a href='https:\/\/www.lamaisonduguil.com\/blog\/wp-content\/uploads\/2017\/02\/IMG_3148-e1518619436140.jpg' title=\"\" data-rl_title=\"\" class=\"rl-gallery-link\" data-rl_caption=\"\" data-rel=\"lightbox-gallery-1\"><img loading=\"lazy\" decoding=\"async\" width=\"1800\" height=\"1350\" src=\"https:\/\/www.lamaisonduguil.com\/blog\/wp-content\/uploads\/2017\/02\/IMG_3148-e1518619436140.jpg\" class=\"attachment-full size-full\" alt=\"\" \/><\/a>\n\t\t\t<\/div><\/figure><figure class='gallery-item'>\n\t\t\t<div class='gallery-icon landscape'>\n\t\t\t\t<a href='https:\/\/www.lamaisonduguil.com\/blog\/wp-content\/uploads\/2017\/02\/IMG_3149-e1518619385678.jpg' title=\"\" data-rl_title=\"\" class=\"rl-gallery-link\" data-rl_caption=\"\" data-rel=\"lightbox-gallery-1\"><img loading=\"lazy\" decoding=\"async\" width=\"1800\" height=\"1350\" src=\"https:\/\/www.lamaisonduguil.com\/blog\/wp-content\/uploads\/2017\/02\/IMG_3149-e1518619385678.jpg\" class=\"attachment-full size-full\" alt=\"\" \/><\/a>\n\t\t\t<\/div><\/figure><figure class='gallery-item'>\n\t\t\t<div class='gallery-icon landscape'>\n\t\t\t\t<a href='https:\/\/www.lamaisonduguil.com\/blog\/wp-content\/uploads\/2017\/02\/IMG_3089-e1518622967481.jpg' title=\"\" data-rl_title=\"\" class=\"rl-gallery-link\" data-rl_caption=\"\" data-rel=\"lightbox-gallery-1\"><img loading=\"lazy\" decoding=\"async\" width=\"1800\" height=\"1350\" src=\"https:\/\/www.lamaisonduguil.com\/blog\/wp-content\/uploads\/2017\/02\/IMG_3089-e1518622967481.jpg\" class=\"attachment-full size-full\" alt=\"\" \/><\/a>\n\t\t\t<\/div><\/figure>\n\t\t<\/div>\n\n","protected":false},"excerpt":{"rendered":"<p>M\u00eame si l&rsquo;hiver n&rsquo;est pas encore termin\u00e9, les temp\u00e9ratures de cette fin F\u00e9vrier et le ciel tout bleu font d\u00e9j\u00e0 r\u00eaver des sorties vers les cols de notre territoire. &nbsp;Les cols mythiques du Tour de France, comme l&rsquo;Izoard ou encore le Galibier, mais aussi des endroits moins connus comme le col Agnel ou le tour [&hellip;]<\/p>\n","protected":false},"author":2,"featured_media":449,"comment_status":"open","ping_status":"open","sticky":false,"template":"","format":"standard","meta":{"site-sidebar-layout":"default","site-content-layout":"","ast-site-content-layout":"default","site-content-style":"default","site-sidebar-style":"default","ast-global-header-display":"","ast-banner-title-visibility":"","ast-main-header-display":"","ast-hfb-above-header-display":"","ast-hfb-below-header-display":"","ast-hfb-mobile-header-display":"","site-post-title":"","ast-breadcrumbs-content":"","ast-featured-img":"","footer-sml-layout":"","theme-transparent-header-meta":"","adv-header-id-meta":"","stick-header-meta":"","header-above-stick-meta":"","header-main-stick-meta":"","header-below-stick-meta":"","astra-migrate-meta-layouts":"default","ast-page-background-enabled":"default","ast-page-background-meta":{"desktop":{"background-color":"","background-image":"","background-repeat":"repeat","background-position":"center center","background-size":"auto","background-attachment":"scroll","background-type":"","background-media":"","overlay-type":"","overlay-color":"","overlay-opacity":"","overlay-gradient":""},"tablet":{"background-color":"","background-image":"","background-repeat":"repeat","background-position":"center center","background-size":"auto","background-attachment":"scroll","background-type":"","background-media":"","overlay-type":"","overlay-color":"","overlay-opacity":"","overlay-gradient":""},"mobile":{"background-color":"","background-image":"","background-repeat":"repeat","background-position":"center center","background-size":"auto","background-attachment":"scroll","background-type":"","background-media":"","overlay-type":"","overlay-color":"","overlay-opacity":"","overlay-gradient":""}},"ast-content-background-meta":{"desktop":{"background-color":"var(--ast-global-color-5)","background-image":"","background-repeat":"repeat","background-position":"center center","background-size":"auto","background-attachment":"scroll","background-type":"","background-media":"","overlay-type":"","overlay-color":"","overlay-opacity":"","overlay-gradient":""},"tablet":{"background-color":"var(--ast-global-color-5)","background-image":"","background-repeat":"repeat","background-position":"center center","background-size":"auto","background-attachment":"scroll","background-type":"","background-media":"","overlay-type":"","overlay-color":"","overlay-opacity":"","overlay-gradient":""},"mobile":{"background-color":"var(--ast-global-color-5)","background-image":"","background-repeat":"repeat","background-position":"center center","background-size":"auto","background-attachment":"scroll","background-type":"","background-media":"","overlay-type":"","overlay-color":"","overlay-opacity":"","overlay-gradient":""}},"ngg_post_thumbnail":0,"footnotes":""},"categories":[55,39,1,38],"tags":[56,3,42,40,41],"class_list":["post-443","post","type-post","status-publish","format-standard","has-post-thumbnail","hentry","category-francais","category-les-cols","category-non-classe","category-printemps","tag-francais","tag-hautesalpes","tag-les-cols","tag-printemps","tag-vespa"],"yoast_head":"<!-- This site is optimized with the Yoast SEO plugin v27.5 - https:\/\/yoast.com\/product\/yoast-seo-wordpress\/ -->\n<title>Les Hautes Alpes en moto ou en Vespa - La Maison du Guil - Le Blog<\/title>\n<meta name=\"description\" content=\"Les cols mythiques des Hautes Alpes en Vespa, au printemps. Rien de mieux pour d\u00e9couvrir ces beaux paysages du Pays du Guil, qu&#039;une sortie en moto, ou Vespa\" \/>\n<meta name=\"robots\" content=\"index, follow, max-snippet:-1, max-image-preview:large, max-video-preview:-1\" \/>\n<link rel=\"canonical\" href=\"https:\/\/www.lamaisonduguil.com\/blog\/printemps-moment-ideal-circuits-hautes-alpes\/\" \/>\n<meta property=\"og:locale\" content=\"fr_FR\" \/>\n<meta property=\"og:type\" content=\"article\" \/>\n<meta property=\"og:title\" content=\"Les Hautes Alpes en moto ou en Vespa - La Maison du Guil - Le Blog\" \/>\n<meta property=\"og:description\" content=\"Les cols mythiques des Hautes Alpes en Vespa, au printemps. Rien de mieux pour d\u00e9couvrir ces beaux paysages du Pays du Guil, qu&#039;une sortie en moto, ou Vespa\" \/>\n<meta property=\"og:url\" content=\"https:\/\/www.lamaisonduguil.com\/blog\/printemps-moment-ideal-circuits-hautes-alpes\/\" \/>\n<meta property=\"og:site_name\" content=\"La Maison du Guil - Le Blog\" \/>\n<meta property=\"article:publisher\" content=\"http:\/\/www.facebook.com\/lamaisonduguil\" \/>\n<meta property=\"article:published_time\" content=\"2017-03-01T14:39:51+00:00\" \/>\n<meta property=\"article:modified_time\" content=\"2019-04-08T23:55:42+00:00\" \/>\n<meta property=\"og:image\" content=\"https:\/\/www.lamaisonduguil.com\/blog\/wp-content\/uploads\/2017\/02\/IMG_3154-e1518619238815.jpg\" \/>\n\t<meta property=\"og:image:width\" content=\"1350\" \/>\n\t<meta property=\"og:image:height\" content=\"1800\" \/>\n\t<meta property=\"og:image:type\" content=\"image\/jpeg\" \/>\n<meta name=\"author\" content=\"Tom\" \/>\n<meta name=\"twitter:card\" content=\"summary_large_image\" \/>\n<meta name=\"twitter:label1\" content=\"\u00c9crit par\" \/>\n\t<meta name=\"twitter:data1\" content=\"Tom\" \/>\n\t<meta name=\"twitter:label2\" content=\"Dur\u00e9e de lecture estim\u00e9e\" \/>\n\t<meta name=\"twitter:data2\" content=\"1 minute\" \/>\n<script type=\"application\/ld+json\" class=\"yoast-schema-graph\">{\"@context\":\"https:\\\/\\\/schema.org\",\"@graph\":[{\"@type\":\"Article\",\"@id\":\"https:\\\/\\\/www.lamaisonduguil.com\\\/blog\\\/printemps-moment-ideal-circuits-hautes-alpes\\\/#article\",\"isPartOf\":{\"@id\":\"https:\\\/\\\/www.lamaisonduguil.com\\\/blog\\\/printemps-moment-ideal-circuits-hautes-alpes\\\/\"},\"author\":{\"name\":\"Tom\",\"@id\":\"https:\\\/\\\/www.lamaisonduguil.com\\\/blog\\\/#\\\/schema\\\/person\\\/629208c2fb7759244c3fbe06c0bc3713\"},\"headline\":\"Le printemps, le moment id\u00e9al pour les circuits dans les Hautes Alpes\",\"datePublished\":\"2017-03-01T14:39:51+00:00\",\"dateModified\":\"2019-04-08T23:55:42+00:00\",\"mainEntityOfPage\":{\"@id\":\"https:\\\/\\\/www.lamaisonduguil.com\\\/blog\\\/printemps-moment-ideal-circuits-hautes-alpes\\\/\"},\"wordCount\":260,\"commentCount\":0,\"publisher\":{\"@id\":\"https:\\\/\\\/www.lamaisonduguil.com\\\/blog\\\/#organization\"},\"image\":{\"@id\":\"https:\\\/\\\/www.lamaisonduguil.com\\\/blog\\\/printemps-moment-ideal-circuits-hautes-alpes\\\/#primaryimage\"},\"thumbnailUrl\":\"https:\\\/\\\/www.lamaisonduguil.com\\\/blog\\\/wp-content\\\/uploads\\\/2017\\\/02\\\/IMG_3154-e1518619238815.jpg\",\"keywords\":[\"Fran\u00e7ais\",\"Hautes Alpes\",\"Les cols\",\"Printemps\",\"Vespa\"],\"articleSection\":{\"0\":\"Fran\u00e7ais\",\"1\":\"Les cols\",\"3\":\"Printemps\"},\"inLanguage\":\"fr-FR\",\"potentialAction\":[{\"@type\":\"CommentAction\",\"name\":\"Comment\",\"target\":[\"https:\\\/\\\/www.lamaisonduguil.com\\\/blog\\\/printemps-moment-ideal-circuits-hautes-alpes\\\/#respond\"]}]},{\"@type\":\"WebPage\",\"@id\":\"https:\\\/\\\/www.lamaisonduguil.com\\\/blog\\\/printemps-moment-ideal-circuits-hautes-alpes\\\/\",\"url\":\"https:\\\/\\\/www.lamaisonduguil.com\\\/blog\\\/printemps-moment-ideal-circuits-hautes-alpes\\\/\",\"name\":\"Les Hautes Alpes en moto ou en Vespa - La Maison du Guil - Le Blog\",\"isPartOf\":{\"@id\":\"https:\\\/\\\/www.lamaisonduguil.com\\\/blog\\\/#website\"},\"primaryImageOfPage\":{\"@id\":\"https:\\\/\\\/www.lamaisonduguil.com\\\/blog\\\/printemps-moment-ideal-circuits-hautes-alpes\\\/#primaryimage\"},\"image\":{\"@id\":\"https:\\\/\\\/www.lamaisonduguil.com\\\/blog\\\/printemps-moment-ideal-circuits-hautes-alpes\\\/#primaryimage\"},\"thumbnailUrl\":\"https:\\\/\\\/www.lamaisonduguil.com\\\/blog\\\/wp-content\\\/uploads\\\/2017\\\/02\\\/IMG_3154-e1518619238815.jpg\",\"datePublished\":\"2017-03-01T14:39:51+00:00\",\"dateModified\":\"2019-04-08T23:55:42+00:00\",\"description\":\"Les cols mythiques des Hautes Alpes en Vespa, au printemps. Rien de mieux pour d\u00e9couvrir ces beaux paysages du Pays du Guil, qu'une sortie en moto, ou Vespa\",\"breadcrumb\":{\"@id\":\"https:\\\/\\\/www.lamaisonduguil.com\\\/blog\\\/printemps-moment-ideal-circuits-hautes-alpes\\\/#breadcrumb\"},\"inLanguage\":\"fr-FR\",\"potentialAction\":[{\"@type\":\"ReadAction\",\"target\":[\"https:\\\/\\\/www.lamaisonduguil.com\\\/blog\\\/printemps-moment-ideal-circuits-hautes-alpes\\\/\"]}]},{\"@type\":\"ImageObject\",\"inLanguage\":\"fr-FR\",\"@id\":\"https:\\\/\\\/www.lamaisonduguil.com\\\/blog\\\/printemps-moment-ideal-circuits-hautes-alpes\\\/#primaryimage\",\"url\":\"https:\\\/\\\/www.lamaisonduguil.com\\\/blog\\\/wp-content\\\/uploads\\\/2017\\\/02\\\/IMG_3154-e1518619238815.jpg\",\"contentUrl\":\"https:\\\/\\\/www.lamaisonduguil.com\\\/blog\\\/wp-content\\\/uploads\\\/2017\\\/02\\\/IMG_3154-e1518619238815.jpg\",\"width\":1350,\"height\":1800},{\"@type\":\"BreadcrumbList\",\"@id\":\"https:\\\/\\\/www.lamaisonduguil.com\\\/blog\\\/printemps-moment-ideal-circuits-hautes-alpes\\\/#breadcrumb\",\"itemListElement\":[{\"@type\":\"ListItem\",\"position\":1,\"name\":\"Accueil\",\"item\":\"https:\\\/\\\/www.lamaisonduguil.com\\\/blog\\\/\"},{\"@type\":\"ListItem\",\"position\":2,\"name\":\"Le printemps, le moment id\u00e9al pour les circuits dans les Hautes Alpes\"}]},{\"@type\":\"WebSite\",\"@id\":\"https:\\\/\\\/www.lamaisonduguil.com\\\/blog\\\/#website\",\"url\":\"https:\\\/\\\/www.lamaisonduguil.com\\\/blog\\\/\",\"name\":\"La Maison du Guil - Le Blog\",\"description\":\"Un blog pour vous aider \u00e0 d\u00e9couvrir notre belle r\u00e9gion\",\"publisher\":{\"@id\":\"https:\\\/\\\/www.lamaisonduguil.com\\\/blog\\\/#organization\"},\"potentialAction\":[{\"@type\":\"SearchAction\",\"target\":{\"@type\":\"EntryPoint\",\"urlTemplate\":\"https:\\\/\\\/www.lamaisonduguil.com\\\/blog\\\/?s={search_term_string}\"},\"query-input\":{\"@type\":\"PropertyValueSpecification\",\"valueRequired\":true,\"valueName\":\"search_term_string\"}}],\"inLanguage\":\"fr-FR\"},{\"@type\":\"Organization\",\"@id\":\"https:\\\/\\\/www.lamaisonduguil.com\\\/blog\\\/#organization\",\"name\":\"La Maison du Guil - Le Blog\",\"url\":\"https:\\\/\\\/www.lamaisonduguil.com\\\/blog\\\/\",\"logo\":{\"@type\":\"ImageObject\",\"inLanguage\":\"fr-FR\",\"@id\":\"https:\\\/\\\/www.lamaisonduguil.com\\\/blog\\\/#\\\/schema\\\/logo\\\/image\\\/\",\"url\":\"https:\\\/\\\/www.lamaisonduguil.com\\\/blog\\\/wp-content\\\/uploads\\\/2016\\\/09\\\/logo2.gif\",\"contentUrl\":\"https:\\\/\\\/www.lamaisonduguil.com\\\/blog\\\/wp-content\\\/uploads\\\/2016\\\/09\\\/logo2.gif\",\"width\":207,\"height\":207,\"caption\":\"La Maison du Guil - Le Blog\"},\"image\":{\"@id\":\"https:\\\/\\\/www.lamaisonduguil.com\\\/blog\\\/#\\\/schema\\\/logo\\\/image\\\/\"},\"sameAs\":[\"http:\\\/\\\/www.facebook.com\\\/lamaisonduguil\"]},{\"@type\":\"Person\",\"@id\":\"https:\\\/\\\/www.lamaisonduguil.com\\\/blog\\\/#\\\/schema\\\/person\\\/629208c2fb7759244c3fbe06c0bc3713\",\"name\":\"Tom\",\"image\":{\"@type\":\"ImageObject\",\"inLanguage\":\"fr-FR\",\"@id\":\"https:\\\/\\\/secure.gravatar.com\\\/avatar\\\/5f0fbdeab05c9050198d8e098c31cf87ec88fb8b615fd68e88c27383c80ccf81?s=96&d=mm&r=g\",\"url\":\"https:\\\/\\\/secure.gravatar.com\\\/avatar\\\/5f0fbdeab05c9050198d8e098c31cf87ec88fb8b615fd68e88c27383c80ccf81?s=96&d=mm&r=g\",\"contentUrl\":\"https:\\\/\\\/secure.gravatar.com\\\/avatar\\\/5f0fbdeab05c9050198d8e098c31cf87ec88fb8b615fd68e88c27383c80ccf81?s=96&d=mm&r=g\",\"caption\":\"Tom\"},\"sameAs\":[\"https:\\\/\\\/www.lamaisonduguil.com\"]}]}<\/script>\n<!-- \/ Yoast SEO plugin. -->","yoast_head_json":{"title":"Les Hautes Alpes en moto ou en Vespa - La Maison du Guil - Le Blog","description":"Les cols mythiques des Hautes Alpes en Vespa, au printemps. Rien de mieux pour d\u00e9couvrir ces beaux paysages du Pays du Guil, qu'une sortie en moto, ou Vespa","robots":{"index":"index","follow":"follow","max-snippet":"max-snippet:-1","max-image-preview":"max-image-preview:large","max-video-preview":"max-video-preview:-1"},"canonical":"https:\/\/www.lamaisonduguil.com\/blog\/printemps-moment-ideal-circuits-hautes-alpes\/","og_locale":"fr_FR","og_type":"article","og_title":"Les Hautes Alpes en moto ou en Vespa - La Maison du Guil - Le Blog","og_description":"Les cols mythiques des Hautes Alpes en Vespa, au printemps. Rien de mieux pour d\u00e9couvrir ces beaux paysages du Pays du Guil, qu'une sortie en moto, ou Vespa","og_url":"https:\/\/www.lamaisonduguil.com\/blog\/printemps-moment-ideal-circuits-hautes-alpes\/","og_site_name":"La Maison du Guil - Le Blog","article_publisher":"http:\/\/www.facebook.com\/lamaisonduguil","article_published_time":"2017-03-01T14:39:51+00:00","article_modified_time":"2019-04-08T23:55:42+00:00","og_image":[{"width":1350,"height":1800,"url":"https:\/\/www.lamaisonduguil.com\/blog\/wp-content\/uploads\/2017\/02\/IMG_3154-e1518619238815.jpg","type":"image\/jpeg"}],"author":"Tom","twitter_card":"summary_large_image","twitter_misc":{"\u00c9crit par":"Tom","Dur\u00e9e de lecture estim\u00e9e":"1 minute"},"schema":{"@context":"https:\/\/schema.org","@graph":[{"@type":"Article","@id":"https:\/\/www.lamaisonduguil.com\/blog\/printemps-moment-ideal-circuits-hautes-alpes\/#article","isPartOf":{"@id":"https:\/\/www.lamaisonduguil.com\/blog\/printemps-moment-ideal-circuits-hautes-alpes\/"},"author":{"name":"Tom","@id":"https:\/\/www.lamaisonduguil.com\/blog\/#\/schema\/person\/629208c2fb7759244c3fbe06c0bc3713"},"headline":"Le printemps, le moment id\u00e9al pour les circuits dans les Hautes Alpes","datePublished":"2017-03-01T14:39:51+00:00","dateModified":"2019-04-08T23:55:42+00:00","mainEntityOfPage":{"@id":"https:\/\/www.lamaisonduguil.com\/blog\/printemps-moment-ideal-circuits-hautes-alpes\/"},"wordCount":260,"commentCount":0,"publisher":{"@id":"https:\/\/www.lamaisonduguil.com\/blog\/#organization"},"image":{"@id":"https:\/\/www.lamaisonduguil.com\/blog\/printemps-moment-ideal-circuits-hautes-alpes\/#primaryimage"},"thumbnailUrl":"https:\/\/www.lamaisonduguil.com\/blog\/wp-content\/uploads\/2017\/02\/IMG_3154-e1518619238815.jpg","keywords":["Fran\u00e7ais","Hautes Alpes","Les cols","Printemps","Vespa"],"articleSection":{"0":"Fran\u00e7ais","1":"Les cols","3":"Printemps"},"inLanguage":"fr-FR","potentialAction":[{"@type":"CommentAction","name":"Comment","target":["https:\/\/www.lamaisonduguil.com\/blog\/printemps-moment-ideal-circuits-hautes-alpes\/#respond"]}]},{"@type":"WebPage","@id":"https:\/\/www.lamaisonduguil.com\/blog\/printemps-moment-ideal-circuits-hautes-alpes\/","url":"https:\/\/www.lamaisonduguil.com\/blog\/printemps-moment-ideal-circuits-hautes-alpes\/","name":"Les Hautes Alpes en moto ou en Vespa - La Maison du Guil - Le Blog","isPartOf":{"@id":"https:\/\/www.lamaisonduguil.com\/blog\/#website"},"primaryImageOfPage":{"@id":"https:\/\/www.lamaisonduguil.com\/blog\/printemps-moment-ideal-circuits-hautes-alpes\/#primaryimage"},"image":{"@id":"https:\/\/www.lamaisonduguil.com\/blog\/printemps-moment-ideal-circuits-hautes-alpes\/#primaryimage"},"thumbnailUrl":"https:\/\/www.lamaisonduguil.com\/blog\/wp-content\/uploads\/2017\/02\/IMG_3154-e1518619238815.jpg","datePublished":"2017-03-01T14:39:51+00:00","dateModified":"2019-04-08T23:55:42+00:00","description":"Les cols mythiques des Hautes Alpes en Vespa, au printemps. Rien de mieux pour d\u00e9couvrir ces beaux paysages du Pays du Guil, qu'une sortie en moto, ou Vespa","breadcrumb":{"@id":"https:\/\/www.lamaisonduguil.com\/blog\/printemps-moment-ideal-circuits-hautes-alpes\/#breadcrumb"},"inLanguage":"fr-FR","potentialAction":[{"@type":"ReadAction","target":["https:\/\/www.lamaisonduguil.com\/blog\/printemps-moment-ideal-circuits-hautes-alpes\/"]}]},{"@type":"ImageObject","inLanguage":"fr-FR","@id":"https:\/\/www.lamaisonduguil.com\/blog\/printemps-moment-ideal-circuits-hautes-alpes\/#primaryimage","url":"https:\/\/www.lamaisonduguil.com\/blog\/wp-content\/uploads\/2017\/02\/IMG_3154-e1518619238815.jpg","contentUrl":"https:\/\/www.lamaisonduguil.com\/blog\/wp-content\/uploads\/2017\/02\/IMG_3154-e1518619238815.jpg","width":1350,"height":1800},{"@type":"BreadcrumbList","@id":"https:\/\/www.lamaisonduguil.com\/blog\/printemps-moment-ideal-circuits-hautes-alpes\/#breadcrumb","itemListElement":[{"@type":"ListItem","position":1,"name":"Accueil","item":"https:\/\/www.lamaisonduguil.com\/blog\/"},{"@type":"ListItem","position":2,"name":"Le printemps, le moment id\u00e9al pour les circuits dans les Hautes Alpes"}]},{"@type":"WebSite","@id":"https:\/\/www.lamaisonduguil.com\/blog\/#website","url":"https:\/\/www.lamaisonduguil.com\/blog\/","name":"La Maison du Guil - Le Blog","description":"Un blog pour vous aider \u00e0 d\u00e9couvrir notre belle r\u00e9gion","publisher":{"@id":"https:\/\/www.lamaisonduguil.com\/blog\/#organization"},"potentialAction":[{"@type":"SearchAction","target":{"@type":"EntryPoint","urlTemplate":"https:\/\/www.lamaisonduguil.com\/blog\/?s={search_term_string}"},"query-input":{"@type":"PropertyValueSpecification","valueRequired":true,"valueName":"search_term_string"}}],"inLanguage":"fr-FR"},{"@type":"Organization","@id":"https:\/\/www.lamaisonduguil.com\/blog\/#organization","name":"La Maison du Guil - Le Blog","url":"https:\/\/www.lamaisonduguil.com\/blog\/","logo":{"@type":"ImageObject","inLanguage":"fr-FR","@id":"https:\/\/www.lamaisonduguil.com\/blog\/#\/schema\/logo\/image\/","url":"https:\/\/www.lamaisonduguil.com\/blog\/wp-content\/uploads\/2016\/09\/logo2.gif","contentUrl":"https:\/\/www.lamaisonduguil.com\/blog\/wp-content\/uploads\/2016\/09\/logo2.gif","width":207,"height":207,"caption":"La Maison du Guil - Le Blog"},"image":{"@id":"https:\/\/www.lamaisonduguil.com\/blog\/#\/schema\/logo\/image\/"},"sameAs":["http:\/\/www.facebook.com\/lamaisonduguil"]},{"@type":"Person","@id":"https:\/\/www.lamaisonduguil.com\/blog\/#\/schema\/person\/629208c2fb7759244c3fbe06c0bc3713","name":"Tom","image":{"@type":"ImageObject","inLanguage":"fr-FR","@id":"https:\/\/secure.gravatar.com\/avatar\/5f0fbdeab05c9050198d8e098c31cf87ec88fb8b615fd68e88c27383c80ccf81?s=96&d=mm&r=g","url":"https:\/\/secure.gravatar.com\/avatar\/5f0fbdeab05c9050198d8e098c31cf87ec88fb8b615fd68e88c27383c80ccf81?s=96&d=mm&r=g","contentUrl":"https:\/\/secure.gravatar.com\/avatar\/5f0fbdeab05c9050198d8e098c31cf87ec88fb8b615fd68e88c27383c80ccf81?s=96&d=mm&r=g","caption":"Tom"},"sameAs":["https:\/\/www.lamaisonduguil.com"]}]}},"_links":{"self":[{"href":"https:\/\/www.lamaisonduguil.com\/blog\/wp-json\/wp\/v2\/posts\/443","targetHints":{"allow":["GET"]}}],"collection":[{"href":"https:\/\/www.lamaisonduguil.com\/blog\/wp-json\/wp\/v2\/posts"}],"about":[{"href":"https:\/\/www.lamaisonduguil.com\/blog\/wp-json\/wp\/v2\/types\/post"}],"author":[{"embeddable":true,"href":"https:\/\/www.lamaisonduguil.com\/blog\/wp-json\/wp\/v2\/users\/2"}],"replies":[{"embeddable":true,"href":"https:\/\/www.lamaisonduguil.com\/blog\/wp-json\/wp\/v2\/comments?post=443"}],"version-history":[{"count":0,"href":"https:\/\/www.lamaisonduguil.com\/blog\/wp-json\/wp\/v2\/posts\/443\/revisions"}],"wp:featuredmedia":[{"embeddable":true,"href":"https:\/\/www.lamaisonduguil.com\/blog\/wp-json\/wp\/v2\/media\/449"}],"wp:attachment":[{"href":"https:\/\/www.lamaisonduguil.com\/blog\/wp-json\/wp\/v2\/media?parent=443"}],"wp:term":[{"taxonomy":"category","embeddable":true,"href":"https:\/\/www.lamaisonduguil.com\/blog\/wp-json\/wp\/v2\/categories?post=443"},{"taxonomy":"post_tag","embeddable":true,"href":"https:\/\/www.lamaisonduguil.com\/blog\/wp-json\/wp\/v2\/tags?post=443"}],"curies":[{"name":"wp","href":"https:\/\/api.w.org\/{rel}","templated":true}]}}