{"id":47,"date":"2016-10-22T00:50:43","date_gmt":"2016-10-21T22:50:43","guid":{"rendered":"http:\/\/www.lamaisonduguil.com\/blog\/?p=47"},"modified":"2019-04-09T01:27:13","modified_gmt":"2019-04-08T23:27:13","slug":"la-font-deygliers","status":"publish","type":"post","link":"https:\/\/www.lamaisonduguil.com\/blog\/la-font-deygliers\/","title":{"rendered":"La Font d&rsquo;Eygliers"},"content":{"rendered":"<h2>Le petit Nice<\/h2>\n<p>Le petit hameau de la Font d&rsquo;Eygliers, surplombant <strong>la vall\u00e9e du Guil<\/strong> depuis <strong>le Mont Catinat<\/strong>, profite d&rsquo;un <strong>micro climat privil\u00e9gi\u00e9<\/strong>, avec son exposition plein sud dans un cirque en montagne, \u00e0 l&rsquo;abris du vent. &nbsp;<\/p>\n<p>Le village porte \u00e9galement le nom \u00ab\u00a0<strong>le petit Nice<\/strong>\u00a0\u00bb \u00e0 cause de ce micro climat. &nbsp;Les temp\u00e9ratures \u00e0 la Font d&rsquo;Eygliers sont toujours quelques d\u00e9gr\u00e9es au dessus de celles en bas de vall\u00e9e. &nbsp;<\/p>\n<p>Une trentaine d&rsquo;habitants \u00e0 l&rsquo;ann\u00e9e, et quelques r\u00e9sidences s\u00e9condaires. &nbsp;Quelques vieilles maisons \u00e0 r\u00e9nover, quelques maisons d\u00e9j\u00e0 r\u00e9nov\u00e9es, l&rsquo;ancien four \u00e0 pain, joliment renov\u00e9, la chapelle, des petites ruelles, la fontaine du loup, des potagers en terrasse, tant de choses \u00e0 voir.<\/p>\n<h2>Les vignes et les celliers \u00e0 vin<\/h2>\n<p>A cause de son micro climat, il y avait beaucoup de vignobles autour de la Font d&rsquo;Eygliers. &nbsp;La plus grande partie est \u00e0 l&rsquo;abandon malheureusement. &nbsp;<\/p>\n<p>La Font d&rsquo;Eygliers est &nbsp;\u00e0 &nbsp;l&rsquo;origine <strong>un hameau de celliers<\/strong>, dont un est encore en fonction, chaque ann\u00e9e, en automne, on y am\u00e8ne les raisins pour produire le vin. &nbsp;On ne le fait plus \u00e0 dos d&rsquo;\u00e2nes comme \u00e0 l&rsquo;\u00e9poque. &nbsp;<\/p>\n<p>Les celliers, des petites battisses, avec chacune un pressoir pour presser les raisins, et des cuves pour fermenter le jus et en faire du vin, une pi\u00e8ce d&rsquo;habitation. &nbsp;<\/p>\n<p>Les habitants de Vars qui avaient une parcelle de vignoble et un cellier descendaient chaque ann\u00e9e pour faire les vendanges. &nbsp;Les flancs de montagne autour du hameau \u00e9taient plein de vignobles, dont il en restent quelques unes. &nbsp;<\/p>\n<p>Cette histoire de la vall\u00e9e est encore visible \u00e0 travers les&nbsp;vignes sauvages qu&rsquo;on trouve partout en bordure des chemins de randonn\u00e9es.<\/p>\n<h2>Les fontaines<\/h2>\n<p>Le nom du village, la Font d&rsquo;Eygliers, viendrait du mot fontaine, \u00e0 cause des sources d&rsquo;eau pr\u00e9sentes sur le territoire du hameau. &nbsp;<\/p>\n<p>C&rsquo;est depuis la Font d&rsquo;Eygliers que l&rsquo;eau est amen\u00e9 au village de Mont Dauphin. &nbsp;Plus d&rsquo;informations dans cette article sur <a href=\"https:\/\/www.lamaisonduguil.com\/blog\/mont-dauphin\/\">Mont Dauphin<\/a>. &nbsp;<\/p>\n<p>Quelques images de ce joli hameau.<\/p>\n<p>&nbsp;<\/p>\n<p>&nbsp;<\/p>\n<figure id=\"attachment_59\" aria-describedby=\"caption-attachment-59\" style=\"width: 300px\" class=\"wp-caption alignleft\"><a href=\"http:\/\/www.lamaisonduguil.com\/blog\/index.php\/2016\/10\/22\/la-font-deygliers\/img_1815\/\" rel=\"attachment wp-att-59\"><img fetchpriority=\"high\" decoding=\"async\" class=\"size-medium wp-image-59\" src=\"http:\/\/www.lamaisonduguil.com\/blog\/wp-content\/uploads\/2016\/10\/IMG_1815-300x300.jpg\" alt=\"Le four \u00e0 pain et la Maison du Guil\" width=\"300\" height=\"300\"><\/a><figcaption id=\"caption-attachment-59\" class=\"wp-caption-text\">Le four \u00e0 pain et la Maison du Guil<\/figcaption><\/figure>\n<figure id=\"attachment_50\" aria-describedby=\"caption-attachment-50\" style=\"width: 300px\" class=\"wp-caption alignleft\"><a href=\"http:\/\/www.lamaisonduguil.com\/blog\/index.php\/2016\/10\/22\/la-font-deygliers\/img_1926\/\" rel=\"attachment wp-att-50\"><img decoding=\"async\" class=\"size-medium wp-image-50\" src=\"http:\/\/www.lamaisonduguil.com\/blog\/wp-content\/uploads\/2016\/10\/IMG_1926-300x300.jpg\" alt=\"Vue sur la Font d'Eygliers\" width=\"300\" height=\"300\" srcset=\"https:\/\/www.lamaisonduguil.com\/blog\/wp-content\/uploads\/2016\/10\/IMG_1926-300x300.jpg 300w, https:\/\/www.lamaisonduguil.com\/blog\/wp-content\/uploads\/2016\/10\/IMG_1926-150x150.jpg 150w, https:\/\/www.lamaisonduguil.com\/blog\/wp-content\/uploads\/2016\/10\/IMG_1926-768x768.jpg 768w, https:\/\/www.lamaisonduguil.com\/blog\/wp-content\/uploads\/2016\/10\/IMG_1926-1024x1024.jpg 1024w, https:\/\/www.lamaisonduguil.com\/blog\/wp-content\/uploads\/2016\/10\/IMG_1926-1260x1260.jpg 1260w, https:\/\/www.lamaisonduguil.com\/blog\/wp-content\/uploads\/2016\/10\/IMG_1926-140x140.jpg 140w, https:\/\/www.lamaisonduguil.com\/blog\/wp-content\/uploads\/2016\/10\/IMG_1926.jpg 1500w\" sizes=\"(max-width: 300px) 100vw, 300px\" \/><\/a><figcaption id=\"caption-attachment-50\" class=\"wp-caption-text\">Vue sur la Font d&rsquo;Eygliers<\/figcaption><\/figure>\n<figure id=\"attachment_62\" aria-describedby=\"caption-attachment-62\" style=\"width: 300px\" class=\"wp-caption alignleft\"><a href=\"http:\/\/www.lamaisonduguil.com\/blog\/index.php\/2016\/10\/22\/la-font-deygliers\/img_1819\/\" rel=\"attachment wp-att-62\"><img decoding=\"async\" class=\"size-medium wp-image-62\" src=\"http:\/\/www.lamaisonduguil.com\/blog\/wp-content\/uploads\/2016\/10\/IMG_1819-300x300.jpg\" alt=\"Une ancienne ferme \u00e0 la Font d'Eygliers\" width=\"300\" height=\"300\"><\/a><figcaption id=\"caption-attachment-62\" class=\"wp-caption-text\">Une ancienne ferme \u00e0 la Font d&rsquo;Eygliers<\/figcaption><\/figure>\n<figure id=\"attachment_65\" aria-describedby=\"caption-attachment-65\" style=\"width: 225px\" class=\"wp-caption alignleft\"><a href=\"http:\/\/www.lamaisonduguil.com\/blog\/index.php\/2016\/10\/22\/la-font-deygliers\/img_2526\/\" rel=\"attachment wp-att-65\"><img loading=\"lazy\" decoding=\"async\" class=\"size-medium wp-image-65\" src=\"http:\/\/www.lamaisonduguil.com\/blog\/wp-content\/uploads\/2016\/10\/IMG_2526-e1477089300199-225x300.jpg\" alt=\"La fontaine du Loup devant l'ancien four \u00e0 pain\" width=\"225\" height=\"300\"><\/a><figcaption id=\"caption-attachment-65\" class=\"wp-caption-text\">La fontaine du Loup devant l&rsquo;ancien four \u00e0 pain<\/figcaption><\/figure>\n<figure id=\"attachment_57\" aria-describedby=\"caption-attachment-57\" style=\"width: 225px\" class=\"wp-caption alignleft\"><a href=\"http:\/\/www.lamaisonduguil.com\/blog\/index.php\/2016\/10\/22\/la-font-deygliers\/img_1811\/\" rel=\"attachment wp-att-57\"><img loading=\"lazy\" decoding=\"async\" class=\"size-medium wp-image-57\" src=\"http:\/\/www.lamaisonduguil.com\/blog\/wp-content\/uploads\/2016\/10\/IMG_1811-e1477078398915-225x300.jpg\" alt=\"Le four \u00e0 pain\" width=\"225\" height=\"300\"><\/a><figcaption id=\"caption-attachment-57\" class=\"wp-caption-text\">Le four \u00e0 pain<\/figcaption><\/figure>\n<figure id=\"attachment_55\" aria-describedby=\"caption-attachment-55\" style=\"width: 225px\" class=\"wp-caption alignleft\"><a href=\"http:\/\/www.lamaisonduguil.com\/blog\/index.php\/2016\/10\/22\/la-font-deygliers\/img_1804\/\" rel=\"attachment wp-att-55\"><img loading=\"lazy\" decoding=\"async\" class=\"size-medium wp-image-55\" src=\"http:\/\/www.lamaisonduguil.com\/blog\/wp-content\/uploads\/2016\/10\/IMG_1804-e1477078444989-225x300.jpg\" alt=\"Un ancien cellier\" width=\"225\" height=\"300\"><\/a><figcaption id=\"caption-attachment-55\" class=\"wp-caption-text\">Un ancien cellier<\/figcaption><\/figure>\n<figure id=\"attachment_61\" aria-describedby=\"caption-attachment-61\" style=\"width: 300px\" class=\"wp-caption alignleft\"><a href=\"http:\/\/www.lamaisonduguil.com\/blog\/index.php\/2016\/10\/22\/la-font-deygliers\/img_1818\/\" rel=\"attachment wp-att-61\"><img loading=\"lazy\" decoding=\"async\" class=\"size-medium wp-image-61\" src=\"http:\/\/www.lamaisonduguil.com\/blog\/wp-content\/uploads\/2016\/10\/IMG_1818-300x300.jpg\" alt=\"La maison avec la vigne\" width=\"300\" height=\"300\"><\/a><figcaption id=\"caption-attachment-61\" class=\"wp-caption-text\">La maison avec la vigne<\/figcaption><\/figure>\n<figure id=\"attachment_52\" aria-describedby=\"caption-attachment-52\" style=\"width: 300px\" class=\"wp-caption alignleft\"><a href=\"http:\/\/www.lamaisonduguil.com\/blog\/index.php\/2016\/10\/22\/la-font-deygliers\/img_1771\/\" rel=\"attachment wp-att-52\"><img loading=\"lazy\" decoding=\"async\" class=\"size-medium wp-image-52\" src=\"http:\/\/www.lamaisonduguil.com\/blog\/wp-content\/uploads\/2016\/10\/IMG_1771-300x300.jpg\" alt=\"Un des potagers\" width=\"300\" height=\"300\"><\/a><figcaption id=\"caption-attachment-52\" class=\"wp-caption-text\">Un des potagers<\/figcaption><\/figure>\n<figure id=\"attachment_58\" aria-describedby=\"caption-attachment-58\" style=\"width: 225px\" class=\"wp-caption alignleft\"><a href=\"http:\/\/www.lamaisonduguil.com\/blog\/index.php\/2016\/10\/22\/la-font-deygliers\/img_1814\/\" rel=\"attachment wp-att-58\"><img loading=\"lazy\" decoding=\"async\" class=\"size-medium wp-image-58\" src=\"http:\/\/www.lamaisonduguil.com\/blog\/wp-content\/uploads\/2016\/10\/IMG_1814-e1477078375500-225x300.jpg\" alt=\"Une ruelle \u00e0 la Font d'Eygliers\" width=\"225\" height=\"300\"><\/a><figcaption id=\"caption-attachment-58\" class=\"wp-caption-text\">Une ruelle \u00e0 la Font d&rsquo;Eygliers<\/figcaption><\/figure>\n<figure id=\"attachment_51\" aria-describedby=\"caption-attachment-51\" style=\"width: 3263px\" class=\"wp-caption alignleft\"><a href=\"http:\/\/www.lamaisonduguil.com\/blog\/index.php\/2016\/10\/22\/la-font-deygliers\/img_2271\/\" rel=\"attachment wp-att-51\"><img loading=\"lazy\" decoding=\"async\" class=\"size-full wp-image-51\" src=\"http:\/\/www.lamaisonduguil.com\/blog\/wp-content\/uploads\/2016\/10\/IMG_2271-e1477078538547.jpg\" alt=\"Une font\u00eate\" width=\"3263\" height=\"2447\"><\/a><figcaption id=\"caption-attachment-51\" class=\"wp-caption-text\">Une font\u00eate<\/figcaption><\/figure>\n<p>&nbsp;<\/p>\n","protected":false},"excerpt":{"rendered":"<p>Le petit Nice Le petit hameau de la Font d&rsquo;Eygliers, surplombant la vall\u00e9e du Guil depuis le Mont Catinat, profite d&rsquo;un micro climat privil\u00e9gi\u00e9, avec son exposition plein sud dans un cirque en montagne, \u00e0 l&rsquo;abris du vent. &nbsp; Le village porte \u00e9galement le nom \u00ab\u00a0le petit Nice\u00a0\u00bb \u00e0 cause de ce micro climat. &nbsp;Les [&hellip;]<\/p>\n","protected":false},"author":2,"featured_media":59,"comment_status":"open","ping_status":"open","sticky":false,"template":"","format":"standard","meta":{"site-sidebar-layout":"default","site-content-layout":"","ast-site-content-layout":"default","site-content-style":"default","site-sidebar-style":"default","ast-global-header-display":"","ast-banner-title-visibility":"","ast-main-header-display":"","ast-hfb-above-header-display":"","ast-hfb-below-header-display":"","ast-hfb-mobile-header-display":"","site-post-title":"","ast-breadcrumbs-content":"","ast-featured-img":"","footer-sml-layout":"","theme-transparent-header-meta":"","adv-header-id-meta":"","stick-header-meta":"","header-above-stick-meta":"","header-main-stick-meta":"","header-below-stick-meta":"","astra-migrate-meta-layouts":"default","ast-page-background-enabled":"default","ast-page-background-meta":{"desktop":{"background-color":"","background-image":"","background-repeat":"repeat","background-position":"center center","background-size":"auto","background-attachment":"scroll","background-type":"","background-media":"","overlay-type":"","overlay-color":"","overlay-opacity":"","overlay-gradient":""},"tablet":{"background-color":"","background-image":"","background-repeat":"repeat","background-position":"center center","background-size":"auto","background-attachment":"scroll","background-type":"","background-media":"","overlay-type":"","overlay-color":"","overlay-opacity":"","overlay-gradient":""},"mobile":{"background-color":"","background-image":"","background-repeat":"repeat","background-position":"center center","background-size":"auto","background-attachment":"scroll","background-type":"","background-media":"","overlay-type":"","overlay-color":"","overlay-opacity":"","overlay-gradient":""}},"ast-content-background-meta":{"desktop":{"background-color":"var(--ast-global-color-5)","background-image":"","background-repeat":"repeat","background-position":"center center","background-size":"auto","background-attachment":"scroll","background-type":"","background-media":"","overlay-type":"","overlay-color":"","overlay-opacity":"","overlay-gradient":""},"tablet":{"background-color":"var(--ast-global-color-5)","background-image":"","background-repeat":"repeat","background-position":"center center","background-size":"auto","background-attachment":"scroll","background-type":"","background-media":"","overlay-type":"","overlay-color":"","overlay-opacity":"","overlay-gradient":""},"mobile":{"background-color":"var(--ast-global-color-5)","background-image":"","background-repeat":"repeat","background-position":"center center","background-size":"auto","background-attachment":"scroll","background-type":"","background-media":"","overlay-type":"","overlay-color":"","overlay-opacity":"","overlay-gradient":""}},"ngg_post_thumbnail":0,"footnotes":""},"categories":[55,6],"tags":[56,3],"class_list":["post-47","post","type-post","status-publish","format-standard","has-post-thumbnail","hentry","category-francais","category-villages-des-hautes-alpes","tag-francais","tag-hautesalpes"],"yoast_head":"<!-- This site is optimized with the Yoast SEO plugin v27.5 - https:\/\/yoast.com\/product\/yoast-seo-wordpress\/ -->\n<title>La Font d&#039;Eygliers - La Maison du Guil - Le Blog - village de charme<\/title>\n<meta name=\"description\" content=\"La Font d&#039;Eygliers ou &quot;le petit Nice&quot;, hameau ce charme dans le Guillestrois, ancien hameau de celliers o\u00f9 on produisait du vin.\" \/>\n<meta name=\"robots\" content=\"index, follow, max-snippet:-1, max-image-preview:large, max-video-preview:-1\" \/>\n<link rel=\"canonical\" href=\"https:\/\/www.lamaisonduguil.com\/blog\/la-font-deygliers\/\" \/>\n<meta property=\"og:locale\" content=\"fr_FR\" \/>\n<meta property=\"og:type\" content=\"article\" \/>\n<meta property=\"og:title\" content=\"La Font d&#039;Eygliers - La Maison du Guil - Le Blog - village de charme\" \/>\n<meta property=\"og:description\" content=\"La Font d&#039;Eygliers ou &quot;le petit Nice&quot;, hameau ce charme dans le Guillestrois, ancien hameau de celliers o\u00f9 on produisait du vin.\" \/>\n<meta property=\"og:url\" content=\"https:\/\/www.lamaisonduguil.com\/blog\/la-font-deygliers\/\" \/>\n<meta property=\"og:site_name\" content=\"La Maison du Guil - Le Blog\" \/>\n<meta property=\"article:publisher\" content=\"http:\/\/www.facebook.com\/lamaisonduguil\" \/>\n<meta property=\"article:published_time\" content=\"2016-10-21T22:50:43+00:00\" \/>\n<meta property=\"article:modified_time\" content=\"2019-04-08T23:27:13+00:00\" \/>\n<meta property=\"og:image\" content=\"https:\/\/www.lamaisonduguil.com\/blog\/wp-content\/uploads\/2016\/10\/IMG_1815-e1518683512963.jpg\" \/>\n\t<meta property=\"og:image:width\" content=\"1800\" \/>\n\t<meta property=\"og:image:height\" content=\"1800\" \/>\n\t<meta property=\"og:image:type\" content=\"image\/jpeg\" \/>\n<meta name=\"author\" content=\"Tom\" \/>\n<meta name=\"twitter:card\" content=\"summary_large_image\" \/>\n<meta name=\"twitter:label1\" content=\"\u00c9crit par\" \/>\n\t<meta name=\"twitter:data1\" content=\"Tom\" \/>\n\t<meta name=\"twitter:label2\" content=\"Dur\u00e9e de lecture estim\u00e9e\" \/>\n\t<meta name=\"twitter:data2\" content=\"2 minutes\" \/>\n<script type=\"application\/ld+json\" class=\"yoast-schema-graph\">{\"@context\":\"https:\\\/\\\/schema.org\",\"@graph\":[{\"@type\":\"Article\",\"@id\":\"https:\\\/\\\/www.lamaisonduguil.com\\\/blog\\\/la-font-deygliers\\\/#article\",\"isPartOf\":{\"@id\":\"https:\\\/\\\/www.lamaisonduguil.com\\\/blog\\\/la-font-deygliers\\\/\"},\"author\":{\"name\":\"Tom\",\"@id\":\"https:\\\/\\\/www.lamaisonduguil.com\\\/blog\\\/#\\\/schema\\\/person\\\/629208c2fb7759244c3fbe06c0bc3713\"},\"headline\":\"La Font d&rsquo;Eygliers\",\"datePublished\":\"2016-10-21T22:50:43+00:00\",\"dateModified\":\"2019-04-08T23:27:13+00:00\",\"mainEntityOfPage\":{\"@id\":\"https:\\\/\\\/www.lamaisonduguil.com\\\/blog\\\/la-font-deygliers\\\/\"},\"wordCount\":474,\"commentCount\":0,\"publisher\":{\"@id\":\"https:\\\/\\\/www.lamaisonduguil.com\\\/blog\\\/#organization\"},\"image\":{\"@id\":\"https:\\\/\\\/www.lamaisonduguil.com\\\/blog\\\/la-font-deygliers\\\/#primaryimage\"},\"thumbnailUrl\":\"https:\\\/\\\/www.lamaisonduguil.com\\\/blog\\\/wp-content\\\/uploads\\\/2016\\\/10\\\/IMG_1815-e1518683512963.jpg\",\"keywords\":[\"Fran\u00e7ais\",\"Hautes Alpes\"],\"articleSection\":[\"Fran\u00e7ais\",\"Villages des Hautes Alpes\"],\"inLanguage\":\"fr-FR\",\"potentialAction\":[{\"@type\":\"CommentAction\",\"name\":\"Comment\",\"target\":[\"https:\\\/\\\/www.lamaisonduguil.com\\\/blog\\\/la-font-deygliers\\\/#respond\"]}]},{\"@type\":\"WebPage\",\"@id\":\"https:\\\/\\\/www.lamaisonduguil.com\\\/blog\\\/la-font-deygliers\\\/\",\"url\":\"https:\\\/\\\/www.lamaisonduguil.com\\\/blog\\\/la-font-deygliers\\\/\",\"name\":\"La Font d'Eygliers - La Maison du Guil - Le Blog - village de charme\",\"isPartOf\":{\"@id\":\"https:\\\/\\\/www.lamaisonduguil.com\\\/blog\\\/#website\"},\"primaryImageOfPage\":{\"@id\":\"https:\\\/\\\/www.lamaisonduguil.com\\\/blog\\\/la-font-deygliers\\\/#primaryimage\"},\"image\":{\"@id\":\"https:\\\/\\\/www.lamaisonduguil.com\\\/blog\\\/la-font-deygliers\\\/#primaryimage\"},\"thumbnailUrl\":\"https:\\\/\\\/www.lamaisonduguil.com\\\/blog\\\/wp-content\\\/uploads\\\/2016\\\/10\\\/IMG_1815-e1518683512963.jpg\",\"datePublished\":\"2016-10-21T22:50:43+00:00\",\"dateModified\":\"2019-04-08T23:27:13+00:00\",\"description\":\"La Font d'Eygliers ou \\\"le petit Nice\\\", hameau ce charme dans le Guillestrois, ancien hameau de celliers o\u00f9 on produisait du vin.\",\"breadcrumb\":{\"@id\":\"https:\\\/\\\/www.lamaisonduguil.com\\\/blog\\\/la-font-deygliers\\\/#breadcrumb\"},\"inLanguage\":\"fr-FR\",\"potentialAction\":[{\"@type\":\"ReadAction\",\"target\":[\"https:\\\/\\\/www.lamaisonduguil.com\\\/blog\\\/la-font-deygliers\\\/\"]}]},{\"@type\":\"ImageObject\",\"inLanguage\":\"fr-FR\",\"@id\":\"https:\\\/\\\/www.lamaisonduguil.com\\\/blog\\\/la-font-deygliers\\\/#primaryimage\",\"url\":\"https:\\\/\\\/www.lamaisonduguil.com\\\/blog\\\/wp-content\\\/uploads\\\/2016\\\/10\\\/IMG_1815-e1518683512963.jpg\",\"contentUrl\":\"https:\\\/\\\/www.lamaisonduguil.com\\\/blog\\\/wp-content\\\/uploads\\\/2016\\\/10\\\/IMG_1815-e1518683512963.jpg\",\"width\":1800,\"height\":1800,\"caption\":\"Le four \u00e0 pain et la Maison du Guil\"},{\"@type\":\"BreadcrumbList\",\"@id\":\"https:\\\/\\\/www.lamaisonduguil.com\\\/blog\\\/la-font-deygliers\\\/#breadcrumb\",\"itemListElement\":[{\"@type\":\"ListItem\",\"position\":1,\"name\":\"Accueil\",\"item\":\"https:\\\/\\\/www.lamaisonduguil.com\\\/blog\\\/\"},{\"@type\":\"ListItem\",\"position\":2,\"name\":\"La Font d&rsquo;Eygliers\"}]},{\"@type\":\"WebSite\",\"@id\":\"https:\\\/\\\/www.lamaisonduguil.com\\\/blog\\\/#website\",\"url\":\"https:\\\/\\\/www.lamaisonduguil.com\\\/blog\\\/\",\"name\":\"La Maison du Guil - Le Blog\",\"description\":\"Un blog pour vous aider \u00e0 d\u00e9couvrir notre belle r\u00e9gion\",\"publisher\":{\"@id\":\"https:\\\/\\\/www.lamaisonduguil.com\\\/blog\\\/#organization\"},\"potentialAction\":[{\"@type\":\"SearchAction\",\"target\":{\"@type\":\"EntryPoint\",\"urlTemplate\":\"https:\\\/\\\/www.lamaisonduguil.com\\\/blog\\\/?s={search_term_string}\"},\"query-input\":{\"@type\":\"PropertyValueSpecification\",\"valueRequired\":true,\"valueName\":\"search_term_string\"}}],\"inLanguage\":\"fr-FR\"},{\"@type\":\"Organization\",\"@id\":\"https:\\\/\\\/www.lamaisonduguil.com\\\/blog\\\/#organization\",\"name\":\"La Maison du Guil - Le Blog\",\"url\":\"https:\\\/\\\/www.lamaisonduguil.com\\\/blog\\\/\",\"logo\":{\"@type\":\"ImageObject\",\"inLanguage\":\"fr-FR\",\"@id\":\"https:\\\/\\\/www.lamaisonduguil.com\\\/blog\\\/#\\\/schema\\\/logo\\\/image\\\/\",\"url\":\"https:\\\/\\\/www.lamaisonduguil.com\\\/blog\\\/wp-content\\\/uploads\\\/2016\\\/09\\\/logo2.gif\",\"contentUrl\":\"https:\\\/\\\/www.lamaisonduguil.com\\\/blog\\\/wp-content\\\/uploads\\\/2016\\\/09\\\/logo2.gif\",\"width\":207,\"height\":207,\"caption\":\"La Maison du Guil - Le Blog\"},\"image\":{\"@id\":\"https:\\\/\\\/www.lamaisonduguil.com\\\/blog\\\/#\\\/schema\\\/logo\\\/image\\\/\"},\"sameAs\":[\"http:\\\/\\\/www.facebook.com\\\/lamaisonduguil\"]},{\"@type\":\"Person\",\"@id\":\"https:\\\/\\\/www.lamaisonduguil.com\\\/blog\\\/#\\\/schema\\\/person\\\/629208c2fb7759244c3fbe06c0bc3713\",\"name\":\"Tom\",\"image\":{\"@type\":\"ImageObject\",\"inLanguage\":\"fr-FR\",\"@id\":\"https:\\\/\\\/secure.gravatar.com\\\/avatar\\\/5f0fbdeab05c9050198d8e098c31cf87ec88fb8b615fd68e88c27383c80ccf81?s=96&d=mm&r=g\",\"url\":\"https:\\\/\\\/secure.gravatar.com\\\/avatar\\\/5f0fbdeab05c9050198d8e098c31cf87ec88fb8b615fd68e88c27383c80ccf81?s=96&d=mm&r=g\",\"contentUrl\":\"https:\\\/\\\/secure.gravatar.com\\\/avatar\\\/5f0fbdeab05c9050198d8e098c31cf87ec88fb8b615fd68e88c27383c80ccf81?s=96&d=mm&r=g\",\"caption\":\"Tom\"},\"sameAs\":[\"https:\\\/\\\/www.lamaisonduguil.com\"]}]}<\/script>\n<!-- \/ Yoast SEO plugin. -->","yoast_head_json":{"title":"La Font d'Eygliers - La Maison du Guil - Le Blog - village de charme","description":"La Font d'Eygliers ou \"le petit Nice\", hameau ce charme dans le Guillestrois, ancien hameau de celliers o\u00f9 on produisait du vin.","robots":{"index":"index","follow":"follow","max-snippet":"max-snippet:-1","max-image-preview":"max-image-preview:large","max-video-preview":"max-video-preview:-1"},"canonical":"https:\/\/www.lamaisonduguil.com\/blog\/la-font-deygliers\/","og_locale":"fr_FR","og_type":"article","og_title":"La Font d'Eygliers - La Maison du Guil - Le Blog - village de charme","og_description":"La Font d'Eygliers ou \"le petit Nice\", hameau ce charme dans le Guillestrois, ancien hameau de celliers o\u00f9 on produisait du vin.","og_url":"https:\/\/www.lamaisonduguil.com\/blog\/la-font-deygliers\/","og_site_name":"La Maison du Guil - Le Blog","article_publisher":"http:\/\/www.facebook.com\/lamaisonduguil","article_published_time":"2016-10-21T22:50:43+00:00","article_modified_time":"2019-04-08T23:27:13+00:00","og_image":[{"width":1800,"height":1800,"url":"https:\/\/www.lamaisonduguil.com\/blog\/wp-content\/uploads\/2016\/10\/IMG_1815-e1518683512963.jpg","type":"image\/jpeg"}],"author":"Tom","twitter_card":"summary_large_image","twitter_misc":{"\u00c9crit par":"Tom","Dur\u00e9e de lecture estim\u00e9e":"2 minutes"},"schema":{"@context":"https:\/\/schema.org","@graph":[{"@type":"Article","@id":"https:\/\/www.lamaisonduguil.com\/blog\/la-font-deygliers\/#article","isPartOf":{"@id":"https:\/\/www.lamaisonduguil.com\/blog\/la-font-deygliers\/"},"author":{"name":"Tom","@id":"https:\/\/www.lamaisonduguil.com\/blog\/#\/schema\/person\/629208c2fb7759244c3fbe06c0bc3713"},"headline":"La Font d&rsquo;Eygliers","datePublished":"2016-10-21T22:50:43+00:00","dateModified":"2019-04-08T23:27:13+00:00","mainEntityOfPage":{"@id":"https:\/\/www.lamaisonduguil.com\/blog\/la-font-deygliers\/"},"wordCount":474,"commentCount":0,"publisher":{"@id":"https:\/\/www.lamaisonduguil.com\/blog\/#organization"},"image":{"@id":"https:\/\/www.lamaisonduguil.com\/blog\/la-font-deygliers\/#primaryimage"},"thumbnailUrl":"https:\/\/www.lamaisonduguil.com\/blog\/wp-content\/uploads\/2016\/10\/IMG_1815-e1518683512963.jpg","keywords":["Fran\u00e7ais","Hautes Alpes"],"articleSection":["Fran\u00e7ais","Villages des Hautes Alpes"],"inLanguage":"fr-FR","potentialAction":[{"@type":"CommentAction","name":"Comment","target":["https:\/\/www.lamaisonduguil.com\/blog\/la-font-deygliers\/#respond"]}]},{"@type":"WebPage","@id":"https:\/\/www.lamaisonduguil.com\/blog\/la-font-deygliers\/","url":"https:\/\/www.lamaisonduguil.com\/blog\/la-font-deygliers\/","name":"La Font d'Eygliers - La Maison du Guil - Le Blog - village de charme","isPartOf":{"@id":"https:\/\/www.lamaisonduguil.com\/blog\/#website"},"primaryImageOfPage":{"@id":"https:\/\/www.lamaisonduguil.com\/blog\/la-font-deygliers\/#primaryimage"},"image":{"@id":"https:\/\/www.lamaisonduguil.com\/blog\/la-font-deygliers\/#primaryimage"},"thumbnailUrl":"https:\/\/www.lamaisonduguil.com\/blog\/wp-content\/uploads\/2016\/10\/IMG_1815-e1518683512963.jpg","datePublished":"2016-10-21T22:50:43+00:00","dateModified":"2019-04-08T23:27:13+00:00","description":"La Font d'Eygliers ou \"le petit Nice\", hameau ce charme dans le Guillestrois, ancien hameau de celliers o\u00f9 on produisait du vin.","breadcrumb":{"@id":"https:\/\/www.lamaisonduguil.com\/blog\/la-font-deygliers\/#breadcrumb"},"inLanguage":"fr-FR","potentialAction":[{"@type":"ReadAction","target":["https:\/\/www.lamaisonduguil.com\/blog\/la-font-deygliers\/"]}]},{"@type":"ImageObject","inLanguage":"fr-FR","@id":"https:\/\/www.lamaisonduguil.com\/blog\/la-font-deygliers\/#primaryimage","url":"https:\/\/www.lamaisonduguil.com\/blog\/wp-content\/uploads\/2016\/10\/IMG_1815-e1518683512963.jpg","contentUrl":"https:\/\/www.lamaisonduguil.com\/blog\/wp-content\/uploads\/2016\/10\/IMG_1815-e1518683512963.jpg","width":1800,"height":1800,"caption":"Le four \u00e0 pain et la Maison du Guil"},{"@type":"BreadcrumbList","@id":"https:\/\/www.lamaisonduguil.com\/blog\/la-font-deygliers\/#breadcrumb","itemListElement":[{"@type":"ListItem","position":1,"name":"Accueil","item":"https:\/\/www.lamaisonduguil.com\/blog\/"},{"@type":"ListItem","position":2,"name":"La Font d&rsquo;Eygliers"}]},{"@type":"WebSite","@id":"https:\/\/www.lamaisonduguil.com\/blog\/#website","url":"https:\/\/www.lamaisonduguil.com\/blog\/","name":"La Maison du Guil - Le Blog","description":"Un blog pour vous aider \u00e0 d\u00e9couvrir notre belle r\u00e9gion","publisher":{"@id":"https:\/\/www.lamaisonduguil.com\/blog\/#organization"},"potentialAction":[{"@type":"SearchAction","target":{"@type":"EntryPoint","urlTemplate":"https:\/\/www.lamaisonduguil.com\/blog\/?s={search_term_string}"},"query-input":{"@type":"PropertyValueSpecification","valueRequired":true,"valueName":"search_term_string"}}],"inLanguage":"fr-FR"},{"@type":"Organization","@id":"https:\/\/www.lamaisonduguil.com\/blog\/#organization","name":"La Maison du Guil - Le Blog","url":"https:\/\/www.lamaisonduguil.com\/blog\/","logo":{"@type":"ImageObject","inLanguage":"fr-FR","@id":"https:\/\/www.lamaisonduguil.com\/blog\/#\/schema\/logo\/image\/","url":"https:\/\/www.lamaisonduguil.com\/blog\/wp-content\/uploads\/2016\/09\/logo2.gif","contentUrl":"https:\/\/www.lamaisonduguil.com\/blog\/wp-content\/uploads\/2016\/09\/logo2.gif","width":207,"height":207,"caption":"La Maison du Guil - Le Blog"},"image":{"@id":"https:\/\/www.lamaisonduguil.com\/blog\/#\/schema\/logo\/image\/"},"sameAs":["http:\/\/www.facebook.com\/lamaisonduguil"]},{"@type":"Person","@id":"https:\/\/www.lamaisonduguil.com\/blog\/#\/schema\/person\/629208c2fb7759244c3fbe06c0bc3713","name":"Tom","image":{"@type":"ImageObject","inLanguage":"fr-FR","@id":"https:\/\/secure.gravatar.com\/avatar\/5f0fbdeab05c9050198d8e098c31cf87ec88fb8b615fd68e88c27383c80ccf81?s=96&d=mm&r=g","url":"https:\/\/secure.gravatar.com\/avatar\/5f0fbdeab05c9050198d8e098c31cf87ec88fb8b615fd68e88c27383c80ccf81?s=96&d=mm&r=g","contentUrl":"https:\/\/secure.gravatar.com\/avatar\/5f0fbdeab05c9050198d8e098c31cf87ec88fb8b615fd68e88c27383c80ccf81?s=96&d=mm&r=g","caption":"Tom"},"sameAs":["https:\/\/www.lamaisonduguil.com"]}]}},"_links":{"self":[{"href":"https:\/\/www.lamaisonduguil.com\/blog\/wp-json\/wp\/v2\/posts\/47","targetHints":{"allow":["GET"]}}],"collection":[{"href":"https:\/\/www.lamaisonduguil.com\/blog\/wp-json\/wp\/v2\/posts"}],"about":[{"href":"https:\/\/www.lamaisonduguil.com\/blog\/wp-json\/wp\/v2\/types\/post"}],"author":[{"embeddable":true,"href":"https:\/\/www.lamaisonduguil.com\/blog\/wp-json\/wp\/v2\/users\/2"}],"replies":[{"embeddable":true,"href":"https:\/\/www.lamaisonduguil.com\/blog\/wp-json\/wp\/v2\/comments?post=47"}],"version-history":[{"count":0,"href":"https:\/\/www.lamaisonduguil.com\/blog\/wp-json\/wp\/v2\/posts\/47\/revisions"}],"wp:featuredmedia":[{"embeddable":true,"href":"https:\/\/www.lamaisonduguil.com\/blog\/wp-json\/wp\/v2\/media\/59"}],"wp:attachment":[{"href":"https:\/\/www.lamaisonduguil.com\/blog\/wp-json\/wp\/v2\/media?parent=47"}],"wp:term":[{"taxonomy":"category","embeddable":true,"href":"https:\/\/www.lamaisonduguil.com\/blog\/wp-json\/wp\/v2\/categories?post=47"},{"taxonomy":"post_tag","embeddable":true,"href":"https:\/\/www.lamaisonduguil.com\/blog\/wp-json\/wp\/v2\/tags?post=47"}],"curies":[{"name":"wp","href":"https:\/\/api.w.org\/{rel}","templated":true}]}}