{"id":511,"date":"2017-05-21T00:45:14","date_gmt":"2017-05-20T22:45:14","guid":{"rendered":"http:\/\/www.lamaisonduguil.com\/blog\/?p=511"},"modified":"2019-04-09T00:02:28","modified_gmt":"2019-04-08T22:02:28","slug":"fete-pain-a-deygliers","status":"publish","type":"post","link":"https:\/\/www.lamaisonduguil.com\/blog\/fete-pain-a-deygliers\/","title":{"rendered":"La f\u00eate du pain \u00e0 la Font d&rsquo;Eygliers"},"content":{"rendered":"<p>La f\u00eate du pain \u00e0 la Font d&rsquo;Eygliers, la premi\u00e8re \u00e9dition c&rsquo;\u00e9tait le 19 Mai 2017. &nbsp;La premi\u00e8re \u00e9dition? &nbsp;Eh oui, le four banal n&rsquo;\u00e9tait plus en \u00e9tat de fonctionnement depuis bien des ann\u00e9es. &nbsp;<\/p>\n<p>Le <strong>four banal ou four communal<\/strong>? &nbsp;Juste \u00e0 c\u00f4t\u00e9 de la Maison du Guil, en face de la fontaine et du lavoir, se trouve cette&nbsp;petite b\u00e2tisse toute mignonne, avec un joli toit en bois. &nbsp;C&rsquo;est le four banal, ou le <strong>four \u00e0 pain du village<\/strong>. &nbsp;Un four qui a \u00e9t\u00e9 laiss\u00e9 \u00e0 l&rsquo;abandon durant&nbsp;plusieurs ann\u00e9es, apr\u00e8s avoir eu d&rsquo;autres utilisations au fil du temps (entre autre un petit studio d&rsquo;habitation, un lieu de stockage, &#8230;). &nbsp;<\/p>\n<p>Le 19 Mai 2017, le four a \u00e9t\u00e9 utilis\u00e9 \u00e0 nouveau pour la premi\u00e8re fois apr\u00e8s la r\u00e9novation en 2016. &nbsp;Une r\u00e9novation bien r\u00e9ussie. &nbsp;Le comit\u00e9 des f\u00eates d&rsquo;Eygliers a organis\u00e9 cette premi\u00e8re&nbsp;f\u00eate du pain \u00e0&nbsp;la Font d&rsquo;Eygliers. &nbsp;<\/p>\n<figure id=\"attachment_548\" aria-describedby=\"caption-attachment-548\" style=\"width: 4032px\" class=\"wp-caption alignleft\"><a href=\"http:\/\/www.lamaisonduguil.com\/blog\/img_5017-2\/\"><img fetchpriority=\"high\" decoding=\"async\" class=\"size-full wp-image-548\" src=\"http:\/\/www.lamaisonduguil.com\/blog\/wp-content\/uploads\/2017\/05\/IMG_5017-1.jpg\" alt=\"Le four banal apr\u00e8s r\u00e9novation\" width=\"4032\" height=\"3024\"><\/a><figcaption id=\"caption-attachment-548\" class=\"wp-caption-text\">Le four banal de la Font d&rsquo;Eygliers apr\u00e8s r\u00e9novation<\/figcaption><\/figure>\n<h2>Le pain<\/h2>\n<p>Le four \u00e0 \u00e9t\u00e9 chauff\u00e9 chaque jour pendant 4 jours, et ensuite en continu&nbsp;depuis le jeudi apr\u00e8s midi jusqu&rsquo;\u00e0 vendredi apr\u00e8s midi, le moment o\u00f9 <strong>les premiers pains ont \u00e9t\u00e9 enfourn\u00e9<\/strong>. &nbsp;A ce moment l\u00e0, les pierres avaient absorb\u00e9s suffisamment de chaleur pour pouvoir cuire le pain. &nbsp;Apr\u00e8s avoir \u00e9cart\u00e9 les braises vers les c\u00f4t\u00e9s du four la cuisson peut commencer. &nbsp;Dans certains r\u00e9gions on testait la temp\u00e9rature du four avec des <strong>fou\u00e9es<\/strong>: des&nbsp;morceaux de p\u00e2ton (souvent des restants de p\u00e2te) aplatis entre les paumes des mains qu&rsquo;on utilisait afin de savoir si le sol \u00e9tait chaud. En fonction de la vitesse \u00e0 laquelle gonflait les p\u00e2tons l&rsquo;on savait si l&rsquo;on pouvait ou non enfourner le pain. &nbsp;Pas certain si cette tradition existait \u00e9galement dans les Hautes Alpes ou \u00e0 la Font d&rsquo;Eygliers. &nbsp;<\/p>\n<p>Le boulanger de la Galette de Vauban \u00e0 Eygliers Gare, Mr Feuillassier \u00e0 pr\u00e9par\u00e9&nbsp;la pate et s&rsquo;est charg\u00e9 du four. &nbsp;Le r\u00e9sultat \u00e9tait au top. &nbsp;&nbsp;<\/p>\n<div class=\"gmedia_gallery mosaic_module is_bot\" id=\"GmediaGallery_3\" data-gmid=\"3\" data-module=\"mosaic\"><style class='gmedia_module_style_import'>@import url('https:\/\/www.lamaisonduguil.com\/blog\/wp-content\/grand-media\/module\/mosaic\/css\/mosaic.css?v=2.11') all;<\/style>    <div class=\"gmMosaic_Container noLightbox\" data-gmid=\"3\"><a class='gmlove bl3' target='_blank' href='http:\/\/codeasily.com\/portfolio\/gmedia-gallery-modules\/mosaic\/'>built with GmediaGallery<\/a>        <noscript><a href=\"https:\/\/www.lamaisonduguil.com\/blog\/wp-content\/grand-media\/image\/IMG_5201-e1495316618221.jpg\" data-rel=\"lightbox-image-0\" data-rl_title=\"\" data-rl_caption=\"\" title=\"\"><img class=\"noLazy\" src='https:\/\/www.lamaisonduguil.com\/blog\/wp-content\/grand-media\/image\/thumb\/IMG_5201-e1495316618221.jpg' alt='Le boulanger travaille la pate' \/><\/a><a href=\"https:\/\/www.lamaisonduguil.com\/blog\/wp-content\/grand-media\/image\/IMG_5203-e1495316569832.jpg\" data-rel=\"lightbox-image-1\" data-rl_title=\"\" data-rl_caption=\"\" title=\"\"><img class=\"noLazy\" src='https:\/\/www.lamaisonduguil.com\/blog\/wp-content\/grand-media\/image\/thumb\/IMG_5203-e1495316569832.jpg' alt='Les pains avant d&#039;aller dans le four' \/><\/a><a href=\"https:\/\/www.lamaisonduguil.com\/blog\/wp-content\/grand-media\/image\/IMG_5204-e1495316436731.jpg\" data-rel=\"lightbox-image-2\" data-rl_title=\"\" data-rl_caption=\"\" title=\"\"><img class=\"noLazy\" src='https:\/\/www.lamaisonduguil.com\/blog\/wp-content\/grand-media\/image\/thumb\/IMG_5204-e1495316436731.jpg' alt='Le stand de vente' \/><\/a><a href=\"https:\/\/www.lamaisonduguil.com\/blog\/wp-content\/grand-media\/image\/IMG_5205-e1495316390199.jpg\" data-rel=\"lightbox-image-3\" data-rl_title=\"\" data-rl_caption=\"\" title=\"\"><img class=\"noLazy\" src='https:\/\/www.lamaisonduguil.com\/blog\/wp-content\/grand-media\/image\/thumb\/IMG_5205-e1495316390199.jpg' alt='Avant la cuisson' \/><\/a><a href=\"https:\/\/www.lamaisonduguil.com\/blog\/wp-content\/grand-media\/image\/IMG_5206-e1495316343599.jpg\" data-rel=\"lightbox-image-4\" data-rl_title=\"\" data-rl_caption=\"\" title=\"\"><img class=\"noLazy\" src='https:\/\/www.lamaisonduguil.com\/blog\/wp-content\/grand-media\/image\/thumb\/IMG_5206-e1495316343599.jpg' alt='Le four ferm\u00e9' \/><\/a><a href=\"https:\/\/www.lamaisonduguil.com\/blog\/wp-content\/grand-media\/image\/IMG_5208-e1495316292545.jpg\" data-rel=\"lightbox-image-5\" data-rl_title=\"\" data-rl_caption=\"\" title=\"\"><img class=\"noLazy\" src='https:\/\/www.lamaisonduguil.com\/blog\/wp-content\/grand-media\/image\/thumb\/IMG_5208-e1495316292545.jpg' alt='Est-ce qu&#039;ils sont pr\u00eat?' \/><\/a><a href=\"https:\/\/www.lamaisonduguil.com\/blog\/wp-content\/grand-media\/image\/IMG_5212-e1495316250777.jpg\" data-rel=\"lightbox-image-6\" data-rl_title=\"\" data-rl_caption=\"\" title=\"\"><img class=\"noLazy\" src='https:\/\/www.lamaisonduguil.com\/blog\/wp-content\/grand-media\/image\/thumb\/IMG_5212-e1495316250777.jpg' alt='Inspection' \/><\/a><a href=\"https:\/\/www.lamaisonduguil.com\/blog\/wp-content\/grand-media\/image\/IMG_5214-e1495316201891.jpg\" data-rel=\"lightbox-image-7\" data-rl_title=\"\" data-rl_caption=\"\" title=\"\"><img class=\"noLazy\" src='https:\/\/www.lamaisonduguil.com\/blog\/wp-content\/grand-media\/image\/thumb\/IMG_5214-e1495316201891.jpg' alt='Contr\u00f4le de la cuisson' \/><\/a><a href=\"https:\/\/www.lamaisonduguil.com\/blog\/wp-content\/grand-media\/image\/IMG_5216-e1495316159219.jpg\" data-rel=\"lightbox-image-8\" data-rl_title=\"\" data-rl_caption=\"\" title=\"\"><img class=\"noLazy\" src='https:\/\/www.lamaisonduguil.com\/blog\/wp-content\/grand-media\/image\/thumb\/IMG_5216-e1495316159219.jpg' alt='Le stand de vente' \/><\/a><a href=\"https:\/\/www.lamaisonduguil.com\/blog\/wp-content\/grand-media\/image\/IMG_5218-e1495316097305.jpg\" data-rel=\"lightbox-image-9\" data-rl_title=\"\" data-rl_caption=\"\" title=\"\"><img class=\"noLazy\" src='https:\/\/www.lamaisonduguil.com\/blog\/wp-content\/grand-media\/image\/thumb\/IMG_5218-e1495316097305.jpg' alt='Le r\u00e9sultat' \/><\/a><a href=\"https:\/\/www.lamaisonduguil.com\/blog\/wp-content\/grand-media\/image\/IMG_5220-e1495316050113.jpg\" data-rel=\"lightbox-image-10\" data-rl_title=\"\" data-rl_caption=\"\" title=\"\"><img class=\"noLazy\" src='https:\/\/www.lamaisonduguil.com\/blog\/wp-content\/grand-media\/image\/thumb\/IMG_5220-e1495316050113.jpg' alt='Les pains sortent du four' \/><\/a><a href=\"https:\/\/www.lamaisonduguil.com\/blog\/wp-content\/grand-media\/image\/IMG_5256-e1495315968850.jpg\" data-rel=\"lightbox-image-11\" data-rl_title=\"\" data-rl_caption=\"\" title=\"\"><img class=\"noLazy\" src='https:\/\/www.lamaisonduguil.com\/blog\/wp-content\/grand-media\/image\/thumb\/IMG_5256-e1495315968850.jpg' alt='Les pains dans le four' \/><\/a><a href=\"https:\/\/www.lamaisonduguil.com\/blog\/wp-content\/grand-media\/image\/IMG_5308-e1495315919437.jpg\" data-rel=\"lightbox-image-12\" data-rl_title=\"\" data-rl_caption=\"\" title=\"\"><img class=\"noLazy\" src='https:\/\/www.lamaisonduguil.com\/blog\/wp-content\/grand-media\/image\/thumb\/IMG_5308-e1495315919437.jpg' alt='Les pains sortent du four' \/><\/a><a href=\"https:\/\/www.lamaisonduguil.com\/blog\/wp-content\/grand-media\/image\/IMG_5332.jpg\" data-rel=\"lightbox-image-13\" data-rl_title=\"\" data-rl_caption=\"\" title=\"\"><img class=\"noLazy\" src='https:\/\/www.lamaisonduguil.com\/blog\/wp-content\/grand-media\/image\/thumb\/IMG_5332.jpg' alt='Les pains sortis du four' \/><\/a><\/noscript><\/div>\r\n        <script type=\"text\/javascript\">\r\n        jQuery(function($) {\r\n            var settings = {\"ID\":\"3\",\"name\":\"La f\\u00eate du pain\",\"is_mobile\":false,\"module_dirurl\":\"https:\\\/\\\/www.lamaisonduguil.com\\\/blog\\\/wp-content\\\/grand-media\\\/module\\\/mosaic\"};\r\n            var gmedia_mosaic_content = [{\"id\":\"21\",\"type\":\"image\",\"ext\":\"jpg\",\"src\":\"\\\/image\\\/IMG_5201-e1495316618221.jpg\",\"sizes\":{\"thumb\":\"https:\\\/\\\/www.lamaisonduguil.com\\\/blog\\\/wp-content\\\/grand-media\\\/image\\\/thumb\\\/IMG_5201-e1495316618221.jpg\",\"full\":\"https:\\\/\\\/www.lamaisonduguil.com\\\/blog\\\/wp-content\\\/grand-media\\\/image\\\/IMG_5201-e1495316618221.jpg\"},\"title\":\"Le boulanger travaille la pate\",\"alt\":\"Le boulanger travaille la pate\",\"caption\":\"\",\"url\":\"\",\"post_link\":\"https:\\\/\\\/www.lamaisonduguil.com\\\/blog\\\/gmedia\\\/img_5201-e1495316618221-jpg\\\/\",\"cc\":0,\"views\":33,\"likes\":2,\"width\":1650,\"height\":2200},{\"id\":\"20\",\"type\":\"image\",\"ext\":\"jpg\",\"src\":\"\\\/image\\\/IMG_5203-e1495316569832.jpg\",\"sizes\":{\"thumb\":\"https:\\\/\\\/www.lamaisonduguil.com\\\/blog\\\/wp-content\\\/grand-media\\\/image\\\/thumb\\\/IMG_5203-e1495316569832.jpg\",\"full\":\"https:\\\/\\\/www.lamaisonduguil.com\\\/blog\\\/wp-content\\\/grand-media\\\/image\\\/IMG_5203-e1495316569832.jpg\"},\"title\":\"Les pains avant d'aller dans le four\",\"alt\":\"Les pains avant d'aller dans le four\",\"caption\":\"\",\"url\":\"\",\"post_link\":\"https:\\\/\\\/www.lamaisonduguil.com\\\/blog\\\/gmedia\\\/img_5203-e1495316569832-jpg\\\/\",\"cc\":0,\"views\":31,\"likes\":1,\"width\":1650,\"height\":2200},{\"id\":\"19\",\"type\":\"image\",\"ext\":\"jpg\",\"src\":\"\\\/image\\\/IMG_5204-e1495316436731.jpg\",\"sizes\":{\"thumb\":\"https:\\\/\\\/www.lamaisonduguil.com\\\/blog\\\/wp-content\\\/grand-media\\\/image\\\/thumb\\\/IMG_5204-e1495316436731.jpg\",\"full\":\"https:\\\/\\\/www.lamaisonduguil.com\\\/blog\\\/wp-content\\\/grand-media\\\/image\\\/IMG_5204-e1495316436731.jpg\"},\"title\":\"Le stand de vente\",\"alt\":\"Le stand de vente\",\"caption\":\"\",\"url\":\"\",\"post_link\":\"https:\\\/\\\/www.lamaisonduguil.com\\\/blog\\\/gmedia\\\/img_5204-e1495316436731-jpg\\\/\",\"cc\":0,\"views\":35,\"likes\":0,\"width\":1650,\"height\":2200},{\"id\":\"18\",\"type\":\"image\",\"ext\":\"jpg\",\"src\":\"\\\/image\\\/IMG_5205-e1495316390199.jpg\",\"sizes\":{\"thumb\":\"https:\\\/\\\/www.lamaisonduguil.com\\\/blog\\\/wp-content\\\/grand-media\\\/image\\\/thumb\\\/IMG_5205-e1495316390199.jpg\",\"full\":\"https:\\\/\\\/www.lamaisonduguil.com\\\/blog\\\/wp-content\\\/grand-media\\\/image\\\/IMG_5205-e1495316390199.jpg\"},\"title\":\"Avant la cuisson\",\"alt\":\"Avant la cuisson\",\"caption\":\"\",\"url\":\"\",\"post_link\":\"https:\\\/\\\/www.lamaisonduguil.com\\\/blog\\\/gmedia\\\/img_5205-e1495316390199-jpg\\\/\",\"cc\":0,\"views\":32,\"likes\":1,\"width\":1650,\"height\":2200},{\"id\":\"17\",\"type\":\"image\",\"ext\":\"jpg\",\"src\":\"\\\/image\\\/IMG_5206-e1495316343599.jpg\",\"sizes\":{\"thumb\":\"https:\\\/\\\/www.lamaisonduguil.com\\\/blog\\\/wp-content\\\/grand-media\\\/image\\\/thumb\\\/IMG_5206-e1495316343599.jpg\",\"full\":\"https:\\\/\\\/www.lamaisonduguil.com\\\/blog\\\/wp-content\\\/grand-media\\\/image\\\/IMG_5206-e1495316343599.jpg\"},\"title\":\"Le four ferm\\u00e9\",\"alt\":\"Le four ferm\\u00e9\",\"caption\":\"\",\"url\":\"\",\"post_link\":\"https:\\\/\\\/www.lamaisonduguil.com\\\/blog\\\/gmedia\\\/img_5206-e1495316343599-jpg\\\/\",\"cc\":0,\"views\":31,\"likes\":1,\"width\":1650,\"height\":2200},{\"id\":\"16\",\"type\":\"image\",\"ext\":\"jpg\",\"src\":\"\\\/image\\\/IMG_5208-e1495316292545.jpg\",\"sizes\":{\"thumb\":\"https:\\\/\\\/www.lamaisonduguil.com\\\/blog\\\/wp-content\\\/grand-media\\\/image\\\/thumb\\\/IMG_5208-e1495316292545.jpg\",\"full\":\"https:\\\/\\\/www.lamaisonduguil.com\\\/blog\\\/wp-content\\\/grand-media\\\/image\\\/IMG_5208-e1495316292545.jpg\"},\"title\":\"Est-ce qu'ils sont pr\\u00eat?\",\"alt\":\"Est-ce qu'ils sont pr\\u00eat?\",\"caption\":\"\",\"url\":\"\",\"post_link\":\"https:\\\/\\\/www.lamaisonduguil.com\\\/blog\\\/gmedia\\\/img_5208-e1495316292545-jpg\\\/\",\"cc\":0,\"views\":29,\"likes\":1,\"width\":1650,\"height\":2200},{\"id\":\"15\",\"type\":\"image\",\"ext\":\"jpg\",\"src\":\"\\\/image\\\/IMG_5212-e1495316250777.jpg\",\"sizes\":{\"thumb\":\"https:\\\/\\\/www.lamaisonduguil.com\\\/blog\\\/wp-content\\\/grand-media\\\/image\\\/thumb\\\/IMG_5212-e1495316250777.jpg\",\"full\":\"https:\\\/\\\/www.lamaisonduguil.com\\\/blog\\\/wp-content\\\/grand-media\\\/image\\\/IMG_5212-e1495316250777.jpg\"},\"title\":\"Inspection\",\"alt\":\"Inspection\",\"caption\":\"\",\"url\":\"\",\"post_link\":\"https:\\\/\\\/www.lamaisonduguil.com\\\/blog\\\/gmedia\\\/img_5212-e1495316250777-jpg\\\/\",\"cc\":0,\"views\":30,\"likes\":1,\"width\":1650,\"height\":2200},{\"id\":\"14\",\"type\":\"image\",\"ext\":\"jpg\",\"src\":\"\\\/image\\\/IMG_5214-e1495316201891.jpg\",\"sizes\":{\"thumb\":\"https:\\\/\\\/www.lamaisonduguil.com\\\/blog\\\/wp-content\\\/grand-media\\\/image\\\/thumb\\\/IMG_5214-e1495316201891.jpg\",\"full\":\"https:\\\/\\\/www.lamaisonduguil.com\\\/blog\\\/wp-content\\\/grand-media\\\/image\\\/IMG_5214-e1495316201891.jpg\"},\"title\":\"Contr\\u00f4le de la cuisson\",\"alt\":\"Contr\\u00f4le de la cuisson\",\"caption\":\"\",\"url\":\"\",\"post_link\":\"https:\\\/\\\/www.lamaisonduguil.com\\\/blog\\\/gmedia\\\/img_5214-e1495316201891-jpg\\\/\",\"cc\":0,\"views\":28,\"likes\":1,\"width\":1650,\"height\":2200},{\"id\":\"13\",\"type\":\"image\",\"ext\":\"jpg\",\"src\":\"\\\/image\\\/IMG_5216-e1495316159219.jpg\",\"sizes\":{\"thumb\":\"https:\\\/\\\/www.lamaisonduguil.com\\\/blog\\\/wp-content\\\/grand-media\\\/image\\\/thumb\\\/IMG_5216-e1495316159219.jpg\",\"full\":\"https:\\\/\\\/www.lamaisonduguil.com\\\/blog\\\/wp-content\\\/grand-media\\\/image\\\/IMG_5216-e1495316159219.jpg\"},\"title\":\"Le stand de vente\",\"alt\":\"Le stand de vente\",\"caption\":\"\",\"url\":\"\",\"post_link\":\"https:\\\/\\\/www.lamaisonduguil.com\\\/blog\\\/gmedia\\\/img_5216-e1495316159219-jpg\\\/\",\"cc\":0,\"views\":32,\"likes\":0,\"width\":1650,\"height\":2200},{\"id\":\"12\",\"type\":\"image\",\"ext\":\"jpg\",\"src\":\"\\\/image\\\/IMG_5218-e1495316097305.jpg\",\"sizes\":{\"thumb\":\"https:\\\/\\\/www.lamaisonduguil.com\\\/blog\\\/wp-content\\\/grand-media\\\/image\\\/thumb\\\/IMG_5218-e1495316097305.jpg\",\"full\":\"https:\\\/\\\/www.lamaisonduguil.com\\\/blog\\\/wp-content\\\/grand-media\\\/image\\\/IMG_5218-e1495316097305.jpg\"},\"title\":\"Le r\\u00e9sultat\",\"alt\":\"Le r\\u00e9sultat\",\"caption\":\"\",\"url\":\"\",\"post_link\":\"https:\\\/\\\/www.lamaisonduguil.com\\\/blog\\\/gmedia\\\/img_5218-e1495316097305-jpg\\\/\",\"cc\":0,\"views\":32,\"likes\":2,\"width\":1650,\"height\":2200},{\"id\":\"11\",\"type\":\"image\",\"ext\":\"jpg\",\"src\":\"\\\/image\\\/IMG_5220-e1495316050113.jpg\",\"sizes\":{\"thumb\":\"https:\\\/\\\/www.lamaisonduguil.com\\\/blog\\\/wp-content\\\/grand-media\\\/image\\\/thumb\\\/IMG_5220-e1495316050113.jpg\",\"full\":\"https:\\\/\\\/www.lamaisonduguil.com\\\/blog\\\/wp-content\\\/grand-media\\\/image\\\/IMG_5220-e1495316050113.jpg\"},\"title\":\"Les pains sortent du four\",\"alt\":\"Les pains sortent du four\",\"caption\":\"\",\"url\":\"\",\"post_link\":\"https:\\\/\\\/www.lamaisonduguil.com\\\/blog\\\/gmedia\\\/img_5220-e1495316050113-jpg\\\/\",\"cc\":0,\"views\":30,\"likes\":2,\"width\":1650,\"height\":2200},{\"id\":\"10\",\"type\":\"image\",\"ext\":\"jpg\",\"src\":\"\\\/image\\\/IMG_5256-e1495315968850.jpg\",\"sizes\":{\"thumb\":\"https:\\\/\\\/www.lamaisonduguil.com\\\/blog\\\/wp-content\\\/grand-media\\\/image\\\/thumb\\\/IMG_5256-e1495315968850.jpg\",\"full\":\"https:\\\/\\\/www.lamaisonduguil.com\\\/blog\\\/wp-content\\\/grand-media\\\/image\\\/IMG_5256-e1495315968850.jpg\"},\"title\":\"Les pains dans le four\",\"alt\":\"Les pains dans le four\",\"caption\":\"\",\"url\":\"\",\"post_link\":\"https:\\\/\\\/www.lamaisonduguil.com\\\/blog\\\/gmedia\\\/img_5256-e1495315968850-jpg\\\/\",\"cc\":0,\"views\":23,\"likes\":1,\"width\":1650,\"height\":2200},{\"id\":\"9\",\"type\":\"image\",\"ext\":\"jpg\",\"src\":\"\\\/image\\\/IMG_5308-e1495315919437.jpg\",\"sizes\":{\"thumb\":\"https:\\\/\\\/www.lamaisonduguil.com\\\/blog\\\/wp-content\\\/grand-media\\\/image\\\/thumb\\\/IMG_5308-e1495315919437.jpg\",\"full\":\"https:\\\/\\\/www.lamaisonduguil.com\\\/blog\\\/wp-content\\\/grand-media\\\/image\\\/IMG_5308-e1495315919437.jpg\"},\"title\":\"Les pains sortent du four\",\"alt\":\"Les pains sortent du four\",\"caption\":\"\",\"url\":\"\",\"post_link\":\"https:\\\/\\\/www.lamaisonduguil.com\\\/blog\\\/gmedia\\\/img_5308-e1495315919437-jpg\\\/\",\"cc\":0,\"views\":22,\"likes\":1,\"width\":1650,\"height\":2200},{\"id\":\"8\",\"type\":\"image\",\"ext\":\"jpg\",\"src\":\"\\\/image\\\/IMG_5332.jpg\",\"sizes\":{\"thumb\":\"https:\\\/\\\/www.lamaisonduguil.com\\\/blog\\\/wp-content\\\/grand-media\\\/image\\\/thumb\\\/IMG_5332.jpg\",\"full\":\"https:\\\/\\\/www.lamaisonduguil.com\\\/blog\\\/wp-content\\\/grand-media\\\/image\\\/IMG_5332.jpg\"},\"title\":\"Les pains sortis du four\",\"alt\":\"Les pains sortis du four\",\"caption\":\"\",\"url\":\"\",\"post_link\":\"https:\\\/\\\/www.lamaisonduguil.com\\\/blog\\\/gmedia\\\/img_5332-jpg\\\/\",\"cc\":0,\"views\":24,\"likes\":3,\"width\":2200,\"height\":1650}];\r\n            settings.gallery = gmedia_mosaic_content;\r\n            $('#GmediaGallery_3 .gmMosaic_Container').gmediaMosaic(settings);\r\n        });\r\n    <\/script>    <\/div>\n<p>Il est difficile \u00e0 s&rsquo;imaginer qu&rsquo;\u00e0 l&rsquo;\u00e9poque, dans certains endroits, <strong>on faisait le pain qu&rsquo;une seule fois par an<\/strong>. &nbsp;Un pain que l&rsquo;on consommait ensuite enti\u00e8rement. &nbsp;S&rsquo;il \u00e9tait devenu trop dur, on utilisait une <strong>r\u00e2pe<\/strong> (comme une r\u00e2pe \u00e0 fromage) pour ne rien g\u00e2cher du pain. &nbsp;<\/p>\n<p>Chaque jour quand je descends \u00e0 la boulangerie, je pense souvent au luxe que nous avons maintenant d&rsquo;avoir du bon pain tout frais, chaque jour. &nbsp;Merci Monsieur le Boulanger !<\/p>\n","protected":false},"excerpt":{"rendered":"<p>La f\u00eate du pain \u00e0 la Font d&rsquo;Eygliers, la premi\u00e8re \u00e9dition c&rsquo;\u00e9tait le 19 Mai 2017. &nbsp;La premi\u00e8re \u00e9dition? &nbsp;Eh oui, le four banal n&rsquo;\u00e9tait plus en \u00e9tat de fonctionnement depuis bien des ann\u00e9es. &nbsp; Le four banal ou four communal? &nbsp;Juste \u00e0 c\u00f4t\u00e9 de la Maison du Guil, en face de la fontaine et [&hellip;]<\/p>\n","protected":false},"author":2,"featured_media":546,"comment_status":"open","ping_status":"open","sticky":false,"template":"","format":"standard","meta":{"site-sidebar-layout":"default","site-content-layout":"","ast-site-content-layout":"default","site-content-style":"default","site-sidebar-style":"default","ast-global-header-display":"","ast-banner-title-visibility":"","ast-main-header-display":"","ast-hfb-above-header-display":"","ast-hfb-below-header-display":"","ast-hfb-mobile-header-display":"","site-post-title":"","ast-breadcrumbs-content":"","ast-featured-img":"","footer-sml-layout":"","theme-transparent-header-meta":"","adv-header-id-meta":"","stick-header-meta":"","header-above-stick-meta":"","header-main-stick-meta":"","header-below-stick-meta":"","astra-migrate-meta-layouts":"default","ast-page-background-enabled":"default","ast-page-background-meta":{"desktop":{"background-color":"","background-image":"","background-repeat":"repeat","background-position":"center center","background-size":"auto","background-attachment":"scroll","background-type":"","background-media":"","overlay-type":"","overlay-color":"","overlay-opacity":"","overlay-gradient":""},"tablet":{"background-color":"","background-image":"","background-repeat":"repeat","background-position":"center center","background-size":"auto","background-attachment":"scroll","background-type":"","background-media":"","overlay-type":"","overlay-color":"","overlay-opacity":"","overlay-gradient":""},"mobile":{"background-color":"","background-image":"","background-repeat":"repeat","background-position":"center center","background-size":"auto","background-attachment":"scroll","background-type":"","background-media":"","overlay-type":"","overlay-color":"","overlay-opacity":"","overlay-gradient":""}},"ast-content-background-meta":{"desktop":{"background-color":"var(--ast-global-color-5)","background-image":"","background-repeat":"repeat","background-position":"center center","background-size":"auto","background-attachment":"scroll","background-type":"","background-media":"","overlay-type":"","overlay-color":"","overlay-opacity":"","overlay-gradient":""},"tablet":{"background-color":"var(--ast-global-color-5)","background-image":"","background-repeat":"repeat","background-position":"center center","background-size":"auto","background-attachment":"scroll","background-type":"","background-media":"","overlay-type":"","overlay-color":"","overlay-opacity":"","overlay-gradient":""},"mobile":{"background-color":"var(--ast-global-color-5)","background-image":"","background-repeat":"repeat","background-position":"center center","background-size":"auto","background-attachment":"scroll","background-type":"","background-media":"","overlay-type":"","overlay-color":"","overlay-opacity":"","overlay-gradient":""}},"ngg_post_thumbnail":0,"footnotes":""},"categories":[19,46,55,1,15,6],"tags":[48,56,3,9,47],"class_list":["post-511","post","type-post","status-publish","format-standard","has-post-thumbnail","hentry","category-activites","category-eygliers","category-francais","category-non-classe","category-patrimoine","category-villages-des-hautes-alpes","tag-evenements","tag-francais","tag-hautesalpes","tag-la-font-deygliers","tag-patrimoine"],"yoast_head":"<!-- This site is optimized with the Yoast SEO plugin v27.5 - https:\/\/yoast.com\/product\/yoast-seo-wordpress\/ -->\n<title>La f\u00eate du pain \u00e0 la Font d&#039;Eygliers - La Maison du Guil - Le Blog<\/title>\n<meta name=\"description\" content=\"Le four banal de la Font d&#039;Eygliers fonctionne \u00e0 nouveau apr\u00e8s une belle r\u00e9novation. Lors de la f\u00eate du pain chaque ann\u00e9e en \u00e9t\u00e9.\" \/>\n<meta name=\"robots\" content=\"index, follow, max-snippet:-1, max-image-preview:large, max-video-preview:-1\" \/>\n<link rel=\"canonical\" href=\"https:\/\/www.lamaisonduguil.com\/blog\/fete-pain-a-deygliers\/\" \/>\n<meta property=\"og:locale\" content=\"fr_FR\" \/>\n<meta property=\"og:type\" content=\"article\" \/>\n<meta property=\"og:title\" content=\"La f\u00eate du pain \u00e0 la Font d&#039;Eygliers - La Maison du Guil - Le Blog\" \/>\n<meta property=\"og:description\" content=\"Le four banal de la Font d&#039;Eygliers fonctionne \u00e0 nouveau apr\u00e8s une belle r\u00e9novation. Lors de la f\u00eate du pain chaque ann\u00e9e en \u00e9t\u00e9.\" \/>\n<meta property=\"og:url\" content=\"https:\/\/www.lamaisonduguil.com\/blog\/fete-pain-a-deygliers\/\" \/>\n<meta property=\"og:site_name\" content=\"La Maison du Guil - Le Blog\" \/>\n<meta property=\"article:publisher\" content=\"http:\/\/www.facebook.com\/lamaisonduguil\" \/>\n<meta property=\"article:published_time\" content=\"2017-05-20T22:45:14+00:00\" \/>\n<meta property=\"article:modified_time\" content=\"2019-04-08T22:02:28+00:00\" \/>\n<meta property=\"og:image\" content=\"https:\/\/www.lamaisonduguil.com\/blog\/wp-content\/uploads\/2017\/05\/IMG_0764-e1518600709580.jpg\" \/>\n\t<meta property=\"og:image:width\" content=\"1350\" \/>\n\t<meta property=\"og:image:height\" content=\"1800\" \/>\n\t<meta property=\"og:image:type\" content=\"image\/jpeg\" \/>\n<meta name=\"author\" content=\"Tom\" \/>\n<meta name=\"twitter:card\" content=\"summary_large_image\" \/>\n<meta name=\"twitter:label1\" content=\"\u00c9crit par\" \/>\n\t<meta name=\"twitter:data1\" content=\"Tom\" \/>\n\t<meta name=\"twitter:label2\" content=\"Dur\u00e9e de lecture estim\u00e9e\" \/>\n\t<meta name=\"twitter:data2\" content=\"2 minutes\" \/>\n<script type=\"application\/ld+json\" class=\"yoast-schema-graph\">{\"@context\":\"https:\\\/\\\/schema.org\",\"@graph\":[{\"@type\":\"Article\",\"@id\":\"https:\\\/\\\/www.lamaisonduguil.com\\\/blog\\\/fete-pain-a-deygliers\\\/#article\",\"isPartOf\":{\"@id\":\"https:\\\/\\\/www.lamaisonduguil.com\\\/blog\\\/fete-pain-a-deygliers\\\/\"},\"author\":{\"name\":\"Tom\",\"@id\":\"https:\\\/\\\/www.lamaisonduguil.com\\\/blog\\\/#\\\/schema\\\/person\\\/629208c2fb7759244c3fbe06c0bc3713\"},\"headline\":\"La f\u00eate du pain \u00e0 la Font d&rsquo;Eygliers\",\"datePublished\":\"2017-05-20T22:45:14+00:00\",\"dateModified\":\"2019-04-08T22:02:28+00:00\",\"mainEntityOfPage\":{\"@id\":\"https:\\\/\\\/www.lamaisonduguil.com\\\/blog\\\/fete-pain-a-deygliers\\\/\"},\"wordCount\":462,\"commentCount\":7,\"publisher\":{\"@id\":\"https:\\\/\\\/www.lamaisonduguil.com\\\/blog\\\/#organization\"},\"image\":{\"@id\":\"https:\\\/\\\/www.lamaisonduguil.com\\\/blog\\\/fete-pain-a-deygliers\\\/#primaryimage\"},\"thumbnailUrl\":\"https:\\\/\\\/www.lamaisonduguil.com\\\/blog\\\/wp-content\\\/uploads\\\/2017\\\/05\\\/IMG_0764-e1518600709580.jpg\",\"keywords\":[\"Ev\u00e8nements\",\"Fran\u00e7ais\",\"Hautes Alpes\",\"La Font d'Eygliers\",\"Patrimoine\"],\"articleSection\":{\"0\":\"Activit\u00e9s\",\"1\":\"Eygliers\",\"2\":\"Fran\u00e7ais\",\"4\":\"Patrimoine\",\"5\":\"Villages des Hautes Alpes\"},\"inLanguage\":\"fr-FR\",\"potentialAction\":[{\"@type\":\"CommentAction\",\"name\":\"Comment\",\"target\":[\"https:\\\/\\\/www.lamaisonduguil.com\\\/blog\\\/fete-pain-a-deygliers\\\/#respond\"]}]},{\"@type\":\"WebPage\",\"@id\":\"https:\\\/\\\/www.lamaisonduguil.com\\\/blog\\\/fete-pain-a-deygliers\\\/\",\"url\":\"https:\\\/\\\/www.lamaisonduguil.com\\\/blog\\\/fete-pain-a-deygliers\\\/\",\"name\":\"La f\u00eate du pain \u00e0 la Font d'Eygliers - La Maison du Guil - Le Blog\",\"isPartOf\":{\"@id\":\"https:\\\/\\\/www.lamaisonduguil.com\\\/blog\\\/#website\"},\"primaryImageOfPage\":{\"@id\":\"https:\\\/\\\/www.lamaisonduguil.com\\\/blog\\\/fete-pain-a-deygliers\\\/#primaryimage\"},\"image\":{\"@id\":\"https:\\\/\\\/www.lamaisonduguil.com\\\/blog\\\/fete-pain-a-deygliers\\\/#primaryimage\"},\"thumbnailUrl\":\"https:\\\/\\\/www.lamaisonduguil.com\\\/blog\\\/wp-content\\\/uploads\\\/2017\\\/05\\\/IMG_0764-e1518600709580.jpg\",\"datePublished\":\"2017-05-20T22:45:14+00:00\",\"dateModified\":\"2019-04-08T22:02:28+00:00\",\"description\":\"Le four banal de la Font d'Eygliers fonctionne \u00e0 nouveau apr\u00e8s une belle r\u00e9novation. Lors de la f\u00eate du pain chaque ann\u00e9e en \u00e9t\u00e9.\",\"breadcrumb\":{\"@id\":\"https:\\\/\\\/www.lamaisonduguil.com\\\/blog\\\/fete-pain-a-deygliers\\\/#breadcrumb\"},\"inLanguage\":\"fr-FR\",\"potentialAction\":[{\"@type\":\"ReadAction\",\"target\":[\"https:\\\/\\\/www.lamaisonduguil.com\\\/blog\\\/fete-pain-a-deygliers\\\/\"]}]},{\"@type\":\"ImageObject\",\"inLanguage\":\"fr-FR\",\"@id\":\"https:\\\/\\\/www.lamaisonduguil.com\\\/blog\\\/fete-pain-a-deygliers\\\/#primaryimage\",\"url\":\"https:\\\/\\\/www.lamaisonduguil.com\\\/blog\\\/wp-content\\\/uploads\\\/2017\\\/05\\\/IMG_0764-e1518600709580.jpg\",\"contentUrl\":\"https:\\\/\\\/www.lamaisonduguil.com\\\/blog\\\/wp-content\\\/uploads\\\/2017\\\/05\\\/IMG_0764-e1518600709580.jpg\",\"width\":1350,\"height\":1800,\"caption\":\"Le four banal ou four communal de la Font d'Eygliers\"},{\"@type\":\"BreadcrumbList\",\"@id\":\"https:\\\/\\\/www.lamaisonduguil.com\\\/blog\\\/fete-pain-a-deygliers\\\/#breadcrumb\",\"itemListElement\":[{\"@type\":\"ListItem\",\"position\":1,\"name\":\"Accueil\",\"item\":\"https:\\\/\\\/www.lamaisonduguil.com\\\/blog\\\/\"},{\"@type\":\"ListItem\",\"position\":2,\"name\":\"La f\u00eate du pain \u00e0 la Font d&rsquo;Eygliers\"}]},{\"@type\":\"WebSite\",\"@id\":\"https:\\\/\\\/www.lamaisonduguil.com\\\/blog\\\/#website\",\"url\":\"https:\\\/\\\/www.lamaisonduguil.com\\\/blog\\\/\",\"name\":\"La Maison du Guil - Le Blog\",\"description\":\"Un blog pour vous aider \u00e0 d\u00e9couvrir notre belle r\u00e9gion\",\"publisher\":{\"@id\":\"https:\\\/\\\/www.lamaisonduguil.com\\\/blog\\\/#organization\"},\"potentialAction\":[{\"@type\":\"SearchAction\",\"target\":{\"@type\":\"EntryPoint\",\"urlTemplate\":\"https:\\\/\\\/www.lamaisonduguil.com\\\/blog\\\/?s={search_term_string}\"},\"query-input\":{\"@type\":\"PropertyValueSpecification\",\"valueRequired\":true,\"valueName\":\"search_term_string\"}}],\"inLanguage\":\"fr-FR\"},{\"@type\":\"Organization\",\"@id\":\"https:\\\/\\\/www.lamaisonduguil.com\\\/blog\\\/#organization\",\"name\":\"La Maison du Guil - Le Blog\",\"url\":\"https:\\\/\\\/www.lamaisonduguil.com\\\/blog\\\/\",\"logo\":{\"@type\":\"ImageObject\",\"inLanguage\":\"fr-FR\",\"@id\":\"https:\\\/\\\/www.lamaisonduguil.com\\\/blog\\\/#\\\/schema\\\/logo\\\/image\\\/\",\"url\":\"https:\\\/\\\/www.lamaisonduguil.com\\\/blog\\\/wp-content\\\/uploads\\\/2016\\\/09\\\/logo2.gif\",\"contentUrl\":\"https:\\\/\\\/www.lamaisonduguil.com\\\/blog\\\/wp-content\\\/uploads\\\/2016\\\/09\\\/logo2.gif\",\"width\":207,\"height\":207,\"caption\":\"La Maison du Guil - Le Blog\"},\"image\":{\"@id\":\"https:\\\/\\\/www.lamaisonduguil.com\\\/blog\\\/#\\\/schema\\\/logo\\\/image\\\/\"},\"sameAs\":[\"http:\\\/\\\/www.facebook.com\\\/lamaisonduguil\"]},{\"@type\":\"Person\",\"@id\":\"https:\\\/\\\/www.lamaisonduguil.com\\\/blog\\\/#\\\/schema\\\/person\\\/629208c2fb7759244c3fbe06c0bc3713\",\"name\":\"Tom\",\"image\":{\"@type\":\"ImageObject\",\"inLanguage\":\"fr-FR\",\"@id\":\"https:\\\/\\\/secure.gravatar.com\\\/avatar\\\/5f0fbdeab05c9050198d8e098c31cf87ec88fb8b615fd68e88c27383c80ccf81?s=96&d=mm&r=g\",\"url\":\"https:\\\/\\\/secure.gravatar.com\\\/avatar\\\/5f0fbdeab05c9050198d8e098c31cf87ec88fb8b615fd68e88c27383c80ccf81?s=96&d=mm&r=g\",\"contentUrl\":\"https:\\\/\\\/secure.gravatar.com\\\/avatar\\\/5f0fbdeab05c9050198d8e098c31cf87ec88fb8b615fd68e88c27383c80ccf81?s=96&d=mm&r=g\",\"caption\":\"Tom\"},\"sameAs\":[\"https:\\\/\\\/www.lamaisonduguil.com\"]}]}<\/script>\n<!-- \/ Yoast SEO plugin. -->","yoast_head_json":{"title":"La f\u00eate du pain \u00e0 la Font d'Eygliers - La Maison du Guil - Le Blog","description":"Le four banal de la Font d'Eygliers fonctionne \u00e0 nouveau apr\u00e8s une belle r\u00e9novation. Lors de la f\u00eate du pain chaque ann\u00e9e en \u00e9t\u00e9.","robots":{"index":"index","follow":"follow","max-snippet":"max-snippet:-1","max-image-preview":"max-image-preview:large","max-video-preview":"max-video-preview:-1"},"canonical":"https:\/\/www.lamaisonduguil.com\/blog\/fete-pain-a-deygliers\/","og_locale":"fr_FR","og_type":"article","og_title":"La f\u00eate du pain \u00e0 la Font d'Eygliers - La Maison du Guil - Le Blog","og_description":"Le four banal de la Font d'Eygliers fonctionne \u00e0 nouveau apr\u00e8s une belle r\u00e9novation. Lors de la f\u00eate du pain chaque ann\u00e9e en \u00e9t\u00e9.","og_url":"https:\/\/www.lamaisonduguil.com\/blog\/fete-pain-a-deygliers\/","og_site_name":"La Maison du Guil - Le Blog","article_publisher":"http:\/\/www.facebook.com\/lamaisonduguil","article_published_time":"2017-05-20T22:45:14+00:00","article_modified_time":"2019-04-08T22:02:28+00:00","og_image":[{"width":1350,"height":1800,"url":"https:\/\/www.lamaisonduguil.com\/blog\/wp-content\/uploads\/2017\/05\/IMG_0764-e1518600709580.jpg","type":"image\/jpeg"}],"author":"Tom","twitter_card":"summary_large_image","twitter_misc":{"\u00c9crit par":"Tom","Dur\u00e9e de lecture estim\u00e9e":"2 minutes"},"schema":{"@context":"https:\/\/schema.org","@graph":[{"@type":"Article","@id":"https:\/\/www.lamaisonduguil.com\/blog\/fete-pain-a-deygliers\/#article","isPartOf":{"@id":"https:\/\/www.lamaisonduguil.com\/blog\/fete-pain-a-deygliers\/"},"author":{"name":"Tom","@id":"https:\/\/www.lamaisonduguil.com\/blog\/#\/schema\/person\/629208c2fb7759244c3fbe06c0bc3713"},"headline":"La f\u00eate du pain \u00e0 la Font d&rsquo;Eygliers","datePublished":"2017-05-20T22:45:14+00:00","dateModified":"2019-04-08T22:02:28+00:00","mainEntityOfPage":{"@id":"https:\/\/www.lamaisonduguil.com\/blog\/fete-pain-a-deygliers\/"},"wordCount":462,"commentCount":7,"publisher":{"@id":"https:\/\/www.lamaisonduguil.com\/blog\/#organization"},"image":{"@id":"https:\/\/www.lamaisonduguil.com\/blog\/fete-pain-a-deygliers\/#primaryimage"},"thumbnailUrl":"https:\/\/www.lamaisonduguil.com\/blog\/wp-content\/uploads\/2017\/05\/IMG_0764-e1518600709580.jpg","keywords":["Ev\u00e8nements","Fran\u00e7ais","Hautes Alpes","La Font d'Eygliers","Patrimoine"],"articleSection":{"0":"Activit\u00e9s","1":"Eygliers","2":"Fran\u00e7ais","4":"Patrimoine","5":"Villages des Hautes Alpes"},"inLanguage":"fr-FR","potentialAction":[{"@type":"CommentAction","name":"Comment","target":["https:\/\/www.lamaisonduguil.com\/blog\/fete-pain-a-deygliers\/#respond"]}]},{"@type":"WebPage","@id":"https:\/\/www.lamaisonduguil.com\/blog\/fete-pain-a-deygliers\/","url":"https:\/\/www.lamaisonduguil.com\/blog\/fete-pain-a-deygliers\/","name":"La f\u00eate du pain \u00e0 la Font d'Eygliers - La Maison du Guil - Le Blog","isPartOf":{"@id":"https:\/\/www.lamaisonduguil.com\/blog\/#website"},"primaryImageOfPage":{"@id":"https:\/\/www.lamaisonduguil.com\/blog\/fete-pain-a-deygliers\/#primaryimage"},"image":{"@id":"https:\/\/www.lamaisonduguil.com\/blog\/fete-pain-a-deygliers\/#primaryimage"},"thumbnailUrl":"https:\/\/www.lamaisonduguil.com\/blog\/wp-content\/uploads\/2017\/05\/IMG_0764-e1518600709580.jpg","datePublished":"2017-05-20T22:45:14+00:00","dateModified":"2019-04-08T22:02:28+00:00","description":"Le four banal de la Font d'Eygliers fonctionne \u00e0 nouveau apr\u00e8s une belle r\u00e9novation. Lors de la f\u00eate du pain chaque ann\u00e9e en \u00e9t\u00e9.","breadcrumb":{"@id":"https:\/\/www.lamaisonduguil.com\/blog\/fete-pain-a-deygliers\/#breadcrumb"},"inLanguage":"fr-FR","potentialAction":[{"@type":"ReadAction","target":["https:\/\/www.lamaisonduguil.com\/blog\/fete-pain-a-deygliers\/"]}]},{"@type":"ImageObject","inLanguage":"fr-FR","@id":"https:\/\/www.lamaisonduguil.com\/blog\/fete-pain-a-deygliers\/#primaryimage","url":"https:\/\/www.lamaisonduguil.com\/blog\/wp-content\/uploads\/2017\/05\/IMG_0764-e1518600709580.jpg","contentUrl":"https:\/\/www.lamaisonduguil.com\/blog\/wp-content\/uploads\/2017\/05\/IMG_0764-e1518600709580.jpg","width":1350,"height":1800,"caption":"Le four banal ou four communal de la Font d'Eygliers"},{"@type":"BreadcrumbList","@id":"https:\/\/www.lamaisonduguil.com\/blog\/fete-pain-a-deygliers\/#breadcrumb","itemListElement":[{"@type":"ListItem","position":1,"name":"Accueil","item":"https:\/\/www.lamaisonduguil.com\/blog\/"},{"@type":"ListItem","position":2,"name":"La f\u00eate du pain \u00e0 la Font d&rsquo;Eygliers"}]},{"@type":"WebSite","@id":"https:\/\/www.lamaisonduguil.com\/blog\/#website","url":"https:\/\/www.lamaisonduguil.com\/blog\/","name":"La Maison du Guil - Le Blog","description":"Un blog pour vous aider \u00e0 d\u00e9couvrir notre belle r\u00e9gion","publisher":{"@id":"https:\/\/www.lamaisonduguil.com\/blog\/#organization"},"potentialAction":[{"@type":"SearchAction","target":{"@type":"EntryPoint","urlTemplate":"https:\/\/www.lamaisonduguil.com\/blog\/?s={search_term_string}"},"query-input":{"@type":"PropertyValueSpecification","valueRequired":true,"valueName":"search_term_string"}}],"inLanguage":"fr-FR"},{"@type":"Organization","@id":"https:\/\/www.lamaisonduguil.com\/blog\/#organization","name":"La Maison du Guil - Le Blog","url":"https:\/\/www.lamaisonduguil.com\/blog\/","logo":{"@type":"ImageObject","inLanguage":"fr-FR","@id":"https:\/\/www.lamaisonduguil.com\/blog\/#\/schema\/logo\/image\/","url":"https:\/\/www.lamaisonduguil.com\/blog\/wp-content\/uploads\/2016\/09\/logo2.gif","contentUrl":"https:\/\/www.lamaisonduguil.com\/blog\/wp-content\/uploads\/2016\/09\/logo2.gif","width":207,"height":207,"caption":"La Maison du Guil - Le Blog"},"image":{"@id":"https:\/\/www.lamaisonduguil.com\/blog\/#\/schema\/logo\/image\/"},"sameAs":["http:\/\/www.facebook.com\/lamaisonduguil"]},{"@type":"Person","@id":"https:\/\/www.lamaisonduguil.com\/blog\/#\/schema\/person\/629208c2fb7759244c3fbe06c0bc3713","name":"Tom","image":{"@type":"ImageObject","inLanguage":"fr-FR","@id":"https:\/\/secure.gravatar.com\/avatar\/5f0fbdeab05c9050198d8e098c31cf87ec88fb8b615fd68e88c27383c80ccf81?s=96&d=mm&r=g","url":"https:\/\/secure.gravatar.com\/avatar\/5f0fbdeab05c9050198d8e098c31cf87ec88fb8b615fd68e88c27383c80ccf81?s=96&d=mm&r=g","contentUrl":"https:\/\/secure.gravatar.com\/avatar\/5f0fbdeab05c9050198d8e098c31cf87ec88fb8b615fd68e88c27383c80ccf81?s=96&d=mm&r=g","caption":"Tom"},"sameAs":["https:\/\/www.lamaisonduguil.com"]}]}},"_links":{"self":[{"href":"https:\/\/www.lamaisonduguil.com\/blog\/wp-json\/wp\/v2\/posts\/511","targetHints":{"allow":["GET"]}}],"collection":[{"href":"https:\/\/www.lamaisonduguil.com\/blog\/wp-json\/wp\/v2\/posts"}],"about":[{"href":"https:\/\/www.lamaisonduguil.com\/blog\/wp-json\/wp\/v2\/types\/post"}],"author":[{"embeddable":true,"href":"https:\/\/www.lamaisonduguil.com\/blog\/wp-json\/wp\/v2\/users\/2"}],"replies":[{"embeddable":true,"href":"https:\/\/www.lamaisonduguil.com\/blog\/wp-json\/wp\/v2\/comments?post=511"}],"version-history":[{"count":0,"href":"https:\/\/www.lamaisonduguil.com\/blog\/wp-json\/wp\/v2\/posts\/511\/revisions"}],"wp:featuredmedia":[{"embeddable":true,"href":"https:\/\/www.lamaisonduguil.com\/blog\/wp-json\/wp\/v2\/media\/546"}],"wp:attachment":[{"href":"https:\/\/www.lamaisonduguil.com\/blog\/wp-json\/wp\/v2\/media?parent=511"}],"wp:term":[{"taxonomy":"category","embeddable":true,"href":"https:\/\/www.lamaisonduguil.com\/blog\/wp-json\/wp\/v2\/categories?post=511"},{"taxonomy":"post_tag","embeddable":true,"href":"https:\/\/www.lamaisonduguil.com\/blog\/wp-json\/wp\/v2\/tags?post=511"}],"curies":[{"name":"wp","href":"https:\/\/api.w.org\/{rel}","templated":true}]}}