{"id":552,"date":"2017-06-03T10:52:44","date_gmt":"2017-06-03T08:52:44","guid":{"rendered":"http:\/\/www.lamaisonduguil.com\/blog\/?p=552"},"modified":"2019-04-08T23:57:54","modified_gmt":"2019-04-08T21:57:54","slug":"les-fleurs-de-printemps","status":"publish","type":"post","link":"https:\/\/www.lamaisonduguil.com\/blog\/les-fleurs-de-printemps\/","title":{"rendered":"Les fleurs de printemps"},"content":{"rendered":"<p>Un <strong>printemps dans les Hautes Alpes<\/strong> correspond&nbsp;au ciel tout bleu, au soleil, aux&nbsp;fleurs de printemps, et \u00e0 de&nbsp;l&rsquo;eau, beaucoup d&rsquo;eau. &nbsp;De l&rsquo;eau sous forme de cascades impressionnantes, sous forme de rivi\u00e8res gonfl\u00e9es avec l&rsquo;eau de la fonte de la neige ou encore sous forme du lac de Serre Pon\u00e7on qui retrouve son niveau estival. &nbsp;L&rsquo;avantage du printemps pour faire une balade est qu&rsquo;il n&rsquo;y a pas trop de monde sur les sentiers, et qu&rsquo;il ne fait pas encore trop chaud. &nbsp;<\/p>\n<h2>La vall\u00e9e de Freissini\u00e8res et Dormillouse<\/h2>\n<p>Une balade dans la vall\u00e9e de Freissini\u00e8res nous a donn\u00e9 tous ces \u00e9l\u00e9ments de printemps. &nbsp;Personne sur les sentiers, des <strong>paysages \u00e0 couper le souffle<\/strong>, des <strong>fleurs<\/strong> de toute beaut\u00e9, et des <strong>cascades<\/strong> vraiment impressionnantes. &nbsp;Il manquait juste le ciel tout bleu, on avait droit \u00e0 quelques nuages en plus. &nbsp;<\/p>\n<p>Une balade depuis le dernier parking, le terminus, en route pour <strong>Dormillouse<\/strong>, pour ensuite bifurquer vers&nbsp;le <strong>lac Palluel<\/strong>. &nbsp;Une belle grimpette, avec une jolie petite rencontre surprise en cours de route, le petit plus. &nbsp;<\/p>\n<p>Au d\u00e9but le sentier monte en for\u00eat, vers la fin on sort de la for\u00eat pour traverser des champs avec des jolies vues sur la vall\u00e9e de Freissini\u00e8res. &nbsp;Plein d&rsquo;oiseaux dans le ciel, nous avons m\u00eame aper\u00e7u quelques&nbsp;aigles. &nbsp;<\/p>\n<h2>Neige en d\u00e9but de printemps<\/h2>\n<p>Une balade en d\u00e9but de printemps implique \u00e9galement le risque de se retrouver sur des endroits enneig\u00e9s. &nbsp;Nous avons eu cette malchance \u00e0 environ 200m en dessous du lac, un endroit avec bien trop de neige, ce qui nous a oblig\u00e9 \u00e0 faire demi tour. &nbsp;Les plaques de neige \u00e9tait encore bien \u00e9pais, trop \u00e9pais pour les traverser sans prendre trop de risque. &nbsp;<\/p>\n<p>En fin de compte, nous avons quand m\u00eame fait&nbsp;une tr\u00e8s belle balade, qui donne envie d&rsquo;y retourner dans quelques semaines, quand la neige aura fondu et que le lac sera accessible sans prendre de risques. &nbsp;<\/p>\n<p>Un petit aper\u00e7u en images ci-dessous. &nbsp;<\/p>\n<p>&nbsp;<\/p>\n<div class=\"gmedia_gallery mosaic_module is_bot\" id=\"GmediaGallery_6\" data-gmid=\"6\" data-module=\"mosaic\"><style class='gmedia_module_style_import'>@import url('https:\/\/www.lamaisonduguil.com\/blog\/wp-content\/grand-media\/module\/mosaic\/css\/mosaic.css?v=2.11') all;<\/style>    <div class=\"gmMosaic_Container noLightbox\" data-gmid=\"6\"><a class='gmlove bl6' target='_blank' href='http:\/\/codeasily.com\/portfolio\/gmedia-gallery-modules\/mosaic\/'>built with GmediaGallery<\/a>        <noscript><a href=\"https:\/\/www.lamaisonduguil.com\/blog\/wp-content\/grand-media\/image\/IMG_5351_W-e1496444828504.jpg\" data-rel=\"lightbox-image-0\" data-rl_title=\"\" data-rl_caption=\"\" title=\"\"><img class=\"noLazy\" src='https:\/\/www.lamaisonduguil.com\/blog\/wp-content\/grand-media\/image\/thumb\/IMG_5351_W-e1496444828504.jpg' alt='IMG_5351_W' \/><\/a><a href=\"https:\/\/www.lamaisonduguil.com\/blog\/wp-content\/grand-media\/image\/IMG_5353_W.jpg\" data-rel=\"lightbox-image-1\" data-rl_title=\"\" data-rl_caption=\"\" title=\"\"><img class=\"noLazy\" src='https:\/\/www.lamaisonduguil.com\/blog\/wp-content\/grand-media\/image\/thumb\/IMG_5353_W.jpg' alt='IMG_5353_W' \/><\/a><a href=\"https:\/\/www.lamaisonduguil.com\/blog\/wp-content\/grand-media\/image\/IMG_5354_W-e1496444786835.jpg\" data-rel=\"lightbox-image-2\" data-rl_title=\"\" data-rl_caption=\"\" title=\"\"><img class=\"noLazy\" src='https:\/\/www.lamaisonduguil.com\/blog\/wp-content\/grand-media\/image\/thumb\/IMG_5354_W-e1496444786835.jpg' alt='IMG_5354_W' \/><\/a><a href=\"https:\/\/www.lamaisonduguil.com\/blog\/wp-content\/grand-media\/image\/IMG_5355_W-e1496444734395.jpg\" data-rel=\"lightbox-image-3\" data-rl_title=\"\" data-rl_caption=\"\" title=\"\"><img class=\"noLazy\" src='https:\/\/www.lamaisonduguil.com\/blog\/wp-content\/grand-media\/image\/thumb\/IMG_5355_W-e1496444734395.jpg' alt='IMG_5355_W' \/><\/a><a href=\"https:\/\/www.lamaisonduguil.com\/blog\/wp-content\/grand-media\/image\/IMG_5356_W-e1496444702660.jpg\" data-rel=\"lightbox-image-4\" data-rl_title=\"\" data-rl_caption=\"\" title=\"\"><img class=\"noLazy\" src='https:\/\/www.lamaisonduguil.com\/blog\/wp-content\/grand-media\/image\/thumb\/IMG_5356_W-e1496444702660.jpg' alt='IMG_5356_W' \/><\/a><a href=\"https:\/\/www.lamaisonduguil.com\/blog\/wp-content\/grand-media\/image\/IMG_5359_W.jpg\" data-rel=\"lightbox-image-5\" data-rl_title=\"\" data-rl_caption=\"\" title=\"\"><img class=\"noLazy\" src='https:\/\/www.lamaisonduguil.com\/blog\/wp-content\/grand-media\/image\/thumb\/IMG_5359_W.jpg' alt='Dormillouse' \/><\/a><a href=\"https:\/\/www.lamaisonduguil.com\/blog\/wp-content\/grand-media\/image\/IMG_5360_W-e1496477010142.jpg\" data-rel=\"lightbox-image-6\" data-rl_title=\"\" data-rl_caption=\"\" title=\"\"><img class=\"noLazy\" src='https:\/\/www.lamaisonduguil.com\/blog\/wp-content\/grand-media\/image\/thumb\/IMG_5360_W-e1496477010142.jpg' alt='IMG_5360_W' \/><\/a><a href=\"https:\/\/www.lamaisonduguil.com\/blog\/wp-content\/grand-media\/image\/IMG_5361_W-e1496444543930.jpg\" data-rel=\"lightbox-image-7\" data-rl_title=\"\" data-rl_caption=\"\" title=\"\"><img class=\"noLazy\" src='https:\/\/www.lamaisonduguil.com\/blog\/wp-content\/grand-media\/image\/thumb\/IMG_5361_W-e1496444543930.jpg' alt='IMG_5361_W' \/><\/a><a href=\"https:\/\/www.lamaisonduguil.com\/blog\/wp-content\/grand-media\/image\/IMG_5362_W-e1496444500946.jpg\" data-rel=\"lightbox-image-8\" data-rl_title=\"\" data-rl_caption=\"\" title=\"\"><img class=\"noLazy\" src='https:\/\/www.lamaisonduguil.com\/blog\/wp-content\/grand-media\/image\/thumb\/IMG_5362_W-e1496444500946.jpg' alt='Un chevreuil' \/><\/a><a href=\"https:\/\/www.lamaisonduguil.com\/blog\/wp-content\/grand-media\/image\/IMG_5370_W.jpg\" data-rel=\"lightbox-image-9\" data-rl_title=\"\" data-rl_caption=\"\" title=\"\"><img class=\"noLazy\" src='https:\/\/www.lamaisonduguil.com\/blog\/wp-content\/grand-media\/image\/thumb\/IMG_5370_W.jpg' alt='IMG_5370_W' \/><\/a><a href=\"https:\/\/www.lamaisonduguil.com\/blog\/wp-content\/grand-media\/image\/IMG_5374_W-e1496444466988.jpg\" data-rel=\"lightbox-image-10\" data-rl_title=\"\" data-rl_caption=\"\" title=\"\"><img class=\"noLazy\" src='https:\/\/www.lamaisonduguil.com\/blog\/wp-content\/grand-media\/image\/thumb\/IMG_5374_W-e1496444466988.jpg' alt='IMG_5374_W' \/><\/a><a href=\"https:\/\/www.lamaisonduguil.com\/blog\/wp-content\/grand-media\/image\/IMG_5375_W-e1496444435477.jpg\" data-rel=\"lightbox-image-11\" data-rl_title=\"\" data-rl_caption=\"\" title=\"\"><img class=\"noLazy\" src='https:\/\/www.lamaisonduguil.com\/blog\/wp-content\/grand-media\/image\/thumb\/IMG_5375_W-e1496444435477.jpg' alt='IMG_5375_W' \/><\/a><a href=\"https:\/\/www.lamaisonduguil.com\/blog\/wp-content\/grand-media\/image\/IMG_5376_W-e1496444406239.jpg\" data-rel=\"lightbox-image-12\" data-rl_title=\"\" data-rl_caption=\"\" title=\"\"><img class=\"noLazy\" src='https:\/\/www.lamaisonduguil.com\/blog\/wp-content\/grand-media\/image\/thumb\/IMG_5376_W-e1496444406239.jpg' alt='IMG_5376_W' \/><\/a><a href=\"https:\/\/www.lamaisonduguil.com\/blog\/wp-content\/grand-media\/image\/IMG_5380_W-e1496444354575.jpg\" data-rel=\"lightbox-image-13\" data-rl_title=\"\" data-rl_caption=\"\" title=\"\"><img class=\"noLazy\" src='https:\/\/www.lamaisonduguil.com\/blog\/wp-content\/grand-media\/image\/thumb\/IMG_5380_W-e1496444354575.jpg' alt='Les fleurs de m\u00e9l\u00e8ze' \/><\/a><a href=\"https:\/\/www.lamaisonduguil.com\/blog\/wp-content\/grand-media\/image\/IMG_5381_W-e1496444324273.jpg\" data-rel=\"lightbox-image-14\" data-rl_title=\"\" data-rl_caption=\"\" title=\"\"><img class=\"noLazy\" src='https:\/\/www.lamaisonduguil.com\/blog\/wp-content\/grand-media\/image\/thumb\/IMG_5381_W-e1496444324273.jpg' alt='IMG_5381_W' \/><\/a><a href=\"https:\/\/www.lamaisonduguil.com\/blog\/wp-content\/grand-media\/image\/IMG_5387_W-e1496444293716.jpg\" data-rel=\"lightbox-image-15\" data-rl_title=\"\" data-rl_caption=\"\" title=\"\"><img class=\"noLazy\" src='https:\/\/www.lamaisonduguil.com\/blog\/wp-content\/grand-media\/image\/thumb\/IMG_5387_W-e1496444293716.jpg' alt='IMG_5387_W' \/><\/a><a href=\"https:\/\/www.lamaisonduguil.com\/blog\/wp-content\/grand-media\/image\/IMG_5389_W.jpg\" data-rel=\"lightbox-image-16\" data-rl_title=\"\" data-rl_caption=\"\" title=\"\"><img class=\"noLazy\" src='https:\/\/www.lamaisonduguil.com\/blog\/wp-content\/grand-media\/image\/thumb\/IMG_5389_W.jpg' alt='IMG_5389_W' \/><\/a><a href=\"https:\/\/www.lamaisonduguil.com\/blog\/wp-content\/grand-media\/image\/IMG_5391_W-e1496443099345.jpg\" data-rel=\"lightbox-image-17\" data-rl_title=\"\" data-rl_caption=\"\" title=\"\"><img class=\"noLazy\" src='https:\/\/www.lamaisonduguil.com\/blog\/wp-content\/grand-media\/image\/thumb\/IMG_5391_W-e1496443099345.jpg' alt='Vue sur la vall\u00e9e de Freissini\u00e8res' \/><\/a><a href=\"https:\/\/www.lamaisonduguil.com\/blog\/wp-content\/grand-media\/image\/IMG_7455_W.jpg\" data-rel=\"lightbox-image-18\" data-rl_title=\"\" data-rl_caption=\"\" title=\"\"><img class=\"noLazy\" src='https:\/\/www.lamaisonduguil.com\/blog\/wp-content\/grand-media\/image\/thumb\/IMG_7455_W.jpg' alt='IMG_7455_W' \/><\/a><a href=\"https:\/\/www.lamaisonduguil.com\/blog\/wp-content\/grand-media\/image\/IMG_7466_W.jpg\" data-rel=\"lightbox-image-19\" data-rl_title=\"\" data-rl_caption=\"\" title=\"\"><img class=\"noLazy\" src='https:\/\/www.lamaisonduguil.com\/blog\/wp-content\/grand-media\/image\/thumb\/IMG_7466_W.jpg' alt='Un chevreuil' \/><\/a><a href=\"https:\/\/www.lamaisonduguil.com\/blog\/wp-content\/grand-media\/image\/IMG_7473_W.jpg\" data-rel=\"lightbox-image-20\" data-rl_title=\"\" data-rl_caption=\"\" title=\"\"><img class=\"noLazy\" src='https:\/\/www.lamaisonduguil.com\/blog\/wp-content\/grand-media\/image\/thumb\/IMG_7473_W.jpg' alt='Une marmotte' \/><\/a><a href=\"https:\/\/www.lamaisonduguil.com\/blog\/wp-content\/grand-media\/image\/IMG_5555_W-e1496476963280.jpg\" data-rel=\"lightbox-image-21\" data-rl_title=\"\" data-rl_caption=\"\" title=\"\"><img class=\"noLazy\" src='https:\/\/www.lamaisonduguil.com\/blog\/wp-content\/grand-media\/image\/thumb\/IMG_5555_W-e1496476963280.jpg' alt='IMG_5555_W' \/><\/a><a href=\"https:\/\/www.lamaisonduguil.com\/blog\/wp-content\/grand-media\/image\/IMG_5559_W-e1496476952606.jpg\" data-rel=\"lightbox-image-22\" data-rl_title=\"\" data-rl_caption=\"\" title=\"\"><img class=\"noLazy\" src='https:\/\/www.lamaisonduguil.com\/blog\/wp-content\/grand-media\/image\/thumb\/IMG_5559_W-e1496476952606.jpg' alt='IMG_5559_W' \/><\/a><a href=\"https:\/\/www.lamaisonduguil.com\/blog\/wp-content\/grand-media\/image\/IMG_5560_W.jpg\" data-rel=\"lightbox-image-23\" data-rl_title=\"\" data-rl_caption=\"\" title=\"\"><img class=\"noLazy\" src='https:\/\/www.lamaisonduguil.com\/blog\/wp-content\/grand-media\/image\/thumb\/IMG_5560_W.jpg' alt='IMG_5560_W' \/><\/a><a href=\"https:\/\/www.lamaisonduguil.com\/blog\/wp-content\/grand-media\/image\/IMG_5561_W-e1496476847609.jpg\" data-rel=\"lightbox-image-24\" data-rl_title=\"\" data-rl_caption=\"\" title=\"\"><img class=\"noLazy\" src='https:\/\/www.lamaisonduguil.com\/blog\/wp-content\/grand-media\/image\/thumb\/IMG_5561_W-e1496476847609.jpg' alt='IMG_5561_W' \/><\/a><a href=\"https:\/\/www.lamaisonduguil.com\/blog\/wp-content\/grand-media\/image\/IMG_5568_W-e1496476831259.jpg\" data-rel=\"lightbox-image-25\" data-rl_title=\"\" data-rl_caption=\"\" title=\"\"><img class=\"noLazy\" src='https:\/\/www.lamaisonduguil.com\/blog\/wp-content\/grand-media\/image\/thumb\/IMG_5568_W-e1496476831259.jpg' alt='IMG_5568_W' \/><\/a><a href=\"https:\/\/www.lamaisonduguil.com\/blog\/wp-content\/grand-media\/image\/IMG_5569_W-e1496476812910.jpg\" data-rel=\"lightbox-image-26\" data-rl_title=\"\" data-rl_caption=\"\" title=\"\"><img class=\"noLazy\" src='https:\/\/www.lamaisonduguil.com\/blog\/wp-content\/grand-media\/image\/thumb\/IMG_5569_W-e1496476812910.jpg' alt='IMG_5569_W' \/><\/a><\/noscript><\/div>\r\n        <script type=\"text\/javascript\">\r\n        jQuery(function($) {\r\n            var settings = {\"ID\":\"6\",\"name\":\"Freissini\\u00e8res au printemps\",\"is_mobile\":false,\"module_dirurl\":\"https:\\\/\\\/www.lamaisonduguil.com\\\/blog\\\/wp-content\\\/grand-media\\\/module\\\/mosaic\"};\r\n            var gmedia_mosaic_content = [{\"id\":\"48\",\"type\":\"image\",\"ext\":\"jpg\",\"src\":\"\\\/image\\\/IMG_5351_W-e1496444828504.jpg\",\"sizes\":{\"thumb\":\"https:\\\/\\\/www.lamaisonduguil.com\\\/blog\\\/wp-content\\\/grand-media\\\/image\\\/thumb\\\/IMG_5351_W-e1496444828504.jpg\",\"full\":\"https:\\\/\\\/www.lamaisonduguil.com\\\/blog\\\/wp-content\\\/grand-media\\\/image\\\/IMG_5351_W-e1496444828504.jpg\"},\"title\":\"IMG_5351_W\",\"alt\":\"IMG_5351_W\",\"caption\":\"\",\"url\":\"\",\"post_link\":\"https:\\\/\\\/www.lamaisonduguil.com\\\/blog\\\/gmedia\\\/img_5351_w-e1496444828504-jpg\\\/\",\"cc\":0,\"views\":25,\"likes\":0,\"width\":1650,\"height\":2200},{\"id\":\"47\",\"type\":\"image\",\"ext\":\"jpg\",\"src\":\"\\\/image\\\/IMG_5353_W.jpg\",\"sizes\":{\"thumb\":\"https:\\\/\\\/www.lamaisonduguil.com\\\/blog\\\/wp-content\\\/grand-media\\\/image\\\/thumb\\\/IMG_5353_W.jpg\",\"full\":\"https:\\\/\\\/www.lamaisonduguil.com\\\/blog\\\/wp-content\\\/grand-media\\\/image\\\/IMG_5353_W.jpg\"},\"title\":\"IMG_5353_W\",\"alt\":\"IMG_5353_W\",\"caption\":\"\",\"url\":\"\",\"post_link\":\"https:\\\/\\\/www.lamaisonduguil.com\\\/blog\\\/gmedia\\\/img_5353_w-jpg\\\/\",\"cc\":0,\"views\":18,\"likes\":0,\"width\":2200,\"height\":1650},{\"id\":\"46\",\"type\":\"image\",\"ext\":\"jpg\",\"src\":\"\\\/image\\\/IMG_5354_W-e1496444786835.jpg\",\"sizes\":{\"thumb\":\"https:\\\/\\\/www.lamaisonduguil.com\\\/blog\\\/wp-content\\\/grand-media\\\/image\\\/thumb\\\/IMG_5354_W-e1496444786835.jpg\",\"full\":\"https:\\\/\\\/www.lamaisonduguil.com\\\/blog\\\/wp-content\\\/grand-media\\\/image\\\/IMG_5354_W-e1496444786835.jpg\"},\"title\":\"IMG_5354_W\",\"alt\":\"IMG_5354_W\",\"caption\":\"\",\"url\":\"\",\"post_link\":\"https:\\\/\\\/www.lamaisonduguil.com\\\/blog\\\/gmedia\\\/img_5354_w-e1496444786835-jpg\\\/\",\"cc\":0,\"views\":27,\"likes\":0,\"width\":1650,\"height\":2200},{\"id\":\"45\",\"type\":\"image\",\"ext\":\"jpg\",\"src\":\"\\\/image\\\/IMG_5355_W-e1496444734395.jpg\",\"sizes\":{\"thumb\":\"https:\\\/\\\/www.lamaisonduguil.com\\\/blog\\\/wp-content\\\/grand-media\\\/image\\\/thumb\\\/IMG_5355_W-e1496444734395.jpg\",\"full\":\"https:\\\/\\\/www.lamaisonduguil.com\\\/blog\\\/wp-content\\\/grand-media\\\/image\\\/IMG_5355_W-e1496444734395.jpg\"},\"title\":\"IMG_5355_W\",\"alt\":\"IMG_5355_W\",\"caption\":\"\",\"url\":\"\",\"post_link\":\"https:\\\/\\\/www.lamaisonduguil.com\\\/blog\\\/gmedia\\\/img_5355_w-e1496444734395-jpg\\\/\",\"cc\":0,\"views\":27,\"likes\":0,\"width\":1650,\"height\":2200},{\"id\":\"44\",\"type\":\"image\",\"ext\":\"jpg\",\"src\":\"\\\/image\\\/IMG_5356_W-e1496444702660.jpg\",\"sizes\":{\"thumb\":\"https:\\\/\\\/www.lamaisonduguil.com\\\/blog\\\/wp-content\\\/grand-media\\\/image\\\/thumb\\\/IMG_5356_W-e1496444702660.jpg\",\"full\":\"https:\\\/\\\/www.lamaisonduguil.com\\\/blog\\\/wp-content\\\/grand-media\\\/image\\\/IMG_5356_W-e1496444702660.jpg\"},\"title\":\"IMG_5356_W\",\"alt\":\"IMG_5356_W\",\"caption\":\"\",\"url\":\"\",\"post_link\":\"https:\\\/\\\/www.lamaisonduguil.com\\\/blog\\\/gmedia\\\/img_5356_w-e1496444702660-jpg\\\/\",\"cc\":0,\"views\":26,\"likes\":0,\"width\":2200,\"height\":1650},{\"id\":\"43\",\"type\":\"image\",\"ext\":\"jpg\",\"src\":\"\\\/image\\\/IMG_5359_W.jpg\",\"sizes\":{\"thumb\":\"https:\\\/\\\/www.lamaisonduguil.com\\\/blog\\\/wp-content\\\/grand-media\\\/image\\\/thumb\\\/IMG_5359_W.jpg\",\"full\":\"https:\\\/\\\/www.lamaisonduguil.com\\\/blog\\\/wp-content\\\/grand-media\\\/image\\\/IMG_5359_W.jpg\"},\"title\":\"Dormillouse\",\"alt\":\"Dormillouse\",\"caption\":\"\",\"url\":\"\",\"post_link\":\"https:\\\/\\\/www.lamaisonduguil.com\\\/blog\\\/gmedia\\\/img_5359_w-jpg\\\/\",\"cc\":0,\"views\":21,\"likes\":0,\"width\":2200,\"height\":1650},{\"id\":\"42\",\"type\":\"image\",\"ext\":\"jpg\",\"src\":\"\\\/image\\\/IMG_5360_W-e1496477010142.jpg\",\"sizes\":{\"thumb\":\"https:\\\/\\\/www.lamaisonduguil.com\\\/blog\\\/wp-content\\\/grand-media\\\/image\\\/thumb\\\/IMG_5360_W-e1496477010142.jpg\",\"full\":\"https:\\\/\\\/www.lamaisonduguil.com\\\/blog\\\/wp-content\\\/grand-media\\\/image\\\/IMG_5360_W-e1496477010142.jpg\"},\"title\":\"IMG_5360_W\",\"alt\":\"IMG_5360_W\",\"caption\":\"\",\"url\":\"\",\"post_link\":\"https:\\\/\\\/www.lamaisonduguil.com\\\/blog\\\/gmedia\\\/img_5360_w-e1496477010142-jpg\\\/\",\"cc\":0,\"views\":33,\"likes\":0,\"width\":1650,\"height\":2200},{\"id\":\"41\",\"type\":\"image\",\"ext\":\"jpg\",\"src\":\"\\\/image\\\/IMG_5361_W-e1496444543930.jpg\",\"sizes\":{\"thumb\":\"https:\\\/\\\/www.lamaisonduguil.com\\\/blog\\\/wp-content\\\/grand-media\\\/image\\\/thumb\\\/IMG_5361_W-e1496444543930.jpg\",\"full\":\"https:\\\/\\\/www.lamaisonduguil.com\\\/blog\\\/wp-content\\\/grand-media\\\/image\\\/IMG_5361_W-e1496444543930.jpg\"},\"title\":\"IMG_5361_W\",\"alt\":\"IMG_5361_W\",\"caption\":\"\",\"url\":\"\",\"post_link\":\"https:\\\/\\\/www.lamaisonduguil.com\\\/blog\\\/gmedia\\\/img_5361_w-e1496444543930-jpg\\\/\",\"cc\":0,\"views\":28,\"likes\":0,\"width\":1650,\"height\":2200},{\"id\":\"40\",\"type\":\"image\",\"ext\":\"jpg\",\"src\":\"\\\/image\\\/IMG_5362_W-e1496444500946.jpg\",\"sizes\":{\"thumb\":\"https:\\\/\\\/www.lamaisonduguil.com\\\/blog\\\/wp-content\\\/grand-media\\\/image\\\/thumb\\\/IMG_5362_W-e1496444500946.jpg\",\"full\":\"https:\\\/\\\/www.lamaisonduguil.com\\\/blog\\\/wp-content\\\/grand-media\\\/image\\\/IMG_5362_W-e1496444500946.jpg\"},\"title\":\"Un chevreuil\",\"alt\":\"Un chevreuil\",\"caption\":\"\",\"url\":\"\",\"post_link\":\"https:\\\/\\\/www.lamaisonduguil.com\\\/blog\\\/gmedia\\\/img_5362_w-e1496444500946-jpg\\\/\",\"cc\":0,\"views\":23,\"likes\":0,\"width\":1650,\"height\":2200},{\"id\":\"39\",\"type\":\"image\",\"ext\":\"jpg\",\"src\":\"\\\/image\\\/IMG_5370_W.jpg\",\"sizes\":{\"thumb\":\"https:\\\/\\\/www.lamaisonduguil.com\\\/blog\\\/wp-content\\\/grand-media\\\/image\\\/thumb\\\/IMG_5370_W.jpg\",\"full\":\"https:\\\/\\\/www.lamaisonduguil.com\\\/blog\\\/wp-content\\\/grand-media\\\/image\\\/IMG_5370_W.jpg\"},\"title\":\"IMG_5370_W\",\"alt\":\"IMG_5370_W\",\"caption\":\"\",\"url\":\"\",\"post_link\":\"https:\\\/\\\/www.lamaisonduguil.com\\\/blog\\\/gmedia\\\/img_5370_w-jpg\\\/\",\"cc\":0,\"views\":21,\"likes\":0,\"width\":2200,\"height\":1650},{\"id\":\"38\",\"type\":\"image\",\"ext\":\"jpg\",\"src\":\"\\\/image\\\/IMG_5374_W-e1496444466988.jpg\",\"sizes\":{\"thumb\":\"https:\\\/\\\/www.lamaisonduguil.com\\\/blog\\\/wp-content\\\/grand-media\\\/image\\\/thumb\\\/IMG_5374_W-e1496444466988.jpg\",\"full\":\"https:\\\/\\\/www.lamaisonduguil.com\\\/blog\\\/wp-content\\\/grand-media\\\/image\\\/IMG_5374_W-e1496444466988.jpg\"},\"title\":\"IMG_5374_W\",\"alt\":\"IMG_5374_W\",\"caption\":\"\",\"url\":\"\",\"post_link\":\"https:\\\/\\\/www.lamaisonduguil.com\\\/blog\\\/gmedia\\\/img_5374_w-e1496444466988-jpg\\\/\",\"cc\":0,\"views\":27,\"likes\":0,\"width\":1650,\"height\":2200},{\"id\":\"37\",\"type\":\"image\",\"ext\":\"jpg\",\"src\":\"\\\/image\\\/IMG_5375_W-e1496444435477.jpg\",\"sizes\":{\"thumb\":\"https:\\\/\\\/www.lamaisonduguil.com\\\/blog\\\/wp-content\\\/grand-media\\\/image\\\/thumb\\\/IMG_5375_W-e1496444435477.jpg\",\"full\":\"https:\\\/\\\/www.lamaisonduguil.com\\\/blog\\\/wp-content\\\/grand-media\\\/image\\\/IMG_5375_W-e1496444435477.jpg\"},\"title\":\"IMG_5375_W\",\"alt\":\"IMG_5375_W\",\"caption\":\"\",\"url\":\"\",\"post_link\":\"https:\\\/\\\/www.lamaisonduguil.com\\\/blog\\\/gmedia\\\/img_5375_w-e1496444435477-jpg\\\/\",\"cc\":0,\"views\":19,\"likes\":0,\"width\":1650,\"height\":2200},{\"id\":\"36\",\"type\":\"image\",\"ext\":\"jpg\",\"src\":\"\\\/image\\\/IMG_5376_W-e1496444406239.jpg\",\"sizes\":{\"thumb\":\"https:\\\/\\\/www.lamaisonduguil.com\\\/blog\\\/wp-content\\\/grand-media\\\/image\\\/thumb\\\/IMG_5376_W-e1496444406239.jpg\",\"full\":\"https:\\\/\\\/www.lamaisonduguil.com\\\/blog\\\/wp-content\\\/grand-media\\\/image\\\/IMG_5376_W-e1496444406239.jpg\"},\"title\":\"IMG_5376_W\",\"alt\":\"IMG_5376_W\",\"caption\":\"\",\"url\":\"\",\"post_link\":\"https:\\\/\\\/www.lamaisonduguil.com\\\/blog\\\/gmedia\\\/img_5376_w-e1496444406239-jpg\\\/\",\"cc\":0,\"views\":22,\"likes\":0,\"width\":1650,\"height\":2200},{\"id\":\"35\",\"type\":\"image\",\"ext\":\"jpg\",\"src\":\"\\\/image\\\/IMG_5380_W-e1496444354575.jpg\",\"sizes\":{\"thumb\":\"https:\\\/\\\/www.lamaisonduguil.com\\\/blog\\\/wp-content\\\/grand-media\\\/image\\\/thumb\\\/IMG_5380_W-e1496444354575.jpg\",\"full\":\"https:\\\/\\\/www.lamaisonduguil.com\\\/blog\\\/wp-content\\\/grand-media\\\/image\\\/IMG_5380_W-e1496444354575.jpg\"},\"title\":\"Les fleurs de m\\u00e9l\\u00e8ze\",\"alt\":\"Les fleurs de m\\u00e9l\\u00e8ze\",\"caption\":\"\",\"url\":\"\",\"post_link\":\"https:\\\/\\\/www.lamaisonduguil.com\\\/blog\\\/gmedia\\\/img_5380_w-e1496444354575-jpg\\\/\",\"cc\":0,\"views\":21,\"likes\":0,\"width\":1650,\"height\":2200},{\"id\":\"34\",\"type\":\"image\",\"ext\":\"jpg\",\"src\":\"\\\/image\\\/IMG_5381_W-e1496444324273.jpg\",\"sizes\":{\"thumb\":\"https:\\\/\\\/www.lamaisonduguil.com\\\/blog\\\/wp-content\\\/grand-media\\\/image\\\/thumb\\\/IMG_5381_W-e1496444324273.jpg\",\"full\":\"https:\\\/\\\/www.lamaisonduguil.com\\\/blog\\\/wp-content\\\/grand-media\\\/image\\\/IMG_5381_W-e1496444324273.jpg\"},\"title\":\"IMG_5381_W\",\"alt\":\"IMG_5381_W\",\"caption\":\"\",\"url\":\"\",\"post_link\":\"https:\\\/\\\/www.lamaisonduguil.com\\\/blog\\\/gmedia\\\/img_5381_w-e1496444324273-jpg\\\/\",\"cc\":0,\"views\":21,\"likes\":0,\"width\":1650,\"height\":2200},{\"id\":\"33\",\"type\":\"image\",\"ext\":\"jpg\",\"src\":\"\\\/image\\\/IMG_5387_W-e1496444293716.jpg\",\"sizes\":{\"thumb\":\"https:\\\/\\\/www.lamaisonduguil.com\\\/blog\\\/wp-content\\\/grand-media\\\/image\\\/thumb\\\/IMG_5387_W-e1496444293716.jpg\",\"full\":\"https:\\\/\\\/www.lamaisonduguil.com\\\/blog\\\/wp-content\\\/grand-media\\\/image\\\/IMG_5387_W-e1496444293716.jpg\"},\"title\":\"IMG_5387_W\",\"alt\":\"IMG_5387_W\",\"caption\":\"\",\"url\":\"\",\"post_link\":\"https:\\\/\\\/www.lamaisonduguil.com\\\/blog\\\/gmedia\\\/img_5387_w-e1496444293716-jpg\\\/\",\"cc\":0,\"views\":21,\"likes\":0,\"width\":1650,\"height\":2200},{\"id\":\"32\",\"type\":\"image\",\"ext\":\"jpg\",\"src\":\"\\\/image\\\/IMG_5389_W.jpg\",\"sizes\":{\"thumb\":\"https:\\\/\\\/www.lamaisonduguil.com\\\/blog\\\/wp-content\\\/grand-media\\\/image\\\/thumb\\\/IMG_5389_W.jpg\",\"full\":\"https:\\\/\\\/www.lamaisonduguil.com\\\/blog\\\/wp-content\\\/grand-media\\\/image\\\/IMG_5389_W.jpg\"},\"title\":\"IMG_5389_W\",\"alt\":\"IMG_5389_W\",\"caption\":\"\",\"url\":\"\",\"post_link\":\"https:\\\/\\\/www.lamaisonduguil.com\\\/blog\\\/gmedia\\\/img_5389_w-jpg\\\/\",\"cc\":0,\"views\":24,\"likes\":0,\"width\":2200,\"height\":1650},{\"id\":\"31\",\"type\":\"image\",\"ext\":\"jpg\",\"src\":\"\\\/image\\\/IMG_5391_W-e1496443099345.jpg\",\"sizes\":{\"thumb\":\"https:\\\/\\\/www.lamaisonduguil.com\\\/blog\\\/wp-content\\\/grand-media\\\/image\\\/thumb\\\/IMG_5391_W-e1496443099345.jpg\",\"full\":\"https:\\\/\\\/www.lamaisonduguil.com\\\/blog\\\/wp-content\\\/grand-media\\\/image\\\/IMG_5391_W-e1496443099345.jpg\"},\"title\":\"Vue sur la vall\\u00e9e de Freissini\\u00e8res\",\"alt\":\"Vue sur la vall\\u00e9e de Freissini\\u00e8res\",\"caption\":\"\",\"url\":\"\",\"post_link\":\"https:\\\/\\\/www.lamaisonduguil.com\\\/blog\\\/gmedia\\\/img_5391_w-e1496443099345-jpg\\\/\",\"cc\":0,\"views\":21,\"likes\":0,\"width\":1650,\"height\":2200},{\"id\":\"30\",\"type\":\"image\",\"ext\":\"jpg\",\"src\":\"\\\/image\\\/IMG_7455_W.jpg\",\"sizes\":{\"thumb\":\"https:\\\/\\\/www.lamaisonduguil.com\\\/blog\\\/wp-content\\\/grand-media\\\/image\\\/thumb\\\/IMG_7455_W.jpg\",\"full\":\"https:\\\/\\\/www.lamaisonduguil.com\\\/blog\\\/wp-content\\\/grand-media\\\/image\\\/IMG_7455_W.jpg\"},\"title\":\"IMG_7455_W\",\"alt\":\"IMG_7455_W\",\"caption\":\"\",\"url\":\"\",\"post_link\":\"https:\\\/\\\/www.lamaisonduguil.com\\\/blog\\\/gmedia\\\/img_7455_w-jpg\\\/\",\"cc\":0,\"views\":15,\"likes\":0,\"width\":2200,\"height\":1467},{\"id\":\"29\",\"type\":\"image\",\"ext\":\"jpg\",\"src\":\"\\\/image\\\/IMG_7466_W.jpg\",\"sizes\":{\"thumb\":\"https:\\\/\\\/www.lamaisonduguil.com\\\/blog\\\/wp-content\\\/grand-media\\\/image\\\/thumb\\\/IMG_7466_W.jpg\",\"full\":\"https:\\\/\\\/www.lamaisonduguil.com\\\/blog\\\/wp-content\\\/grand-media\\\/image\\\/IMG_7466_W.jpg\"},\"title\":\"Un chevreuil\",\"alt\":\"Un chevreuil\",\"caption\":\"\",\"url\":\"\",\"post_link\":\"https:\\\/\\\/www.lamaisonduguil.com\\\/blog\\\/gmedia\\\/img_7466_w-jpg\\\/\",\"cc\":0,\"views\":15,\"likes\":0,\"width\":2200,\"height\":1467},{\"id\":\"28\",\"type\":\"image\",\"ext\":\"jpg\",\"src\":\"\\\/image\\\/IMG_7473_W.jpg\",\"sizes\":{\"thumb\":\"https:\\\/\\\/www.lamaisonduguil.com\\\/blog\\\/wp-content\\\/grand-media\\\/image\\\/thumb\\\/IMG_7473_W.jpg\",\"full\":\"https:\\\/\\\/www.lamaisonduguil.com\\\/blog\\\/wp-content\\\/grand-media\\\/image\\\/IMG_7473_W.jpg\"},\"title\":\"Une marmotte\",\"alt\":\"Une marmotte\",\"caption\":\"\",\"url\":\"\",\"post_link\":\"https:\\\/\\\/www.lamaisonduguil.com\\\/blog\\\/gmedia\\\/img_7473_w-jpg\\\/\",\"cc\":0,\"views\":16,\"likes\":0,\"width\":2200,\"height\":1467},{\"id\":\"27\",\"type\":\"image\",\"ext\":\"jpg\",\"src\":\"\\\/image\\\/IMG_5555_W-e1496476963280.jpg\",\"sizes\":{\"thumb\":\"https:\\\/\\\/www.lamaisonduguil.com\\\/blog\\\/wp-content\\\/grand-media\\\/image\\\/thumb\\\/IMG_5555_W-e1496476963280.jpg\",\"full\":\"https:\\\/\\\/www.lamaisonduguil.com\\\/blog\\\/wp-content\\\/grand-media\\\/image\\\/IMG_5555_W-e1496476963280.jpg\"},\"title\":\"IMG_5555_W\",\"alt\":\"IMG_5555_W\",\"caption\":\"\",\"url\":\"\",\"post_link\":\"https:\\\/\\\/www.lamaisonduguil.com\\\/blog\\\/gmedia\\\/img_5555_w-e1496476963280-jpg\\\/\",\"cc\":0,\"views\":17,\"likes\":0,\"width\":480,\"height\":639},{\"id\":\"26\",\"type\":\"image\",\"ext\":\"jpg\",\"src\":\"\\\/image\\\/IMG_5559_W-e1496476952606.jpg\",\"sizes\":{\"thumb\":\"https:\\\/\\\/www.lamaisonduguil.com\\\/blog\\\/wp-content\\\/grand-media\\\/image\\\/thumb\\\/IMG_5559_W-e1496476952606.jpg\",\"full\":\"https:\\\/\\\/www.lamaisonduguil.com\\\/blog\\\/wp-content\\\/grand-media\\\/image\\\/IMG_5559_W-e1496476952606.jpg\"},\"title\":\"IMG_5559_W\",\"alt\":\"IMG_5559_W\",\"caption\":\"\",\"url\":\"\",\"post_link\":\"https:\\\/\\\/www.lamaisonduguil.com\\\/blog\\\/gmedia\\\/img_5559_w-e1496476952606-jpg\\\/\",\"cc\":0,\"views\":18,\"likes\":0,\"width\":480,\"height\":639},{\"id\":\"25\",\"type\":\"image\",\"ext\":\"jpg\",\"src\":\"\\\/image\\\/IMG_5560_W.jpg\",\"sizes\":{\"thumb\":\"https:\\\/\\\/www.lamaisonduguil.com\\\/blog\\\/wp-content\\\/grand-media\\\/image\\\/thumb\\\/IMG_5560_W.jpg\",\"full\":\"https:\\\/\\\/www.lamaisonduguil.com\\\/blog\\\/wp-content\\\/grand-media\\\/image\\\/IMG_5560_W.jpg\"},\"title\":\"IMG_5560_W\",\"alt\":\"IMG_5560_W\",\"caption\":\"\",\"url\":\"\",\"post_link\":\"https:\\\/\\\/www.lamaisonduguil.com\\\/blog\\\/gmedia\\\/img_5560_w-jpg\\\/\",\"cc\":0,\"views\":16,\"likes\":0,\"width\":640,\"height\":480},{\"id\":\"24\",\"type\":\"image\",\"ext\":\"jpg\",\"src\":\"\\\/image\\\/IMG_5561_W-e1496476847609.jpg\",\"sizes\":{\"thumb\":\"https:\\\/\\\/www.lamaisonduguil.com\\\/blog\\\/wp-content\\\/grand-media\\\/image\\\/thumb\\\/IMG_5561_W-e1496476847609.jpg\",\"full\":\"https:\\\/\\\/www.lamaisonduguil.com\\\/blog\\\/wp-content\\\/grand-media\\\/image\\\/IMG_5561_W-e1496476847609.jpg\"},\"title\":\"IMG_5561_W\",\"alt\":\"IMG_5561_W\",\"caption\":\"\",\"url\":\"\",\"post_link\":\"https:\\\/\\\/www.lamaisonduguil.com\\\/blog\\\/gmedia\\\/img_5561_w-e1496476847609-jpg\\\/\",\"cc\":0,\"views\":17,\"likes\":0,\"width\":480,\"height\":639},{\"id\":\"23\",\"type\":\"image\",\"ext\":\"jpg\",\"src\":\"\\\/image\\\/IMG_5568_W-e1496476831259.jpg\",\"sizes\":{\"thumb\":\"https:\\\/\\\/www.lamaisonduguil.com\\\/blog\\\/wp-content\\\/grand-media\\\/image\\\/thumb\\\/IMG_5568_W-e1496476831259.jpg\",\"full\":\"https:\\\/\\\/www.lamaisonduguil.com\\\/blog\\\/wp-content\\\/grand-media\\\/image\\\/IMG_5568_W-e1496476831259.jpg\"},\"title\":\"IMG_5568_W\",\"alt\":\"IMG_5568_W\",\"caption\":\"\",\"url\":\"\",\"post_link\":\"https:\\\/\\\/www.lamaisonduguil.com\\\/blog\\\/gmedia\\\/img_5568_w-e1496476831259-jpg\\\/\",\"cc\":0,\"views\":20,\"likes\":0,\"width\":480,\"height\":639},{\"id\":\"22\",\"type\":\"image\",\"ext\":\"jpg\",\"src\":\"\\\/image\\\/IMG_5569_W-e1496476812910.jpg\",\"sizes\":{\"thumb\":\"https:\\\/\\\/www.lamaisonduguil.com\\\/blog\\\/wp-content\\\/grand-media\\\/image\\\/thumb\\\/IMG_5569_W-e1496476812910.jpg\",\"full\":\"https:\\\/\\\/www.lamaisonduguil.com\\\/blog\\\/wp-content\\\/grand-media\\\/image\\\/IMG_5569_W-e1496476812910.jpg\"},\"title\":\"IMG_5569_W\",\"alt\":\"IMG_5569_W\",\"caption\":\"\",\"url\":\"\",\"post_link\":\"https:\\\/\\\/www.lamaisonduguil.com\\\/blog\\\/gmedia\\\/img_5569_w-e1496476812910-jpg\\\/\",\"cc\":0,\"views\":18,\"likes\":0,\"width\":480,\"height\":640}];\r\n            settings.gallery = gmedia_mosaic_content;\r\n            $('#GmediaGallery_6 .gmMosaic_Container').gmediaMosaic(settings);\r\n        });\r\n    <\/script>    <\/div>\n<p>Et puis, plus d&rsquo;images sur la beaut\u00e9 du printemps dans cet article sur <a href=\"https:\/\/www.lamaisonduguil.com\/blog\/printemps-hautes-alpes-images\/\">un printemps des Hautes Alpes<\/a>. &nbsp;<\/p>\n","protected":false},"excerpt":{"rendered":"<p>Un printemps dans les Hautes Alpes correspond&nbsp;au ciel tout bleu, au soleil, aux&nbsp;fleurs de printemps, et \u00e0 de&nbsp;l&rsquo;eau, beaucoup d&rsquo;eau. &nbsp;De l&rsquo;eau sous forme de cascades impressionnantes, sous forme de rivi\u00e8res gonfl\u00e9es avec l&rsquo;eau de la fonte de la neige ou encore sous forme du lac de Serre Pon\u00e7on qui retrouve son niveau estival. &nbsp;L&rsquo;avantage [&hellip;]<\/p>\n","protected":false},"author":2,"featured_media":573,"comment_status":"open","ping_status":"open","sticky":false,"template":"","format":"standard","meta":{"site-sidebar-layout":"default","site-content-layout":"","ast-site-content-layout":"default","site-content-style":"default","site-sidebar-style":"default","ast-global-header-display":"","ast-banner-title-visibility":"","ast-main-header-display":"","ast-hfb-above-header-display":"","ast-hfb-below-header-display":"","ast-hfb-mobile-header-display":"","site-post-title":"","ast-breadcrumbs-content":"","ast-featured-img":"","footer-sml-layout":"","theme-transparent-header-meta":"","adv-header-id-meta":"","stick-header-meta":"","header-above-stick-meta":"","header-main-stick-meta":"","header-below-stick-meta":"","astra-migrate-meta-layouts":"default","ast-page-background-enabled":"default","ast-page-background-meta":{"desktop":{"background-color":"","background-image":"","background-repeat":"repeat","background-position":"center center","background-size":"auto","background-attachment":"scroll","background-type":"","background-media":"","overlay-type":"","overlay-color":"","overlay-opacity":"","overlay-gradient":""},"tablet":{"background-color":"","background-image":"","background-repeat":"repeat","background-position":"center center","background-size":"auto","background-attachment":"scroll","background-type":"","background-media":"","overlay-type":"","overlay-color":"","overlay-opacity":"","overlay-gradient":""},"mobile":{"background-color":"","background-image":"","background-repeat":"repeat","background-position":"center center","background-size":"auto","background-attachment":"scroll","background-type":"","background-media":"","overlay-type":"","overlay-color":"","overlay-opacity":"","overlay-gradient":""}},"ast-content-background-meta":{"desktop":{"background-color":"var(--ast-global-color-5)","background-image":"","background-repeat":"repeat","background-position":"center center","background-size":"auto","background-attachment":"scroll","background-type":"","background-media":"","overlay-type":"","overlay-color":"","overlay-opacity":"","overlay-gradient":""},"tablet":{"background-color":"var(--ast-global-color-5)","background-image":"","background-repeat":"repeat","background-position":"center center","background-size":"auto","background-attachment":"scroll","background-type":"","background-media":"","overlay-type":"","overlay-color":"","overlay-opacity":"","overlay-gradient":""},"mobile":{"background-color":"var(--ast-global-color-5)","background-image":"","background-repeat":"repeat","background-position":"center center","background-size":"auto","background-attachment":"scroll","background-type":"","background-media":"","overlay-type":"","overlay-color":"","overlay-opacity":"","overlay-gradient":""}},"ngg_post_thumbnail":0,"footnotes":""},"categories":[31,55,44,38],"tags":[34,56,8,3,40],"class_list":["post-552","post","type-post","status-publish","format-standard","has-post-thumbnail","hentry","category-ecrins","category-francais","category-nature","category-printemps","tag-ecrins","tag-francais","tag-freissinieres","tag-hautesalpes","tag-printemps"],"yoast_head":"<!-- This site is optimized with the Yoast SEO plugin v27.5 - https:\/\/yoast.com\/product\/yoast-seo-wordpress\/ -->\n<title>Les Hautes Alpes au printemps, les fleurs de printemps et les cascades<\/title>\n<meta name=\"description\" content=\"Le printemps dans les Hautes Alpes, du soleil, des fleurs de printemps, de l&#039;eau, des belles balades, des paysages \u00e0 couper le souffle, le vrai bonheur\" \/>\n<meta name=\"robots\" content=\"index, follow, max-snippet:-1, max-image-preview:large, max-video-preview:-1\" \/>\n<link rel=\"canonical\" href=\"https:\/\/www.lamaisonduguil.com\/blog\/les-fleurs-de-printemps\/\" \/>\n<meta property=\"og:locale\" content=\"fr_FR\" \/>\n<meta property=\"og:type\" content=\"article\" \/>\n<meta property=\"og:title\" content=\"Les Hautes Alpes au printemps, les fleurs de printemps et les cascades\" \/>\n<meta property=\"og:description\" content=\"Le printemps dans les Hautes Alpes, du soleil, des fleurs de printemps, de l&#039;eau, des belles balades, des paysages \u00e0 couper le souffle, le vrai bonheur\" \/>\n<meta property=\"og:url\" content=\"https:\/\/www.lamaisonduguil.com\/blog\/les-fleurs-de-printemps\/\" \/>\n<meta property=\"og:site_name\" content=\"La Maison du Guil - Le Blog\" \/>\n<meta property=\"article:publisher\" content=\"http:\/\/www.facebook.com\/lamaisonduguil\" \/>\n<meta property=\"article:published_time\" content=\"2017-06-03T08:52:44+00:00\" \/>\n<meta property=\"article:modified_time\" content=\"2019-04-08T21:57:54+00:00\" \/>\n<meta property=\"og:image\" content=\"https:\/\/www.lamaisonduguil.com\/blog\/wp-content\/uploads\/2017\/06\/IMG_5391_W-e1518564702771.jpg\" \/>\n\t<meta property=\"og:image:width\" content=\"1350\" \/>\n\t<meta property=\"og:image:height\" content=\"1800\" \/>\n\t<meta property=\"og:image:type\" content=\"image\/jpeg\" \/>\n<meta name=\"author\" content=\"Tom\" \/>\n<meta name=\"twitter:card\" content=\"summary_large_image\" \/>\n<meta name=\"twitter:label1\" content=\"\u00c9crit par\" \/>\n\t<meta name=\"twitter:data1\" content=\"Tom\" \/>\n\t<meta name=\"twitter:label2\" content=\"Dur\u00e9e de lecture estim\u00e9e\" \/>\n\t<meta name=\"twitter:data2\" content=\"2 minutes\" \/>\n<script type=\"application\/ld+json\" class=\"yoast-schema-graph\">{\"@context\":\"https:\\\/\\\/schema.org\",\"@graph\":[{\"@type\":\"Article\",\"@id\":\"https:\\\/\\\/www.lamaisonduguil.com\\\/blog\\\/les-fleurs-de-printemps\\\/#article\",\"isPartOf\":{\"@id\":\"https:\\\/\\\/www.lamaisonduguil.com\\\/blog\\\/les-fleurs-de-printemps\\\/\"},\"author\":{\"name\":\"Tom\",\"@id\":\"https:\\\/\\\/www.lamaisonduguil.com\\\/blog\\\/#\\\/schema\\\/person\\\/629208c2fb7759244c3fbe06c0bc3713\"},\"headline\":\"Les fleurs de printemps\",\"datePublished\":\"2017-06-03T08:52:44+00:00\",\"dateModified\":\"2019-04-08T21:57:54+00:00\",\"mainEntityOfPage\":{\"@id\":\"https:\\\/\\\/www.lamaisonduguil.com\\\/blog\\\/les-fleurs-de-printemps\\\/\"},\"wordCount\":386,\"commentCount\":0,\"publisher\":{\"@id\":\"https:\\\/\\\/www.lamaisonduguil.com\\\/blog\\\/#organization\"},\"image\":{\"@id\":\"https:\\\/\\\/www.lamaisonduguil.com\\\/blog\\\/les-fleurs-de-printemps\\\/#primaryimage\"},\"thumbnailUrl\":\"https:\\\/\\\/www.lamaisonduguil.com\\\/blog\\\/wp-content\\\/uploads\\\/2017\\\/06\\\/IMG_5391_W-e1518564702771.jpg\",\"keywords\":[\"Ecrins\",\"Fran\u00e7ais\",\"Freissini\u00e8res\",\"Hautes Alpes\",\"Printemps\"],\"articleSection\":[\"Ecrins\",\"Fran\u00e7ais\",\"Nature\",\"Printemps\"],\"inLanguage\":\"fr-FR\",\"potentialAction\":[{\"@type\":\"CommentAction\",\"name\":\"Comment\",\"target\":[\"https:\\\/\\\/www.lamaisonduguil.com\\\/blog\\\/les-fleurs-de-printemps\\\/#respond\"]}]},{\"@type\":\"WebPage\",\"@id\":\"https:\\\/\\\/www.lamaisonduguil.com\\\/blog\\\/les-fleurs-de-printemps\\\/\",\"url\":\"https:\\\/\\\/www.lamaisonduguil.com\\\/blog\\\/les-fleurs-de-printemps\\\/\",\"name\":\"Les Hautes Alpes au printemps, les fleurs de printemps et les cascades\",\"isPartOf\":{\"@id\":\"https:\\\/\\\/www.lamaisonduguil.com\\\/blog\\\/#website\"},\"primaryImageOfPage\":{\"@id\":\"https:\\\/\\\/www.lamaisonduguil.com\\\/blog\\\/les-fleurs-de-printemps\\\/#primaryimage\"},\"image\":{\"@id\":\"https:\\\/\\\/www.lamaisonduguil.com\\\/blog\\\/les-fleurs-de-printemps\\\/#primaryimage\"},\"thumbnailUrl\":\"https:\\\/\\\/www.lamaisonduguil.com\\\/blog\\\/wp-content\\\/uploads\\\/2017\\\/06\\\/IMG_5391_W-e1518564702771.jpg\",\"datePublished\":\"2017-06-03T08:52:44+00:00\",\"dateModified\":\"2019-04-08T21:57:54+00:00\",\"description\":\"Le printemps dans les Hautes Alpes, du soleil, des fleurs de printemps, de l'eau, des belles balades, des paysages \u00e0 couper le souffle, le vrai bonheur\",\"breadcrumb\":{\"@id\":\"https:\\\/\\\/www.lamaisonduguil.com\\\/blog\\\/les-fleurs-de-printemps\\\/#breadcrumb\"},\"inLanguage\":\"fr-FR\",\"potentialAction\":[{\"@type\":\"ReadAction\",\"target\":[\"https:\\\/\\\/www.lamaisonduguil.com\\\/blog\\\/les-fleurs-de-printemps\\\/\"]}]},{\"@type\":\"ImageObject\",\"inLanguage\":\"fr-FR\",\"@id\":\"https:\\\/\\\/www.lamaisonduguil.com\\\/blog\\\/les-fleurs-de-printemps\\\/#primaryimage\",\"url\":\"https:\\\/\\\/www.lamaisonduguil.com\\\/blog\\\/wp-content\\\/uploads\\\/2017\\\/06\\\/IMG_5391_W-e1518564702771.jpg\",\"contentUrl\":\"https:\\\/\\\/www.lamaisonduguil.com\\\/blog\\\/wp-content\\\/uploads\\\/2017\\\/06\\\/IMG_5391_W-e1518564702771.jpg\",\"width\":1350,\"height\":1800,\"caption\":\"Vue sur la vall\u00e9e de Freissini\u00e8res\"},{\"@type\":\"BreadcrumbList\",\"@id\":\"https:\\\/\\\/www.lamaisonduguil.com\\\/blog\\\/les-fleurs-de-printemps\\\/#breadcrumb\",\"itemListElement\":[{\"@type\":\"ListItem\",\"position\":1,\"name\":\"Accueil\",\"item\":\"https:\\\/\\\/www.lamaisonduguil.com\\\/blog\\\/\"},{\"@type\":\"ListItem\",\"position\":2,\"name\":\"Les fleurs de printemps\"}]},{\"@type\":\"WebSite\",\"@id\":\"https:\\\/\\\/www.lamaisonduguil.com\\\/blog\\\/#website\",\"url\":\"https:\\\/\\\/www.lamaisonduguil.com\\\/blog\\\/\",\"name\":\"La Maison du Guil - Le Blog\",\"description\":\"Un blog pour vous aider \u00e0 d\u00e9couvrir notre belle r\u00e9gion\",\"publisher\":{\"@id\":\"https:\\\/\\\/www.lamaisonduguil.com\\\/blog\\\/#organization\"},\"potentialAction\":[{\"@type\":\"SearchAction\",\"target\":{\"@type\":\"EntryPoint\",\"urlTemplate\":\"https:\\\/\\\/www.lamaisonduguil.com\\\/blog\\\/?s={search_term_string}\"},\"query-input\":{\"@type\":\"PropertyValueSpecification\",\"valueRequired\":true,\"valueName\":\"search_term_string\"}}],\"inLanguage\":\"fr-FR\"},{\"@type\":\"Organization\",\"@id\":\"https:\\\/\\\/www.lamaisonduguil.com\\\/blog\\\/#organization\",\"name\":\"La Maison du Guil - Le Blog\",\"url\":\"https:\\\/\\\/www.lamaisonduguil.com\\\/blog\\\/\",\"logo\":{\"@type\":\"ImageObject\",\"inLanguage\":\"fr-FR\",\"@id\":\"https:\\\/\\\/www.lamaisonduguil.com\\\/blog\\\/#\\\/schema\\\/logo\\\/image\\\/\",\"url\":\"https:\\\/\\\/www.lamaisonduguil.com\\\/blog\\\/wp-content\\\/uploads\\\/2016\\\/09\\\/logo2.gif\",\"contentUrl\":\"https:\\\/\\\/www.lamaisonduguil.com\\\/blog\\\/wp-content\\\/uploads\\\/2016\\\/09\\\/logo2.gif\",\"width\":207,\"height\":207,\"caption\":\"La Maison du Guil - Le Blog\"},\"image\":{\"@id\":\"https:\\\/\\\/www.lamaisonduguil.com\\\/blog\\\/#\\\/schema\\\/logo\\\/image\\\/\"},\"sameAs\":[\"http:\\\/\\\/www.facebook.com\\\/lamaisonduguil\"]},{\"@type\":\"Person\",\"@id\":\"https:\\\/\\\/www.lamaisonduguil.com\\\/blog\\\/#\\\/schema\\\/person\\\/629208c2fb7759244c3fbe06c0bc3713\",\"name\":\"Tom\",\"image\":{\"@type\":\"ImageObject\",\"inLanguage\":\"fr-FR\",\"@id\":\"https:\\\/\\\/secure.gravatar.com\\\/avatar\\\/5f0fbdeab05c9050198d8e098c31cf87ec88fb8b615fd68e88c27383c80ccf81?s=96&d=mm&r=g\",\"url\":\"https:\\\/\\\/secure.gravatar.com\\\/avatar\\\/5f0fbdeab05c9050198d8e098c31cf87ec88fb8b615fd68e88c27383c80ccf81?s=96&d=mm&r=g\",\"contentUrl\":\"https:\\\/\\\/secure.gravatar.com\\\/avatar\\\/5f0fbdeab05c9050198d8e098c31cf87ec88fb8b615fd68e88c27383c80ccf81?s=96&d=mm&r=g\",\"caption\":\"Tom\"},\"sameAs\":[\"https:\\\/\\\/www.lamaisonduguil.com\"]}]}<\/script>\n<!-- \/ Yoast SEO plugin. -->","yoast_head_json":{"title":"Les Hautes Alpes au printemps, les fleurs de printemps et les cascades","description":"Le printemps dans les Hautes Alpes, du soleil, des fleurs de printemps, de l'eau, des belles balades, des paysages \u00e0 couper le souffle, le vrai bonheur","robots":{"index":"index","follow":"follow","max-snippet":"max-snippet:-1","max-image-preview":"max-image-preview:large","max-video-preview":"max-video-preview:-1"},"canonical":"https:\/\/www.lamaisonduguil.com\/blog\/les-fleurs-de-printemps\/","og_locale":"fr_FR","og_type":"article","og_title":"Les Hautes Alpes au printemps, les fleurs de printemps et les cascades","og_description":"Le printemps dans les Hautes Alpes, du soleil, des fleurs de printemps, de l'eau, des belles balades, des paysages \u00e0 couper le souffle, le vrai bonheur","og_url":"https:\/\/www.lamaisonduguil.com\/blog\/les-fleurs-de-printemps\/","og_site_name":"La Maison du Guil - Le Blog","article_publisher":"http:\/\/www.facebook.com\/lamaisonduguil","article_published_time":"2017-06-03T08:52:44+00:00","article_modified_time":"2019-04-08T21:57:54+00:00","og_image":[{"width":1350,"height":1800,"url":"https:\/\/www.lamaisonduguil.com\/blog\/wp-content\/uploads\/2017\/06\/IMG_5391_W-e1518564702771.jpg","type":"image\/jpeg"}],"author":"Tom","twitter_card":"summary_large_image","twitter_misc":{"\u00c9crit par":"Tom","Dur\u00e9e de lecture estim\u00e9e":"2 minutes"},"schema":{"@context":"https:\/\/schema.org","@graph":[{"@type":"Article","@id":"https:\/\/www.lamaisonduguil.com\/blog\/les-fleurs-de-printemps\/#article","isPartOf":{"@id":"https:\/\/www.lamaisonduguil.com\/blog\/les-fleurs-de-printemps\/"},"author":{"name":"Tom","@id":"https:\/\/www.lamaisonduguil.com\/blog\/#\/schema\/person\/629208c2fb7759244c3fbe06c0bc3713"},"headline":"Les fleurs de printemps","datePublished":"2017-06-03T08:52:44+00:00","dateModified":"2019-04-08T21:57:54+00:00","mainEntityOfPage":{"@id":"https:\/\/www.lamaisonduguil.com\/blog\/les-fleurs-de-printemps\/"},"wordCount":386,"commentCount":0,"publisher":{"@id":"https:\/\/www.lamaisonduguil.com\/blog\/#organization"},"image":{"@id":"https:\/\/www.lamaisonduguil.com\/blog\/les-fleurs-de-printemps\/#primaryimage"},"thumbnailUrl":"https:\/\/www.lamaisonduguil.com\/blog\/wp-content\/uploads\/2017\/06\/IMG_5391_W-e1518564702771.jpg","keywords":["Ecrins","Fran\u00e7ais","Freissini\u00e8res","Hautes Alpes","Printemps"],"articleSection":["Ecrins","Fran\u00e7ais","Nature","Printemps"],"inLanguage":"fr-FR","potentialAction":[{"@type":"CommentAction","name":"Comment","target":["https:\/\/www.lamaisonduguil.com\/blog\/les-fleurs-de-printemps\/#respond"]}]},{"@type":"WebPage","@id":"https:\/\/www.lamaisonduguil.com\/blog\/les-fleurs-de-printemps\/","url":"https:\/\/www.lamaisonduguil.com\/blog\/les-fleurs-de-printemps\/","name":"Les Hautes Alpes au printemps, les fleurs de printemps et les cascades","isPartOf":{"@id":"https:\/\/www.lamaisonduguil.com\/blog\/#website"},"primaryImageOfPage":{"@id":"https:\/\/www.lamaisonduguil.com\/blog\/les-fleurs-de-printemps\/#primaryimage"},"image":{"@id":"https:\/\/www.lamaisonduguil.com\/blog\/les-fleurs-de-printemps\/#primaryimage"},"thumbnailUrl":"https:\/\/www.lamaisonduguil.com\/blog\/wp-content\/uploads\/2017\/06\/IMG_5391_W-e1518564702771.jpg","datePublished":"2017-06-03T08:52:44+00:00","dateModified":"2019-04-08T21:57:54+00:00","description":"Le printemps dans les Hautes Alpes, du soleil, des fleurs de printemps, de l'eau, des belles balades, des paysages \u00e0 couper le souffle, le vrai bonheur","breadcrumb":{"@id":"https:\/\/www.lamaisonduguil.com\/blog\/les-fleurs-de-printemps\/#breadcrumb"},"inLanguage":"fr-FR","potentialAction":[{"@type":"ReadAction","target":["https:\/\/www.lamaisonduguil.com\/blog\/les-fleurs-de-printemps\/"]}]},{"@type":"ImageObject","inLanguage":"fr-FR","@id":"https:\/\/www.lamaisonduguil.com\/blog\/les-fleurs-de-printemps\/#primaryimage","url":"https:\/\/www.lamaisonduguil.com\/blog\/wp-content\/uploads\/2017\/06\/IMG_5391_W-e1518564702771.jpg","contentUrl":"https:\/\/www.lamaisonduguil.com\/blog\/wp-content\/uploads\/2017\/06\/IMG_5391_W-e1518564702771.jpg","width":1350,"height":1800,"caption":"Vue sur la vall\u00e9e de Freissini\u00e8res"},{"@type":"BreadcrumbList","@id":"https:\/\/www.lamaisonduguil.com\/blog\/les-fleurs-de-printemps\/#breadcrumb","itemListElement":[{"@type":"ListItem","position":1,"name":"Accueil","item":"https:\/\/www.lamaisonduguil.com\/blog\/"},{"@type":"ListItem","position":2,"name":"Les fleurs de printemps"}]},{"@type":"WebSite","@id":"https:\/\/www.lamaisonduguil.com\/blog\/#website","url":"https:\/\/www.lamaisonduguil.com\/blog\/","name":"La Maison du Guil - Le Blog","description":"Un blog pour vous aider \u00e0 d\u00e9couvrir notre belle r\u00e9gion","publisher":{"@id":"https:\/\/www.lamaisonduguil.com\/blog\/#organization"},"potentialAction":[{"@type":"SearchAction","target":{"@type":"EntryPoint","urlTemplate":"https:\/\/www.lamaisonduguil.com\/blog\/?s={search_term_string}"},"query-input":{"@type":"PropertyValueSpecification","valueRequired":true,"valueName":"search_term_string"}}],"inLanguage":"fr-FR"},{"@type":"Organization","@id":"https:\/\/www.lamaisonduguil.com\/blog\/#organization","name":"La Maison du Guil - Le Blog","url":"https:\/\/www.lamaisonduguil.com\/blog\/","logo":{"@type":"ImageObject","inLanguage":"fr-FR","@id":"https:\/\/www.lamaisonduguil.com\/blog\/#\/schema\/logo\/image\/","url":"https:\/\/www.lamaisonduguil.com\/blog\/wp-content\/uploads\/2016\/09\/logo2.gif","contentUrl":"https:\/\/www.lamaisonduguil.com\/blog\/wp-content\/uploads\/2016\/09\/logo2.gif","width":207,"height":207,"caption":"La Maison du Guil - Le Blog"},"image":{"@id":"https:\/\/www.lamaisonduguil.com\/blog\/#\/schema\/logo\/image\/"},"sameAs":["http:\/\/www.facebook.com\/lamaisonduguil"]},{"@type":"Person","@id":"https:\/\/www.lamaisonduguil.com\/blog\/#\/schema\/person\/629208c2fb7759244c3fbe06c0bc3713","name":"Tom","image":{"@type":"ImageObject","inLanguage":"fr-FR","@id":"https:\/\/secure.gravatar.com\/avatar\/5f0fbdeab05c9050198d8e098c31cf87ec88fb8b615fd68e88c27383c80ccf81?s=96&d=mm&r=g","url":"https:\/\/secure.gravatar.com\/avatar\/5f0fbdeab05c9050198d8e098c31cf87ec88fb8b615fd68e88c27383c80ccf81?s=96&d=mm&r=g","contentUrl":"https:\/\/secure.gravatar.com\/avatar\/5f0fbdeab05c9050198d8e098c31cf87ec88fb8b615fd68e88c27383c80ccf81?s=96&d=mm&r=g","caption":"Tom"},"sameAs":["https:\/\/www.lamaisonduguil.com"]}]}},"_links":{"self":[{"href":"https:\/\/www.lamaisonduguil.com\/blog\/wp-json\/wp\/v2\/posts\/552","targetHints":{"allow":["GET"]}}],"collection":[{"href":"https:\/\/www.lamaisonduguil.com\/blog\/wp-json\/wp\/v2\/posts"}],"about":[{"href":"https:\/\/www.lamaisonduguil.com\/blog\/wp-json\/wp\/v2\/types\/post"}],"author":[{"embeddable":true,"href":"https:\/\/www.lamaisonduguil.com\/blog\/wp-json\/wp\/v2\/users\/2"}],"replies":[{"embeddable":true,"href":"https:\/\/www.lamaisonduguil.com\/blog\/wp-json\/wp\/v2\/comments?post=552"}],"version-history":[{"count":0,"href":"https:\/\/www.lamaisonduguil.com\/blog\/wp-json\/wp\/v2\/posts\/552\/revisions"}],"wp:featuredmedia":[{"embeddable":true,"href":"https:\/\/www.lamaisonduguil.com\/blog\/wp-json\/wp\/v2\/media\/573"}],"wp:attachment":[{"href":"https:\/\/www.lamaisonduguil.com\/blog\/wp-json\/wp\/v2\/media?parent=552"}],"wp:term":[{"taxonomy":"category","embeddable":true,"href":"https:\/\/www.lamaisonduguil.com\/blog\/wp-json\/wp\/v2\/categories?post=552"},{"taxonomy":"post_tag","embeddable":true,"href":"https:\/\/www.lamaisonduguil.com\/blog\/wp-json\/wp\/v2\/tags?post=552"}],"curies":[{"name":"wp","href":"https:\/\/api.w.org\/{rel}","templated":true}]}}