{"id":83,"date":"2016-10-27T23:28:51","date_gmt":"2016-10-27T21:28:51","guid":{"rendered":"http:\/\/www.lamaisonduguil.com\/blog\/?p=83"},"modified":"2019-04-09T01:10:18","modified_gmt":"2019-04-08T23:10:18","slug":"lete-indien-dans-les-hautes-alpes-le-queyras","status":"publish","type":"post","link":"https:\/\/www.lamaisonduguil.com\/blog\/lete-indien-dans-les-hautes-alpes-le-queyras\/","title":{"rendered":"L&rsquo;Et\u00e9 Indien dans les Hautes Alpes, le Queyras"},"content":{"rendered":"<p>27\/10\/2016.<\/p>\n<h2>Les couleurs d&rsquo;automne dans le Queyras<\/h2>\n<p>Un <strong>ciel tout bleu<\/strong> ce matin nous a donn\u00e9 envie d&rsquo;aller se balader, dans le <strong>Queyras<\/strong> cette fois-ci, avec la m\u00eame intention&#8230; profiter des <strong>couleurs d&rsquo;automne<\/strong>. &nbsp;Est-ce qu&rsquo;on arriverait trop t\u00f4t, ou trop tard, &#8230;? &nbsp;Puisque chaque vall\u00e9e a un climat diff\u00e9rent, une exposition au soleil qui est diff\u00e9rente, ce qui le rends difficile de pr\u00e9voir si c&rsquo;est le bon moment pour observer les couleurs&#8230; &nbsp;Vite pr\u00e9parer le pique nique, sortir les chaussures de randonn\u00e9es, le sac \u00e0 dos, une veste (en montagne on ne sait jamais&#8230;), et hop, en route.<\/p>\n<p>On a fait le bon choix&#8230; &nbsp;Et on partage volontairement quelques images avec vous.<\/p>\n<p>D\u00e9j\u00e0 au d\u00e9part, depuis la Maison du Guil par la route du Simoust, avant notre arriv\u00e9 \u00e0 <strong>Guillestre<\/strong>, un peu de jaune pour couper le bleu du ciel &#8230;<\/p>\n<p>&nbsp;<\/p>\n<figure id=\"attachment_89\" aria-describedby=\"caption-attachment-89\" style=\"width: 2448px\" class=\"wp-caption alignleft\"><a href=\"http:\/\/www.lamaisonduguil.com\/blog\/index.php\/2016\/10\/27\/lete-indien-dans-les-hautes-alpes-le-queyras\/img_4640\/\" rel=\"attachment wp-att-89\"><img fetchpriority=\"high\" decoding=\"async\" class=\"size-full wp-image-89\" src=\"http:\/\/www.lamaisonduguil.com\/blog\/wp-content\/uploads\/2016\/10\/IMG_4640.jpg\" alt=\"Couleurs d'automne sur le plateau de Guillestre\" width=\"2448\" height=\"3264\"><\/a><figcaption id=\"caption-attachment-89\" class=\"wp-caption-text\">Couleurs d&rsquo;automne sur le plateau de Guillestre<\/figcaption><\/figure>\n<p>&nbsp;<\/p>\n<h2>Le lac de Souliers<\/h2>\n<p>Ensuite nous sommes mont\u00e9s en direction du Col de l&rsquo;Izoard. &nbsp;Nous nous sommes gar\u00e9s sur le parking de la Casse D\u00e9serte, pour prendre le chemin de randonn\u00e9e vers <strong>le lac de Souliers<\/strong>. &nbsp;Une balade un peu plus en hauteur, avec des tr\u00e8s jolis points de vues. &nbsp;Une balade assez facile \u00e0 faire, pas trop longue, pas trop de d\u00e9nivel\u00e9, mais qui permets quand m\u00eame d&rsquo;atteindre un joli lac de montagne \u00e0 2492 m d&rsquo;altitude.<\/p>\n<p>Sur la mont\u00e9e d\u00e9j\u00e0 une tr\u00e8s belle vue sur la vall\u00e9e et <strong>le village de Brunissard<\/strong>. &nbsp;On y trouve surtout des <strong>m\u00e9l\u00e8zes<\/strong> en jaune \/ or, un peu de blanc sur les sommets, trop beau.<\/p>\n<p><a href=\"http:\/\/www.lamaisonduguil.com\/blog\/index.php\/2016\/10\/27\/lete-indien-dans-les-hautes-alpes-le-queyras\/img_4641\/\" rel=\"attachment wp-att-90\"><img decoding=\"async\" class=\"alignleft size-full wp-image-90\" src=\"http:\/\/www.lamaisonduguil.com\/blog\/wp-content\/uploads\/2016\/10\/IMG_4641.jpg\" alt=\"img_4641\" width=\"3179\" height=\"2374\"><\/a><\/p>\n<p>Le chemin par lequel nous sommes mont\u00e9s.<\/p>\n<figure id=\"attachment_91\" aria-describedby=\"caption-attachment-91\" style=\"width: 3088px\" class=\"wp-caption alignleft\"><a href=\"http:\/\/www.lamaisonduguil.com\/blog\/index.php\/2016\/10\/27\/lete-indien-dans-les-hautes-alpes-le-queyras\/img_4642\/\" rel=\"attachment wp-att-91\"><img decoding=\"async\" class=\"size-full wp-image-91\" src=\"http:\/\/www.lamaisonduguil.com\/blog\/wp-content\/uploads\/2016\/10\/IMG_4642.jpg\" alt=\"Le chemin vers le lac de Souliers\" width=\"3088\" height=\"2284\"><\/a><figcaption id=\"caption-attachment-91\" class=\"wp-caption-text\">Le chemin vers le lac de Souliers<\/figcaption><\/figure>\n<p>Arriv\u00e9s au lac, le temps du d\u00e9jeuner. &nbsp;Ah, la vue, le silence, &#8230;<\/p>\n<p><a href=\"http:\/\/www.lamaisonduguil.com\/blog\/index.php\/2016\/10\/27\/lete-indien-dans-les-hautes-alpes-le-queyras\/img_4639\/\" rel=\"attachment wp-att-88\"><img decoding=\"async\" class=\"size-full wp-image-88\" src=\"http:\/\/www.lamaisonduguil.com\/blog\/wp-content\/uploads\/2016\/10\/IMG_4639.jpg\" alt=\"&quot;<yoastmark\"><\/a><\/p>\n<p><a href=\"http:\/\/www.lamaisonduguil.com\/blog\/index.php\/2016\/10\/27\/lete-indien-dans-les-hautes-alpes-le-queyras\/img_4625\/\" rel=\"attachment wp-att-85\"><img decoding=\"async\" class=\"size-full wp-image-85\" src=\"http:\/\/www.lamaisonduguil.com\/blog\/wp-content\/uploads\/2016\/10\/IMG_4625.jpg\" alt=\"&quot;<yoastmark\"><\/a><\/p>\n<p><a href=\"http:\/\/www.lamaisonduguil.com\/blog\/index.php\/2016\/10\/27\/lete-indien-dans-les-hautes-alpes-le-queyras\/img_4621\/\" rel=\"attachment wp-att-84\"><img decoding=\"async\" class=\"size-full wp-image-84\" src=\"http:\/\/www.lamaisonduguil.com\/blog\/wp-content\/uploads\/2016\/10\/IMG_4621.jpg\" alt=\"&quot;<yoastmark\"><\/a><\/p>\n<p>&nbsp;<\/p>\n<p>&nbsp;<\/p>\n<p>Sur la d\u00e9scente, encore des belles vues&#8230;<\/p>\n<p><a href=\"http:\/\/www.lamaisonduguil.com\/blog\/index.php\/2016\/10\/27\/lete-indien-dans-les-hautes-alpes-le-queyras\/img_4638\/\" rel=\"attachment wp-att-87\"><img loading=\"lazy\" decoding=\"async\" class=\"alignleft size-full wp-image-87\" src=\"http:\/\/www.lamaisonduguil.com\/blog\/wp-content\/uploads\/2016\/10\/IMG_4638.jpg\" alt=\"img_4638\" width=\"3054\" height=\"2318\"><\/a><\/p>\n<p>Sur le retour, \u00e0 la sortie des <strong>gorges du Guil<\/strong>, juste avant le virage pour acc\u00e9der \u00e0 Guillestre, une <strong>vue sur le village d&rsquo;Eygliers<\/strong>, pour clore une journ\u00e9e de couleurs d&rsquo;automne en toute beaut\u00e9&#8230;<\/p>\n<figure id=\"attachment_86\" aria-describedby=\"caption-attachment-86\" style=\"width: 3003px\" class=\"wp-caption alignleft\"><a href=\"http:\/\/www.lamaisonduguil.com\/blog\/index.php\/2016\/10\/27\/lete-indien-dans-les-hautes-alpes-le-queyras\/img_4635\/\" rel=\"attachment wp-att-86\"><img loading=\"lazy\" decoding=\"async\" class=\"size-full wp-image-86\" src=\"http:\/\/www.lamaisonduguil.com\/blog\/wp-content\/uploads\/2016\/10\/IMG_4635.jpg\" alt=\"Vue sur Eygliers depuis les gorges du Guil\" width=\"3003\" height=\"2414\"><\/a><figcaption id=\"caption-attachment-86\" class=\"wp-caption-text\">Vue sur Eygliers depuis les gorges du Guil<\/figcaption><\/figure>\n<p>&nbsp;<\/p>\n","protected":false},"excerpt":{"rendered":"<p>27\/10\/2016. Les couleurs d&rsquo;automne dans le Queyras Un ciel tout bleu ce matin nous a donn\u00e9 envie d&rsquo;aller se balader, dans le Queyras cette fois-ci, avec la m\u00eame intention&#8230; profiter des couleurs d&rsquo;automne. &nbsp;Est-ce qu&rsquo;on arriverait trop t\u00f4t, ou trop tard, &#8230;? &nbsp;Puisque chaque vall\u00e9e a un climat diff\u00e9rent, une exposition au soleil qui est [&hellip;]<\/p>\n","protected":false},"author":2,"featured_media":86,"comment_status":"open","ping_status":"open","sticky":false,"template":"","format":"standard","meta":{"site-sidebar-layout":"default","site-content-layout":"","ast-site-content-layout":"default","site-content-style":"default","site-sidebar-style":"default","ast-global-header-display":"","ast-banner-title-visibility":"","ast-main-header-display":"","ast-hfb-above-header-display":"","ast-hfb-below-header-display":"","ast-hfb-mobile-header-display":"","site-post-title":"","ast-breadcrumbs-content":"","ast-featured-img":"","footer-sml-layout":"","theme-transparent-header-meta":"","adv-header-id-meta":"","stick-header-meta":"","header-above-stick-meta":"","header-main-stick-meta":"","header-below-stick-meta":"","astra-migrate-meta-layouts":"default","ast-page-background-enabled":"default","ast-page-background-meta":{"desktop":{"background-color":"","background-image":"","background-repeat":"repeat","background-position":"center center","background-size":"auto","background-attachment":"scroll","background-type":"","background-media":"","overlay-type":"","overlay-color":"","overlay-opacity":"","overlay-gradient":""},"tablet":{"background-color":"","background-image":"","background-repeat":"repeat","background-position":"center center","background-size":"auto","background-attachment":"scroll","background-type":"","background-media":"","overlay-type":"","overlay-color":"","overlay-opacity":"","overlay-gradient":""},"mobile":{"background-color":"","background-image":"","background-repeat":"repeat","background-position":"center center","background-size":"auto","background-attachment":"scroll","background-type":"","background-media":"","overlay-type":"","overlay-color":"","overlay-opacity":"","overlay-gradient":""}},"ast-content-background-meta":{"desktop":{"background-color":"var(--ast-global-color-5)","background-image":"","background-repeat":"repeat","background-position":"center center","background-size":"auto","background-attachment":"scroll","background-type":"","background-media":"","overlay-type":"","overlay-color":"","overlay-opacity":"","overlay-gradient":""},"tablet":{"background-color":"var(--ast-global-color-5)","background-image":"","background-repeat":"repeat","background-position":"center center","background-size":"auto","background-attachment":"scroll","background-type":"","background-media":"","overlay-type":"","overlay-color":"","overlay-opacity":"","overlay-gradient":""},"mobile":{"background-color":"var(--ast-global-color-5)","background-image":"","background-repeat":"repeat","background-position":"center center","background-size":"auto","background-attachment":"scroll","background-type":"","background-media":"","overlay-type":"","overlay-color":"","overlay-opacity":"","overlay-gradient":""}},"ngg_post_thumbnail":0,"footnotes":""},"categories":[2,55,10],"tags":[12,56,3,13,11],"class_list":["post-83","post","type-post","status-publish","format-standard","has-post-thumbnail","hentry","category-automne-dans-les-hautes-alpes","category-francais","category-queyras","tag-col-de-lizoard","tag-francais","tag-hautesalpes","tag-lac-de-souliers","tag-queyras"],"yoast_head":"<!-- This site is optimized with the Yoast SEO plugin v27.5 - https:\/\/yoast.com\/product\/yoast-seo-wordpress\/ -->\n<title>L&#039;Et\u00e9 Indien dans les Hautes Alpes, le Queyras La Maison du Guil - Le Blog<\/title>\n<meta name=\"description\" content=\"Une balade vers le lac de Souliers pour profiter des couleurs d&#039;automne dans les Hautes Alpes, dans le Queyras, avec les m\u00e9l\u00e8zes en jaune sous un ciel bleu\" \/>\n<meta name=\"robots\" content=\"index, follow, max-snippet:-1, max-image-preview:large, max-video-preview:-1\" \/>\n<link rel=\"canonical\" href=\"https:\/\/www.lamaisonduguil.com\/blog\/lete-indien-dans-les-hautes-alpes-le-queyras\/\" \/>\n<meta property=\"og:locale\" content=\"fr_FR\" \/>\n<meta property=\"og:type\" content=\"article\" \/>\n<meta property=\"og:title\" content=\"L&#039;Et\u00e9 Indien dans les Hautes Alpes, le Queyras La Maison du Guil - Le Blog\" \/>\n<meta property=\"og:description\" content=\"Une balade vers le lac de Souliers pour profiter des couleurs d&#039;automne dans les Hautes Alpes, dans le Queyras, avec les m\u00e9l\u00e8zes en jaune sous un ciel bleu\" \/>\n<meta property=\"og:url\" content=\"https:\/\/www.lamaisonduguil.com\/blog\/lete-indien-dans-les-hautes-alpes-le-queyras\/\" \/>\n<meta property=\"og:site_name\" content=\"La Maison du Guil - Le Blog\" \/>\n<meta property=\"article:publisher\" content=\"http:\/\/www.facebook.com\/lamaisonduguil\" \/>\n<meta property=\"article:published_time\" content=\"2016-10-27T21:28:51+00:00\" \/>\n<meta property=\"article:modified_time\" content=\"2019-04-08T23:10:18+00:00\" \/>\n<meta property=\"og:image\" content=\"https:\/\/www.lamaisonduguil.com\/blog\/wp-content\/uploads\/2016\/10\/IMG_4635-e1518683347410.jpg\" \/>\n\t<meta property=\"og:image:width\" content=\"1800\" \/>\n\t<meta property=\"og:image:height\" content=\"1447\" \/>\n\t<meta property=\"og:image:type\" content=\"image\/jpeg\" \/>\n<meta name=\"author\" content=\"Tom\" \/>\n<meta name=\"twitter:card\" content=\"summary_large_image\" \/>\n<meta name=\"twitter:label1\" content=\"\u00c9crit par\" \/>\n\t<meta name=\"twitter:data1\" content=\"Tom\" \/>\n\t<meta name=\"twitter:label2\" content=\"Dur\u00e9e de lecture estim\u00e9e\" \/>\n\t<meta name=\"twitter:data2\" content=\"2 minutes\" \/>\n<script type=\"application\/ld+json\" class=\"yoast-schema-graph\">{\"@context\":\"https:\\\/\\\/schema.org\",\"@graph\":[{\"@type\":\"Article\",\"@id\":\"https:\\\/\\\/www.lamaisonduguil.com\\\/blog\\\/lete-indien-dans-les-hautes-alpes-le-queyras\\\/#article\",\"isPartOf\":{\"@id\":\"https:\\\/\\\/www.lamaisonduguil.com\\\/blog\\\/lete-indien-dans-les-hautes-alpes-le-queyras\\\/\"},\"author\":{\"name\":\"Tom\",\"@id\":\"https:\\\/\\\/www.lamaisonduguil.com\\\/blog\\\/#\\\/schema\\\/person\\\/629208c2fb7759244c3fbe06c0bc3713\"},\"headline\":\"L&rsquo;Et\u00e9 Indien dans les Hautes Alpes, le Queyras\",\"datePublished\":\"2016-10-27T21:28:51+00:00\",\"dateModified\":\"2019-04-08T23:10:18+00:00\",\"mainEntityOfPage\":{\"@id\":\"https:\\\/\\\/www.lamaisonduguil.com\\\/blog\\\/lete-indien-dans-les-hautes-alpes-le-queyras\\\/\"},\"wordCount\":397,\"commentCount\":0,\"publisher\":{\"@id\":\"https:\\\/\\\/www.lamaisonduguil.com\\\/blog\\\/#organization\"},\"image\":{\"@id\":\"https:\\\/\\\/www.lamaisonduguil.com\\\/blog\\\/lete-indien-dans-les-hautes-alpes-le-queyras\\\/#primaryimage\"},\"thumbnailUrl\":\"https:\\\/\\\/www.lamaisonduguil.com\\\/blog\\\/wp-content\\\/uploads\\\/2016\\\/10\\\/IMG_4635-e1518683347410.jpg\",\"keywords\":[\"Col de l'Izoard\",\"Fran\u00e7ais\",\"Hautes Alpes\",\"Lac de Souliers\",\"Queyras\"],\"articleSection\":[\"Automne dans les Hautes Alpes\",\"Fran\u00e7ais\",\"Queyras\"],\"inLanguage\":\"fr-FR\",\"potentialAction\":[{\"@type\":\"CommentAction\",\"name\":\"Comment\",\"target\":[\"https:\\\/\\\/www.lamaisonduguil.com\\\/blog\\\/lete-indien-dans-les-hautes-alpes-le-queyras\\\/#respond\"]}]},{\"@type\":\"WebPage\",\"@id\":\"https:\\\/\\\/www.lamaisonduguil.com\\\/blog\\\/lete-indien-dans-les-hautes-alpes-le-queyras\\\/\",\"url\":\"https:\\\/\\\/www.lamaisonduguil.com\\\/blog\\\/lete-indien-dans-les-hautes-alpes-le-queyras\\\/\",\"name\":\"L'Et\u00e9 Indien dans les Hautes Alpes, le Queyras La Maison du Guil - Le Blog\",\"isPartOf\":{\"@id\":\"https:\\\/\\\/www.lamaisonduguil.com\\\/blog\\\/#website\"},\"primaryImageOfPage\":{\"@id\":\"https:\\\/\\\/www.lamaisonduguil.com\\\/blog\\\/lete-indien-dans-les-hautes-alpes-le-queyras\\\/#primaryimage\"},\"image\":{\"@id\":\"https:\\\/\\\/www.lamaisonduguil.com\\\/blog\\\/lete-indien-dans-les-hautes-alpes-le-queyras\\\/#primaryimage\"},\"thumbnailUrl\":\"https:\\\/\\\/www.lamaisonduguil.com\\\/blog\\\/wp-content\\\/uploads\\\/2016\\\/10\\\/IMG_4635-e1518683347410.jpg\",\"datePublished\":\"2016-10-27T21:28:51+00:00\",\"dateModified\":\"2019-04-08T23:10:18+00:00\",\"description\":\"Une balade vers le lac de Souliers pour profiter des couleurs d'automne dans les Hautes Alpes, dans le Queyras, avec les m\u00e9l\u00e8zes en jaune sous un ciel bleu\",\"breadcrumb\":{\"@id\":\"https:\\\/\\\/www.lamaisonduguil.com\\\/blog\\\/lete-indien-dans-les-hautes-alpes-le-queyras\\\/#breadcrumb\"},\"inLanguage\":\"fr-FR\",\"potentialAction\":[{\"@type\":\"ReadAction\",\"target\":[\"https:\\\/\\\/www.lamaisonduguil.com\\\/blog\\\/lete-indien-dans-les-hautes-alpes-le-queyras\\\/\"]}]},{\"@type\":\"ImageObject\",\"inLanguage\":\"fr-FR\",\"@id\":\"https:\\\/\\\/www.lamaisonduguil.com\\\/blog\\\/lete-indien-dans-les-hautes-alpes-le-queyras\\\/#primaryimage\",\"url\":\"https:\\\/\\\/www.lamaisonduguil.com\\\/blog\\\/wp-content\\\/uploads\\\/2016\\\/10\\\/IMG_4635-e1518683347410.jpg\",\"contentUrl\":\"https:\\\/\\\/www.lamaisonduguil.com\\\/blog\\\/wp-content\\\/uploads\\\/2016\\\/10\\\/IMG_4635-e1518683347410.jpg\",\"width\":1800,\"height\":1447,\"caption\":\"Vue sur Eygliers depuis les gorges du Guil\"},{\"@type\":\"BreadcrumbList\",\"@id\":\"https:\\\/\\\/www.lamaisonduguil.com\\\/blog\\\/lete-indien-dans-les-hautes-alpes-le-queyras\\\/#breadcrumb\",\"itemListElement\":[{\"@type\":\"ListItem\",\"position\":1,\"name\":\"Accueil\",\"item\":\"https:\\\/\\\/www.lamaisonduguil.com\\\/blog\\\/\"},{\"@type\":\"ListItem\",\"position\":2,\"name\":\"L&rsquo;Et\u00e9 Indien dans les Hautes Alpes, le Queyras\"}]},{\"@type\":\"WebSite\",\"@id\":\"https:\\\/\\\/www.lamaisonduguil.com\\\/blog\\\/#website\",\"url\":\"https:\\\/\\\/www.lamaisonduguil.com\\\/blog\\\/\",\"name\":\"La Maison du Guil - Le Blog\",\"description\":\"Un blog pour vous aider \u00e0 d\u00e9couvrir notre belle r\u00e9gion\",\"publisher\":{\"@id\":\"https:\\\/\\\/www.lamaisonduguil.com\\\/blog\\\/#organization\"},\"potentialAction\":[{\"@type\":\"SearchAction\",\"target\":{\"@type\":\"EntryPoint\",\"urlTemplate\":\"https:\\\/\\\/www.lamaisonduguil.com\\\/blog\\\/?s={search_term_string}\"},\"query-input\":{\"@type\":\"PropertyValueSpecification\",\"valueRequired\":true,\"valueName\":\"search_term_string\"}}],\"inLanguage\":\"fr-FR\"},{\"@type\":\"Organization\",\"@id\":\"https:\\\/\\\/www.lamaisonduguil.com\\\/blog\\\/#organization\",\"name\":\"La Maison du Guil - Le Blog\",\"url\":\"https:\\\/\\\/www.lamaisonduguil.com\\\/blog\\\/\",\"logo\":{\"@type\":\"ImageObject\",\"inLanguage\":\"fr-FR\",\"@id\":\"https:\\\/\\\/www.lamaisonduguil.com\\\/blog\\\/#\\\/schema\\\/logo\\\/image\\\/\",\"url\":\"https:\\\/\\\/www.lamaisonduguil.com\\\/blog\\\/wp-content\\\/uploads\\\/2016\\\/09\\\/logo2.gif\",\"contentUrl\":\"https:\\\/\\\/www.lamaisonduguil.com\\\/blog\\\/wp-content\\\/uploads\\\/2016\\\/09\\\/logo2.gif\",\"width\":207,\"height\":207,\"caption\":\"La Maison du Guil - Le Blog\"},\"image\":{\"@id\":\"https:\\\/\\\/www.lamaisonduguil.com\\\/blog\\\/#\\\/schema\\\/logo\\\/image\\\/\"},\"sameAs\":[\"http:\\\/\\\/www.facebook.com\\\/lamaisonduguil\"]},{\"@type\":\"Person\",\"@id\":\"https:\\\/\\\/www.lamaisonduguil.com\\\/blog\\\/#\\\/schema\\\/person\\\/629208c2fb7759244c3fbe06c0bc3713\",\"name\":\"Tom\",\"image\":{\"@type\":\"ImageObject\",\"inLanguage\":\"fr-FR\",\"@id\":\"https:\\\/\\\/secure.gravatar.com\\\/avatar\\\/5f0fbdeab05c9050198d8e098c31cf87ec88fb8b615fd68e88c27383c80ccf81?s=96&d=mm&r=g\",\"url\":\"https:\\\/\\\/secure.gravatar.com\\\/avatar\\\/5f0fbdeab05c9050198d8e098c31cf87ec88fb8b615fd68e88c27383c80ccf81?s=96&d=mm&r=g\",\"contentUrl\":\"https:\\\/\\\/secure.gravatar.com\\\/avatar\\\/5f0fbdeab05c9050198d8e098c31cf87ec88fb8b615fd68e88c27383c80ccf81?s=96&d=mm&r=g\",\"caption\":\"Tom\"},\"sameAs\":[\"https:\\\/\\\/www.lamaisonduguil.com\"]}]}<\/script>\n<!-- \/ Yoast SEO plugin. -->","yoast_head_json":{"title":"L'Et\u00e9 Indien dans les Hautes Alpes, le Queyras La Maison du Guil - Le Blog","description":"Une balade vers le lac de Souliers pour profiter des couleurs d'automne dans les Hautes Alpes, dans le Queyras, avec les m\u00e9l\u00e8zes en jaune sous un ciel bleu","robots":{"index":"index","follow":"follow","max-snippet":"max-snippet:-1","max-image-preview":"max-image-preview:large","max-video-preview":"max-video-preview:-1"},"canonical":"https:\/\/www.lamaisonduguil.com\/blog\/lete-indien-dans-les-hautes-alpes-le-queyras\/","og_locale":"fr_FR","og_type":"article","og_title":"L'Et\u00e9 Indien dans les Hautes Alpes, le Queyras La Maison du Guil - Le Blog","og_description":"Une balade vers le lac de Souliers pour profiter des couleurs d'automne dans les Hautes Alpes, dans le Queyras, avec les m\u00e9l\u00e8zes en jaune sous un ciel bleu","og_url":"https:\/\/www.lamaisonduguil.com\/blog\/lete-indien-dans-les-hautes-alpes-le-queyras\/","og_site_name":"La Maison du Guil - Le Blog","article_publisher":"http:\/\/www.facebook.com\/lamaisonduguil","article_published_time":"2016-10-27T21:28:51+00:00","article_modified_time":"2019-04-08T23:10:18+00:00","og_image":[{"width":1800,"height":1447,"url":"https:\/\/www.lamaisonduguil.com\/blog\/wp-content\/uploads\/2016\/10\/IMG_4635-e1518683347410.jpg","type":"image\/jpeg"}],"author":"Tom","twitter_card":"summary_large_image","twitter_misc":{"\u00c9crit par":"Tom","Dur\u00e9e de lecture estim\u00e9e":"2 minutes"},"schema":{"@context":"https:\/\/schema.org","@graph":[{"@type":"Article","@id":"https:\/\/www.lamaisonduguil.com\/blog\/lete-indien-dans-les-hautes-alpes-le-queyras\/#article","isPartOf":{"@id":"https:\/\/www.lamaisonduguil.com\/blog\/lete-indien-dans-les-hautes-alpes-le-queyras\/"},"author":{"name":"Tom","@id":"https:\/\/www.lamaisonduguil.com\/blog\/#\/schema\/person\/629208c2fb7759244c3fbe06c0bc3713"},"headline":"L&rsquo;Et\u00e9 Indien dans les Hautes Alpes, le Queyras","datePublished":"2016-10-27T21:28:51+00:00","dateModified":"2019-04-08T23:10:18+00:00","mainEntityOfPage":{"@id":"https:\/\/www.lamaisonduguil.com\/blog\/lete-indien-dans-les-hautes-alpes-le-queyras\/"},"wordCount":397,"commentCount":0,"publisher":{"@id":"https:\/\/www.lamaisonduguil.com\/blog\/#organization"},"image":{"@id":"https:\/\/www.lamaisonduguil.com\/blog\/lete-indien-dans-les-hautes-alpes-le-queyras\/#primaryimage"},"thumbnailUrl":"https:\/\/www.lamaisonduguil.com\/blog\/wp-content\/uploads\/2016\/10\/IMG_4635-e1518683347410.jpg","keywords":["Col de l'Izoard","Fran\u00e7ais","Hautes Alpes","Lac de Souliers","Queyras"],"articleSection":["Automne dans les Hautes Alpes","Fran\u00e7ais","Queyras"],"inLanguage":"fr-FR","potentialAction":[{"@type":"CommentAction","name":"Comment","target":["https:\/\/www.lamaisonduguil.com\/blog\/lete-indien-dans-les-hautes-alpes-le-queyras\/#respond"]}]},{"@type":"WebPage","@id":"https:\/\/www.lamaisonduguil.com\/blog\/lete-indien-dans-les-hautes-alpes-le-queyras\/","url":"https:\/\/www.lamaisonduguil.com\/blog\/lete-indien-dans-les-hautes-alpes-le-queyras\/","name":"L'Et\u00e9 Indien dans les Hautes Alpes, le Queyras La Maison du Guil - Le Blog","isPartOf":{"@id":"https:\/\/www.lamaisonduguil.com\/blog\/#website"},"primaryImageOfPage":{"@id":"https:\/\/www.lamaisonduguil.com\/blog\/lete-indien-dans-les-hautes-alpes-le-queyras\/#primaryimage"},"image":{"@id":"https:\/\/www.lamaisonduguil.com\/blog\/lete-indien-dans-les-hautes-alpes-le-queyras\/#primaryimage"},"thumbnailUrl":"https:\/\/www.lamaisonduguil.com\/blog\/wp-content\/uploads\/2016\/10\/IMG_4635-e1518683347410.jpg","datePublished":"2016-10-27T21:28:51+00:00","dateModified":"2019-04-08T23:10:18+00:00","description":"Une balade vers le lac de Souliers pour profiter des couleurs d'automne dans les Hautes Alpes, dans le Queyras, avec les m\u00e9l\u00e8zes en jaune sous un ciel bleu","breadcrumb":{"@id":"https:\/\/www.lamaisonduguil.com\/blog\/lete-indien-dans-les-hautes-alpes-le-queyras\/#breadcrumb"},"inLanguage":"fr-FR","potentialAction":[{"@type":"ReadAction","target":["https:\/\/www.lamaisonduguil.com\/blog\/lete-indien-dans-les-hautes-alpes-le-queyras\/"]}]},{"@type":"ImageObject","inLanguage":"fr-FR","@id":"https:\/\/www.lamaisonduguil.com\/blog\/lete-indien-dans-les-hautes-alpes-le-queyras\/#primaryimage","url":"https:\/\/www.lamaisonduguil.com\/blog\/wp-content\/uploads\/2016\/10\/IMG_4635-e1518683347410.jpg","contentUrl":"https:\/\/www.lamaisonduguil.com\/blog\/wp-content\/uploads\/2016\/10\/IMG_4635-e1518683347410.jpg","width":1800,"height":1447,"caption":"Vue sur Eygliers depuis les gorges du Guil"},{"@type":"BreadcrumbList","@id":"https:\/\/www.lamaisonduguil.com\/blog\/lete-indien-dans-les-hautes-alpes-le-queyras\/#breadcrumb","itemListElement":[{"@type":"ListItem","position":1,"name":"Accueil","item":"https:\/\/www.lamaisonduguil.com\/blog\/"},{"@type":"ListItem","position":2,"name":"L&rsquo;Et\u00e9 Indien dans les Hautes Alpes, le Queyras"}]},{"@type":"WebSite","@id":"https:\/\/www.lamaisonduguil.com\/blog\/#website","url":"https:\/\/www.lamaisonduguil.com\/blog\/","name":"La Maison du Guil - Le Blog","description":"Un blog pour vous aider \u00e0 d\u00e9couvrir notre belle r\u00e9gion","publisher":{"@id":"https:\/\/www.lamaisonduguil.com\/blog\/#organization"},"potentialAction":[{"@type":"SearchAction","target":{"@type":"EntryPoint","urlTemplate":"https:\/\/www.lamaisonduguil.com\/blog\/?s={search_term_string}"},"query-input":{"@type":"PropertyValueSpecification","valueRequired":true,"valueName":"search_term_string"}}],"inLanguage":"fr-FR"},{"@type":"Organization","@id":"https:\/\/www.lamaisonduguil.com\/blog\/#organization","name":"La Maison du Guil - Le Blog","url":"https:\/\/www.lamaisonduguil.com\/blog\/","logo":{"@type":"ImageObject","inLanguage":"fr-FR","@id":"https:\/\/www.lamaisonduguil.com\/blog\/#\/schema\/logo\/image\/","url":"https:\/\/www.lamaisonduguil.com\/blog\/wp-content\/uploads\/2016\/09\/logo2.gif","contentUrl":"https:\/\/www.lamaisonduguil.com\/blog\/wp-content\/uploads\/2016\/09\/logo2.gif","width":207,"height":207,"caption":"La Maison du Guil - Le Blog"},"image":{"@id":"https:\/\/www.lamaisonduguil.com\/blog\/#\/schema\/logo\/image\/"},"sameAs":["http:\/\/www.facebook.com\/lamaisonduguil"]},{"@type":"Person","@id":"https:\/\/www.lamaisonduguil.com\/blog\/#\/schema\/person\/629208c2fb7759244c3fbe06c0bc3713","name":"Tom","image":{"@type":"ImageObject","inLanguage":"fr-FR","@id":"https:\/\/secure.gravatar.com\/avatar\/5f0fbdeab05c9050198d8e098c31cf87ec88fb8b615fd68e88c27383c80ccf81?s=96&d=mm&r=g","url":"https:\/\/secure.gravatar.com\/avatar\/5f0fbdeab05c9050198d8e098c31cf87ec88fb8b615fd68e88c27383c80ccf81?s=96&d=mm&r=g","contentUrl":"https:\/\/secure.gravatar.com\/avatar\/5f0fbdeab05c9050198d8e098c31cf87ec88fb8b615fd68e88c27383c80ccf81?s=96&d=mm&r=g","caption":"Tom"},"sameAs":["https:\/\/www.lamaisonduguil.com"]}]}},"_links":{"self":[{"href":"https:\/\/www.lamaisonduguil.com\/blog\/wp-json\/wp\/v2\/posts\/83","targetHints":{"allow":["GET"]}}],"collection":[{"href":"https:\/\/www.lamaisonduguil.com\/blog\/wp-json\/wp\/v2\/posts"}],"about":[{"href":"https:\/\/www.lamaisonduguil.com\/blog\/wp-json\/wp\/v2\/types\/post"}],"author":[{"embeddable":true,"href":"https:\/\/www.lamaisonduguil.com\/blog\/wp-json\/wp\/v2\/users\/2"}],"replies":[{"embeddable":true,"href":"https:\/\/www.lamaisonduguil.com\/blog\/wp-json\/wp\/v2\/comments?post=83"}],"version-history":[{"count":0,"href":"https:\/\/www.lamaisonduguil.com\/blog\/wp-json\/wp\/v2\/posts\/83\/revisions"}],"wp:featuredmedia":[{"embeddable":true,"href":"https:\/\/www.lamaisonduguil.com\/blog\/wp-json\/wp\/v2\/media\/86"}],"wp:attachment":[{"href":"https:\/\/www.lamaisonduguil.com\/blog\/wp-json\/wp\/v2\/media?parent=83"}],"wp:term":[{"taxonomy":"category","embeddable":true,"href":"https:\/\/www.lamaisonduguil.com\/blog\/wp-json\/wp\/v2\/categories?post=83"},{"taxonomy":"post_tag","embeddable":true,"href":"https:\/\/www.lamaisonduguil.com\/blog\/wp-json\/wp\/v2\/tags?post=83"}],"curies":[{"name":"wp","href":"https:\/\/api.w.org\/{rel}","templated":true}]}}