{"id":931,"date":"2018-06-03T21:07:30","date_gmt":"2018-06-03T19:07:30","guid":{"rendered":"http:\/\/www.lamaisonduguil.com\/blog\/?p=931"},"modified":"2019-05-29T23:36:22","modified_gmt":"2019-05-29T21:36:22","slug":"la-beaute-du-printemps","status":"publish","type":"post","link":"https:\/\/www.lamaisonduguil.com\/blog\/la-beaute-du-printemps\/","title":{"rendered":"La beaut\u00e9 du printemps"},"content":{"rendered":"\t\t<div data-elementor-type=\"wp-post\" data-elementor-id=\"931\" class=\"elementor elementor-931\">\n\t\t\t\t\t\t<section class=\"elementor-section elementor-top-section elementor-element elementor-element-d9086b7 elementor-section-boxed elementor-section-height-default elementor-section-height-default\" data-id=\"d9086b7\" data-element_type=\"section\" data-e-type=\"section\">\n\t\t\t\t\t\t<div class=\"elementor-container elementor-column-gap-default\">\n\t\t\t\t\t<div class=\"elementor-column elementor-col-100 elementor-top-column elementor-element elementor-element-bb332d0\" data-id=\"bb332d0\" data-element_type=\"column\" data-e-type=\"column\">\n\t\t\t<div class=\"elementor-widget-wrap elementor-element-populated\">\n\t\t\t\t\t\t<div class=\"elementor-element elementor-element-987393d elementor-widget elementor-widget-image\" data-id=\"987393d\" data-element_type=\"widget\" data-e-type=\"widget\" data-widget_type=\"image.default\">\n\t\t\t\t<div class=\"elementor-widget-container\">\n\t\t\t\t\t\t\t\t\t\t\t\t\t\t\t<img fetchpriority=\"high\" decoding=\"async\" width=\"1067\" height=\"800\" src=\"https:\/\/www.lamaisonduguil.com\/blog\/wp-content\/uploads\/2018\/06\/EFMFE1617.jpg\" class=\"attachment-full size-full wp-image-919\" alt=\"\" srcset=\"https:\/\/www.lamaisonduguil.com\/blog\/wp-content\/uploads\/2018\/06\/EFMFE1617.jpg 1067w, https:\/\/www.lamaisonduguil.com\/blog\/wp-content\/uploads\/2018\/06\/EFMFE1617-300x225.jpg 300w, https:\/\/www.lamaisonduguil.com\/blog\/wp-content\/uploads\/2018\/06\/EFMFE1617-768x576.jpg 768w, https:\/\/www.lamaisonduguil.com\/blog\/wp-content\/uploads\/2018\/06\/EFMFE1617-1024x768.jpg 1024w, https:\/\/www.lamaisonduguil.com\/blog\/wp-content\/uploads\/2018\/06\/EFMFE1617-830x622.jpg 830w, https:\/\/www.lamaisonduguil.com\/blog\/wp-content\/uploads\/2018\/06\/EFMFE1617-230x172.jpg 230w, https:\/\/www.lamaisonduguil.com\/blog\/wp-content\/uploads\/2018\/06\/EFMFE1617-350x262.jpg 350w, https:\/\/www.lamaisonduguil.com\/blog\/wp-content\/uploads\/2018\/06\/EFMFE1617-480x360.jpg 480w, https:\/\/www.lamaisonduguil.com\/blog\/wp-content\/uploads\/2018\/06\/EFMFE1617-250x187.jpg 250w, https:\/\/www.lamaisonduguil.com\/blog\/wp-content\/uploads\/2018\/06\/EFMFE1617-550x412.jpg 550w, https:\/\/www.lamaisonduguil.com\/blog\/wp-content\/uploads\/2018\/06\/EFMFE1617-800x600.jpg 800w, https:\/\/www.lamaisonduguil.com\/blog\/wp-content\/uploads\/2018\/06\/EFMFE1617-240x180.jpg 240w, https:\/\/www.lamaisonduguil.com\/blog\/wp-content\/uploads\/2018\/06\/EFMFE1617-400x300.jpg 400w, https:\/\/www.lamaisonduguil.com\/blog\/wp-content\/uploads\/2018\/06\/EFMFE1617-667x500.jpg 667w\" sizes=\"(max-width: 1067px) 100vw, 1067px\" \/>\t\t\t\t\t\t\t\t\t\t\t\t\t\t\t<\/div>\n\t\t\t\t<\/div>\n\t\t\t\t\t<\/div>\n\t\t<\/div>\n\t\t\t\t\t<\/div>\n\t\t<\/section>\n\t\t\t\t<section class=\"elementor-section elementor-top-section elementor-element elementor-element-16b9b9b elementor-section-boxed elementor-section-height-default elementor-section-height-default\" data-id=\"16b9b9b\" data-element_type=\"section\" data-e-type=\"section\">\n\t\t\t\t\t\t<div class=\"elementor-container elementor-column-gap-default\">\n\t\t\t\t\t<div class=\"elementor-column elementor-col-50 elementor-top-column elementor-element elementor-element-6944275\" data-id=\"6944275\" data-element_type=\"column\" data-e-type=\"column\">\n\t\t\t<div class=\"elementor-widget-wrap elementor-element-populated\">\n\t\t\t\t\t\t<div class=\"elementor-element elementor-element-e07c1f2 elementor-widget elementor-widget-image\" data-id=\"e07c1f2\" data-element_type=\"widget\" data-e-type=\"widget\" data-widget_type=\"image.default\">\n\t\t\t\t<div class=\"elementor-widget-container\">\n\t\t\t\t\t\t\t\t\t\t\t\t\t\t\t<img decoding=\"async\" width=\"1024\" height=\"768\" src=\"https:\/\/www.lamaisonduguil.com\/blog\/wp-content\/uploads\/2018\/06\/KHVWE7051-1024x768.jpg\" class=\"attachment-large size-large wp-image-922\" alt=\"\" srcset=\"https:\/\/www.lamaisonduguil.com\/blog\/wp-content\/uploads\/2018\/06\/KHVWE7051-1024x768.jpg 1024w, https:\/\/www.lamaisonduguil.com\/blog\/wp-content\/uploads\/2018\/06\/KHVWE7051-300x225.jpg 300w, https:\/\/www.lamaisonduguil.com\/blog\/wp-content\/uploads\/2018\/06\/KHVWE7051-768x576.jpg 768w, https:\/\/www.lamaisonduguil.com\/blog\/wp-content\/uploads\/2018\/06\/KHVWE7051-830x622.jpg 830w, https:\/\/www.lamaisonduguil.com\/blog\/wp-content\/uploads\/2018\/06\/KHVWE7051-230x172.jpg 230w, https:\/\/www.lamaisonduguil.com\/blog\/wp-content\/uploads\/2018\/06\/KHVWE7051-350x262.jpg 350w, https:\/\/www.lamaisonduguil.com\/blog\/wp-content\/uploads\/2018\/06\/KHVWE7051-480x360.jpg 480w, https:\/\/www.lamaisonduguil.com\/blog\/wp-content\/uploads\/2018\/06\/KHVWE7051-250x187.jpg 250w, https:\/\/www.lamaisonduguil.com\/blog\/wp-content\/uploads\/2018\/06\/KHVWE7051-550x412.jpg 550w, https:\/\/www.lamaisonduguil.com\/blog\/wp-content\/uploads\/2018\/06\/KHVWE7051-800x600.jpg 800w, https:\/\/www.lamaisonduguil.com\/blog\/wp-content\/uploads\/2018\/06\/KHVWE7051-240x180.jpg 240w, https:\/\/www.lamaisonduguil.com\/blog\/wp-content\/uploads\/2018\/06\/KHVWE7051-400x300.jpg 400w, https:\/\/www.lamaisonduguil.com\/blog\/wp-content\/uploads\/2018\/06\/KHVWE7051-667x500.jpg 667w, https:\/\/www.lamaisonduguil.com\/blog\/wp-content\/uploads\/2018\/06\/KHVWE7051.jpg 1067w\" sizes=\"(max-width: 1024px) 100vw, 1024px\" \/>\t\t\t\t\t\t\t\t\t\t\t\t\t\t\t<\/div>\n\t\t\t\t<\/div>\n\t\t\t\t\t<\/div>\n\t\t<\/div>\n\t\t\t\t<div class=\"elementor-column elementor-col-50 elementor-top-column elementor-element elementor-element-3e4a02d\" data-id=\"3e4a02d\" data-element_type=\"column\" data-e-type=\"column\">\n\t\t\t<div class=\"elementor-widget-wrap elementor-element-populated\">\n\t\t\t\t\t\t<div class=\"elementor-element elementor-element-fa60d28 elementor-widget elementor-widget-text-editor\" data-id=\"fa60d28\" data-element_type=\"widget\" data-e-type=\"widget\" data-widget_type=\"text-editor.default\">\n\t\t\t\t<div class=\"elementor-widget-container\">\n\t\t\t\t\t\t\t\t\t<p>Le printemps en 2018 a \u00e9t\u00e9 plut\u00f4t humide dans les Hautes Alpes, plus humide, plus pluvieux que ces derni\u00e8res ann\u00e9es.\u00a0<\/p><p>Beaucoup de pr\u00e9cipitations, et \u00e7a apr\u00e8s un hiver qui a \u00e9t\u00e9 marqu\u00e9 par beaucoup de (grosses) chutes de neige.\u00a0 En m\u00eame temps, nous avons eu de la chance, la plus grande partie de ces pr\u00e9cipitations sont tomb\u00e9 les soirs, apr\u00e8s des journ\u00e9es bien agr\u00e9ables.\u00a0<\/p><p>Dans les Hautes Alpes, la r\u00e9alit\u00e9 est toujours nettement mieux que les pr\u00e9visions m\u00e9t\u00e9o.\u00a0<\/p>\t\t\t\t\t\t\t\t<\/div>\n\t\t\t\t<\/div>\n\t\t\t\t\t<\/div>\n\t\t<\/div>\n\t\t\t\t\t<\/div>\n\t\t<\/section>\n\t\t\t\t<section class=\"elementor-section elementor-top-section elementor-element elementor-element-df409a7 elementor-section-boxed elementor-section-height-default elementor-section-height-default\" data-id=\"df409a7\" data-element_type=\"section\" data-e-type=\"section\">\n\t\t\t\t\t\t<div class=\"elementor-container elementor-column-gap-default\">\n\t\t\t\t\t<div class=\"elementor-column elementor-col-100 elementor-top-column elementor-element elementor-element-1c79f3e\" data-id=\"1c79f3e\" data-element_type=\"column\" data-e-type=\"column\">\n\t\t\t<div class=\"elementor-widget-wrap elementor-element-populated\">\n\t\t\t\t\t\t<div class=\"elementor-element elementor-element-2ef7a91 elementor-widget elementor-widget-text-editor\" data-id=\"2ef7a91\" data-element_type=\"widget\" data-e-type=\"widget\" data-widget_type=\"text-editor.default\">\n\t\t\t\t<div class=\"elementor-widget-container\">\n\t\t\t\t\t\t\t\t\t<p>Avec la <strong>mont\u00e9e des temp\u00e9ratures en Mai<\/strong>, et la neige qui commenc\u00e9 \u00e0 fondre tr\u00e8s vite, nos rivi\u00e8res, le Guil aussi bien que la Durance, sont devenues assez turbulents, avec un d\u00e9bit d\u2019eau bien impressionnant.\u00a0<\/p><p>Le lac de Serre Pon\u00e7on qui avait \u00e9t\u00e9 vid\u00e9 jusqu\u2019\u00e0 un niveau tr\u00e8s bas, historiquement bas il para\u00eet, se rempli \u00e0 une vitesse tr\u00e8s \u00e9lev\u00e9e.\u00a0 Il sera bien rempli avant le d\u00e9but de la saison estivale.\u00a0<\/p><p>Et heureusement, parce que le lac de Serre Pon\u00e7on est quand m\u00eame plus joli quand il est rempli de son eau bleu turquoise.\u00a0<\/p>\t\t\t\t\t\t\t\t<\/div>\n\t\t\t\t<\/div>\n\t\t\t\t\t<\/div>\n\t\t<\/div>\n\t\t\t\t\t<\/div>\n\t\t<\/section>\n\t\t\t\t<section class=\"elementor-section elementor-top-section elementor-element elementor-element-4646592 elementor-section-boxed elementor-section-height-default elementor-section-height-default\" data-id=\"4646592\" data-element_type=\"section\" data-e-type=\"section\">\n\t\t\t\t\t\t<div class=\"elementor-container elementor-column-gap-default\">\n\t\t\t\t\t<div class=\"elementor-column elementor-col-33 elementor-top-column elementor-element elementor-element-66c0325\" data-id=\"66c0325\" data-element_type=\"column\" data-e-type=\"column\">\n\t\t\t<div class=\"elementor-widget-wrap elementor-element-populated\">\n\t\t\t\t\t\t<div class=\"elementor-element elementor-element-dcfb5ca elementor-widget elementor-widget-image\" data-id=\"dcfb5ca\" data-element_type=\"widget\" data-e-type=\"widget\" data-widget_type=\"image.default\">\n\t\t\t\t<div class=\"elementor-widget-container\">\n\t\t\t\t\t\t\t\t\t\t\t\t\t\t\t<img decoding=\"async\" width=\"768\" height=\"1024\" src=\"https:\/\/www.lamaisonduguil.com\/blog\/wp-content\/uploads\/2018\/06\/XNETE6379-768x1024.jpg\" class=\"attachment-large size-large wp-image-928\" alt=\"\" srcset=\"https:\/\/www.lamaisonduguil.com\/blog\/wp-content\/uploads\/2018\/06\/XNETE6379-768x1024.jpg 768w, https:\/\/www.lamaisonduguil.com\/blog\/wp-content\/uploads\/2018\/06\/XNETE6379-225x300.jpg 225w, https:\/\/www.lamaisonduguil.com\/blog\/wp-content\/uploads\/2018\/06\/XNETE6379-230x307.jpg 230w, https:\/\/www.lamaisonduguil.com\/blog\/wp-content\/uploads\/2018\/06\/XNETE6379-350x467.jpg 350w, https:\/\/www.lamaisonduguil.com\/blog\/wp-content\/uploads\/2018\/06\/XNETE6379-480x640.jpg 480w, https:\/\/www.lamaisonduguil.com\/blog\/wp-content\/uploads\/2018\/06\/XNETE6379-250x333.jpg 250w, https:\/\/www.lamaisonduguil.com\/blog\/wp-content\/uploads\/2018\/06\/XNETE6379-550x734.jpg 550w, https:\/\/www.lamaisonduguil.com\/blog\/wp-content\/uploads\/2018\/06\/XNETE6379.jpg 800w, https:\/\/www.lamaisonduguil.com\/blog\/wp-content\/uploads\/2018\/06\/XNETE6379-135x180.jpg 135w, https:\/\/www.lamaisonduguil.com\/blog\/wp-content\/uploads\/2018\/06\/XNETE6379-375x500.jpg 375w\" sizes=\"(max-width: 768px) 100vw, 768px\" \/>\t\t\t\t\t\t\t\t\t\t\t\t\t\t\t<\/div>\n\t\t\t\t<\/div>\n\t\t\t\t\t<\/div>\n\t\t<\/div>\n\t\t\t\t<div class=\"elementor-column elementor-col-33 elementor-top-column elementor-element elementor-element-e11a783\" data-id=\"e11a783\" data-element_type=\"column\" data-e-type=\"column\">\n\t\t\t<div class=\"elementor-widget-wrap elementor-element-populated\">\n\t\t\t\t\t\t<div class=\"elementor-element elementor-element-a7d6d9a elementor-widget elementor-widget-image\" data-id=\"a7d6d9a\" data-element_type=\"widget\" data-e-type=\"widget\" data-widget_type=\"image.default\">\n\t\t\t\t<div class=\"elementor-widget-container\">\n\t\t\t\t\t\t\t\t\t\t\t\t\t\t\t<img loading=\"lazy\" decoding=\"async\" width=\"768\" height=\"1024\" src=\"https:\/\/www.lamaisonduguil.com\/blog\/wp-content\/uploads\/2018\/06\/XKJO9738-768x1024.jpg\" class=\"attachment-large size-large wp-image-927\" alt=\"\" srcset=\"https:\/\/www.lamaisonduguil.com\/blog\/wp-content\/uploads\/2018\/06\/XKJO9738-768x1024.jpg 768w, https:\/\/www.lamaisonduguil.com\/blog\/wp-content\/uploads\/2018\/06\/XKJO9738-225x300.jpg 225w, https:\/\/www.lamaisonduguil.com\/blog\/wp-content\/uploads\/2018\/06\/XKJO9738-230x307.jpg 230w, https:\/\/www.lamaisonduguil.com\/blog\/wp-content\/uploads\/2018\/06\/XKJO9738-350x467.jpg 350w, https:\/\/www.lamaisonduguil.com\/blog\/wp-content\/uploads\/2018\/06\/XKJO9738-480x640.jpg 480w, https:\/\/www.lamaisonduguil.com\/blog\/wp-content\/uploads\/2018\/06\/XKJO9738-250x333.jpg 250w, https:\/\/www.lamaisonduguil.com\/blog\/wp-content\/uploads\/2018\/06\/XKJO9738-550x734.jpg 550w, https:\/\/www.lamaisonduguil.com\/blog\/wp-content\/uploads\/2018\/06\/XKJO9738.jpg 800w, https:\/\/www.lamaisonduguil.com\/blog\/wp-content\/uploads\/2018\/06\/XKJO9738-135x180.jpg 135w, https:\/\/www.lamaisonduguil.com\/blog\/wp-content\/uploads\/2018\/06\/XKJO9738-375x500.jpg 375w\" sizes=\"(max-width: 768px) 100vw, 768px\" \/>\t\t\t\t\t\t\t\t\t\t\t\t\t\t\t<\/div>\n\t\t\t\t<\/div>\n\t\t\t\t\t<\/div>\n\t\t<\/div>\n\t\t\t\t<div class=\"elementor-column elementor-col-33 elementor-top-column elementor-element elementor-element-4c6af23\" data-id=\"4c6af23\" data-element_type=\"column\" data-e-type=\"column\">\n\t\t\t<div class=\"elementor-widget-wrap elementor-element-populated\">\n\t\t\t\t\t\t<div class=\"elementor-element elementor-element-a66ad22 elementor-widget elementor-widget-image\" data-id=\"a66ad22\" data-element_type=\"widget\" data-e-type=\"widget\" data-widget_type=\"image.default\">\n\t\t\t\t<div class=\"elementor-widget-container\">\n\t\t\t\t\t\t\t\t\t\t\t\t\t\t\t<img loading=\"lazy\" decoding=\"async\" width=\"768\" height=\"1024\" src=\"https:\/\/www.lamaisonduguil.com\/blog\/wp-content\/uploads\/2018\/06\/TCUAE1775-768x1024.jpg\" class=\"attachment-large size-large wp-image-925\" alt=\"\" srcset=\"https:\/\/www.lamaisonduguil.com\/blog\/wp-content\/uploads\/2018\/06\/TCUAE1775-768x1024.jpg 768w, https:\/\/www.lamaisonduguil.com\/blog\/wp-content\/uploads\/2018\/06\/TCUAE1775-225x300.jpg 225w, https:\/\/www.lamaisonduguil.com\/blog\/wp-content\/uploads\/2018\/06\/TCUAE1775-230x307.jpg 230w, https:\/\/www.lamaisonduguil.com\/blog\/wp-content\/uploads\/2018\/06\/TCUAE1775-350x467.jpg 350w, https:\/\/www.lamaisonduguil.com\/blog\/wp-content\/uploads\/2018\/06\/TCUAE1775-480x640.jpg 480w, https:\/\/www.lamaisonduguil.com\/blog\/wp-content\/uploads\/2018\/06\/TCUAE1775-250x333.jpg 250w, https:\/\/www.lamaisonduguil.com\/blog\/wp-content\/uploads\/2018\/06\/TCUAE1775-550x734.jpg 550w, https:\/\/www.lamaisonduguil.com\/blog\/wp-content\/uploads\/2018\/06\/TCUAE1775.jpg 800w, https:\/\/www.lamaisonduguil.com\/blog\/wp-content\/uploads\/2018\/06\/TCUAE1775-135x180.jpg 135w, https:\/\/www.lamaisonduguil.com\/blog\/wp-content\/uploads\/2018\/06\/TCUAE1775-375x500.jpg 375w\" sizes=\"(max-width: 768px) 100vw, 768px\" \/>\t\t\t\t\t\t\t\t\t\t\t\t\t\t\t<\/div>\n\t\t\t\t<\/div>\n\t\t\t\t\t<\/div>\n\t\t<\/div>\n\t\t\t\t\t<\/div>\n\t\t<\/section>\n\t\t\t\t<section class=\"elementor-section elementor-top-section elementor-element elementor-element-47c74e4 elementor-section-boxed elementor-section-height-default elementor-section-height-default\" data-id=\"47c74e4\" data-element_type=\"section\" data-e-type=\"section\">\n\t\t\t\t\t\t<div class=\"elementor-container elementor-column-gap-default\">\n\t\t\t\t\t<div class=\"elementor-column elementor-col-66 elementor-top-column elementor-element elementor-element-3b5d3c3\" data-id=\"3b5d3c3\" data-element_type=\"column\" data-e-type=\"column\">\n\t\t\t<div class=\"elementor-widget-wrap elementor-element-populated\">\n\t\t\t\t\t\t<div class=\"elementor-element elementor-element-30eb49c elementor-widget elementor-widget-text-editor\" data-id=\"30eb49c\" data-element_type=\"widget\" data-e-type=\"widget\" data-widget_type=\"text-editor.default\">\n\t\t\t\t<div class=\"elementor-widget-container\">\n\t\t\t\t\t\t\t\t\t<h2>La nature revit<\/h2><p>Cette abondance en eau est \u00e9galement visible dans la nature autour de nous, la v\u00e9g\u00e9tation est bien plus verdoyante que les ann\u00e9es pr\u00e9c\u00e9dentes.\u00a0<br \/>Tout cela nous offre un printemps encore plus joli, encore plus beau que d\u2019habitude.\u00a0<\/p><p>Des <strong>paysages \u00e0 couper le souffle<\/strong>, des arbres qui revivent apr\u00e8s une ann\u00e9e plut\u00f4t s\u00e8che, beaucoup de fleurs de printemps, et des fruitiers charg\u00e9s de fruits\u00a0:\u00a0 les cerisiers, les merisiers, les noyers qui commencent \u00e0 montrer les premi\u00e8res noix, les cognassiers, \u2026 \u00a0Les abeilles ont bien fait leur boulot. \u00a0<\/p><p>M\u00eame le <strong>chant des oiseaux<\/strong> semble plus anim\u00e9, plus fort, ils se r\u00e9jouissent dans cette nature plus vivante que normal.\u00a0<\/p>\t\t\t\t\t\t\t\t<\/div>\n\t\t\t\t<\/div>\n\t\t\t\t\t<\/div>\n\t\t<\/div>\n\t\t\t\t<div class=\"elementor-column elementor-col-33 elementor-top-column elementor-element elementor-element-bb30c19\" data-id=\"bb30c19\" data-element_type=\"column\" data-e-type=\"column\">\n\t\t\t<div class=\"elementor-widget-wrap elementor-element-populated\">\n\t\t\t\t\t\t<div class=\"elementor-element elementor-element-7feebdf elementor-widget elementor-widget-image\" data-id=\"7feebdf\" data-element_type=\"widget\" data-e-type=\"widget\" data-widget_type=\"image.default\">\n\t\t\t\t<div class=\"elementor-widget-container\">\n\t\t\t\t\t\t\t\t\t\t\t\t\t\t\t<img loading=\"lazy\" decoding=\"async\" width=\"800\" height=\"1000\" src=\"https:\/\/www.lamaisonduguil.com\/blog\/wp-content\/uploads\/2018\/06\/IMG_8121-1.jpg\" class=\"attachment-large size-large wp-image-930\" alt=\"\" srcset=\"https:\/\/www.lamaisonduguil.com\/blog\/wp-content\/uploads\/2018\/06\/IMG_8121-1.jpg 800w, https:\/\/www.lamaisonduguil.com\/blog\/wp-content\/uploads\/2018\/06\/IMG_8121-1-240x300.jpg 240w, https:\/\/www.lamaisonduguil.com\/blog\/wp-content\/uploads\/2018\/06\/IMG_8121-1-768x960.jpg 768w, https:\/\/www.lamaisonduguil.com\/blog\/wp-content\/uploads\/2018\/06\/IMG_8121-1-230x288.jpg 230w, https:\/\/www.lamaisonduguil.com\/blog\/wp-content\/uploads\/2018\/06\/IMG_8121-1-350x438.jpg 350w, https:\/\/www.lamaisonduguil.com\/blog\/wp-content\/uploads\/2018\/06\/IMG_8121-1-480x600.jpg 480w, https:\/\/www.lamaisonduguil.com\/blog\/wp-content\/uploads\/2018\/06\/IMG_8121-1-250x313.jpg 250w, https:\/\/www.lamaisonduguil.com\/blog\/wp-content\/uploads\/2018\/06\/IMG_8121-1-550x688.jpg 550w, https:\/\/www.lamaisonduguil.com\/blog\/wp-content\/uploads\/2018\/06\/IMG_8121-1-144x180.jpg 144w, https:\/\/www.lamaisonduguil.com\/blog\/wp-content\/uploads\/2018\/06\/IMG_8121-1-400x500.jpg 400w\" sizes=\"(max-width: 800px) 100vw, 800px\" \/>\t\t\t\t\t\t\t\t\t\t\t\t\t\t\t<\/div>\n\t\t\t\t<\/div>\n\t\t\t\t\t<\/div>\n\t\t<\/div>\n\t\t\t\t\t<\/div>\n\t\t<\/section>\n\t\t\t\t<section class=\"elementor-section elementor-top-section elementor-element elementor-element-8ce598b elementor-section-boxed elementor-section-height-default elementor-section-height-default\" data-id=\"8ce598b\" data-element_type=\"section\" data-e-type=\"section\">\n\t\t\t\t\t\t<div class=\"elementor-container elementor-column-gap-default\">\n\t\t\t\t\t<div class=\"elementor-column elementor-col-100 elementor-top-column elementor-element elementor-element-c37057b\" data-id=\"c37057b\" data-element_type=\"column\" data-e-type=\"column\">\n\t\t\t<div class=\"elementor-widget-wrap elementor-element-populated\">\n\t\t\t\t\t\t<div class=\"elementor-element elementor-element-a94861d elementor-widget elementor-widget-text-editor\" data-id=\"a94861d\" data-element_type=\"widget\" data-e-type=\"widget\" data-widget_type=\"text-editor.default\">\n\t\t\t\t<div class=\"elementor-widget-container\">\n\t\t\t\t\t\t\t\t\t<h2>La beaut\u00e9 du printemps en images<\/h2><p>Comme d\u2019habitude, nous vous avons s\u00e9lectionn\u00e9 quelques photos pour cet article, afin de partager la beaut\u00e9 du printemps Haut Alpin avec vous.\u00a0<\/p><p>Bien \u00e9videmment, voici quelques photos de ces jolies <strong>fleurs de nos montagnes<\/strong>, quelques photos des fleurs du cerisier dans notre jardin, et quelques photos de ces <strong>beaux paysages autour de la Maison du Guil<\/strong>.\u00a0 Bonne d\u00e9couverte\u00a0!<\/p><p>Et voici d&rsquo;autres <a href=\"https:\/\/www.lamaisonduguil.com\/blog\/les-fleurs-de-printemps\/\">images de fleurs de printemps<\/a>. \u00a0<\/p><p>La beaut\u00e9 du printemps, \u00e0 chaque ann\u00e9e c&rsquo;est diff\u00e9rent, parfois plus vite, parfois un peu plus tard. \u00a0Encore un exemple d&rsquo;<a href=\"https:\/\/www.lamaisonduguil.com\/blog\/printemps-hautes-alpes-images\/\">un printemps des Hautes Alpes<\/a> en images.\u00a0<\/p><p>Et au printemps, les troupeaux de <a href=\"https:\/\/www.lamaisonduguil.com\/blog\/rencontre-surprise-de-printemps\/\">mouflons<\/a> et chevreuils viennent chercher l&rsquo;herbe pr\u00e8s de la Font d&rsquo;Eygliers. \u00a0Cela donne parfois des rencontres surprises&#8230;<\/p><p>Rien de plus agr\u00e9able pour d\u00e9couvrir la beaut\u00e9 des paysages du printemps dans les Hautes Alpes que de faire un petit circuit en moto, ou en d\u00e9capotable. \u00a0Nous l&rsquo;avons fait en Vespa, et nous vous partageons les images sur l&rsquo;article des <a href=\"https:\/\/www.lamaisonduguil.com\/blog\/printemps-moment-ideal-circuits-hautes-alpes\/\">Hautes Alpes en Vespa<\/a>. \u00a0<\/p>\t\t\t\t\t\t\t\t<\/div>\n\t\t\t\t<\/div>\n\t\t\t\t\t<\/div>\n\t\t<\/div>\n\t\t\t\t\t<\/div>\n\t\t<\/section>\n\t\t\t\t<section class=\"elementor-section elementor-top-section elementor-element elementor-element-8958c3d elementor-section-boxed elementor-section-height-default elementor-section-height-default\" data-id=\"8958c3d\" data-element_type=\"section\" data-e-type=\"section\">\n\t\t\t\t\t\t<div class=\"elementor-container elementor-column-gap-default\">\n\t\t\t\t\t<div class=\"elementor-column elementor-col-100 elementor-top-column elementor-element elementor-element-e10e62f\" data-id=\"e10e62f\" data-element_type=\"column\" data-e-type=\"column\">\n\t\t\t<div class=\"elementor-widget-wrap elementor-element-populated\">\n\t\t\t\t\t\t<div class=\"elementor-element elementor-element-40377b0 elementor-widget elementor-widget-text-editor\" data-id=\"40377b0\" data-element_type=\"widget\" data-e-type=\"widget\" data-widget_type=\"text-editor.default\">\n\t\t\t\t<div class=\"elementor-widget-container\">\n\t\t\t\t\t\t\t\t\t<p>Et finalement une vue sur le lac de Serre Pon\u00e7on, photo prise l&rsquo;ann\u00e9e derni\u00e8re. \u00a0Bient\u00f4t le lac sera rempli et de retour en toute sa beaut\u00e9 !<\/p><p>Plus d&rsquo;images des lacs et rivi\u00e8res dans notre belle r\u00e9gion sur l&rsquo;article du <a href=\"https:\/\/www.lamaisonduguil.com\/blog\/le-pays-du-guil\/\">Pays du Guil<\/a><br \/><br \/><\/p>\t\t\t\t\t\t\t\t<\/div>\n\t\t\t\t<\/div>\n\t\t\t\t\t<\/div>\n\t\t<\/div>\n\t\t\t\t\t<\/div>\n\t\t<\/section>\n\t\t\t\t<section class=\"elementor-section elementor-top-section elementor-element elementor-element-eb646ed elementor-section-boxed elementor-section-height-default elementor-section-height-default\" data-id=\"eb646ed\" data-element_type=\"section\" data-e-type=\"section\">\n\t\t\t\t\t\t<div class=\"elementor-container elementor-column-gap-default\">\n\t\t\t\t\t<div class=\"elementor-column elementor-col-100 elementor-top-column elementor-element elementor-element-a5b7678\" data-id=\"a5b7678\" data-element_type=\"column\" data-e-type=\"column\">\n\t\t\t<div class=\"elementor-widget-wrap elementor-element-populated\">\n\t\t\t\t\t\t<div class=\"elementor-element elementor-element-01a9d1b elementor-widget elementor-widget-image\" data-id=\"01a9d1b\" data-element_type=\"widget\" data-e-type=\"widget\" data-widget_type=\"image.default\">\n\t\t\t\t<div class=\"elementor-widget-container\">\n\t\t\t\t\t\t\t\t\t\t\t\t\t\t\t<img loading=\"lazy\" decoding=\"async\" width=\"1800\" height=\"1350\" src=\"https:\/\/www.lamaisonduguil.com\/blog\/wp-content\/uploads\/2017\/07\/IMG_5604_W-e1518563497429.jpg\" class=\"attachment-full size-full wp-image-663\" alt=\"Le Lac de Serre Pon\u00e7on\" \/>\t\t\t\t\t\t\t\t\t\t\t\t\t\t\t<\/div>\n\t\t\t\t<\/div>\n\t\t\t\t\t<\/div>\n\t\t<\/div>\n\t\t\t\t\t<\/div>\n\t\t<\/section>\n\t\t\t\t<\/div>\n\t\t","protected":false},"excerpt":{"rendered":"<p>Le printemps en 2018 a \u00e9t\u00e9 plut\u00f4t humide dans les Hautes Alpes, plus humide, plus pluvieux que ces derni\u00e8res ann\u00e9es.\u00a0 Beaucoup de pr\u00e9cipitations, et \u00e7a apr\u00e8s un hiver qui a \u00e9t\u00e9 marqu\u00e9 par beaucoup de (grosses) chutes de neige.\u00a0 En m\u00eame temps, nous avons eu de la chance, la plus grande partie de ces pr\u00e9cipitations [&hellip;]<\/p>\n","protected":false},"author":2,"featured_media":0,"comment_status":"open","ping_status":"open","sticky":false,"template":"","format":"standard","meta":{"site-sidebar-layout":"default","site-content-layout":"default","ast-site-content-layout":"default","site-content-style":"default","site-sidebar-style":"default","ast-global-header-display":"","ast-banner-title-visibility":"","ast-main-header-display":"","ast-hfb-above-header-display":"","ast-hfb-below-header-display":"","ast-hfb-mobile-header-display":"","site-post-title":"","ast-breadcrumbs-content":"","ast-featured-img":"","footer-sml-layout":"","theme-transparent-header-meta":"default","adv-header-id-meta":"","stick-header-meta":"","header-above-stick-meta":"","header-main-stick-meta":"","header-below-stick-meta":"","astra-migrate-meta-layouts":"default","ast-page-background-enabled":"default","ast-page-background-meta":{"desktop":{"background-color":"","background-image":"","background-repeat":"repeat","background-position":"center center","background-size":"auto","background-attachment":"scroll","background-type":"","background-media":"","overlay-type":"","overlay-color":"","overlay-opacity":"","overlay-gradient":""},"tablet":{"background-color":"","background-image":"","background-repeat":"repeat","background-position":"center center","background-size":"auto","background-attachment":"scroll","background-type":"","background-media":"","overlay-type":"","overlay-color":"","overlay-opacity":"","overlay-gradient":""},"mobile":{"background-color":"","background-image":"","background-repeat":"repeat","background-position":"center center","background-size":"auto","background-attachment":"scroll","background-type":"","background-media":"","overlay-type":"","overlay-color":"","overlay-opacity":"","overlay-gradient":""}},"ast-content-background-meta":{"desktop":{"background-color":"var(--ast-global-color-5)","background-image":"","background-repeat":"repeat","background-position":"center center","background-size":"auto","background-attachment":"scroll","background-type":"","background-media":"","overlay-type":"","overlay-color":"","overlay-opacity":"","overlay-gradient":""},"tablet":{"background-color":"var(--ast-global-color-5)","background-image":"","background-repeat":"repeat","background-position":"center center","background-size":"auto","background-attachment":"scroll","background-type":"","background-media":"","overlay-type":"","overlay-color":"","overlay-opacity":"","overlay-gradient":""},"mobile":{"background-color":"var(--ast-global-color-5)","background-image":"","background-repeat":"repeat","background-position":"center center","background-size":"auto","background-attachment":"scroll","background-type":"","background-media":"","overlay-type":"","overlay-color":"","overlay-opacity":"","overlay-gradient":""}},"ngg_post_thumbnail":0,"footnotes":""},"categories":[53,55,43,52,54,38],"tags":[45,56,3,40],"class_list":["post-931","post","type-post","status-publish","format-standard","hentry","category-alpes","category-francais","category-guillestrois","category-hautes-alpes","category-montagne","category-printemps","tag-fleurs","tag-francais","tag-hautesalpes","tag-printemps"],"yoast_head":"<!-- This site is optimized with the Yoast SEO plugin v27.5 - https:\/\/yoast.com\/product\/yoast-seo-wordpress\/ -->\n<title>La beaut\u00e9 du printemps - La Maison du Guil - Le Blog - Hautes Alpes<\/title>\n<meta name=\"description\" content=\"Le printemps dans le Pays du Guil en images, les fleurs, les paysages des Hautes Alpes qui revivent apr\u00e8s l&#039;hiver\" \/>\n<meta name=\"robots\" content=\"index, follow, max-snippet:-1, max-image-preview:large, max-video-preview:-1\" \/>\n<link rel=\"canonical\" href=\"https:\/\/www.lamaisonduguil.com\/blog\/la-beaute-du-printemps\/\" \/>\n<meta property=\"og:locale\" content=\"fr_FR\" \/>\n<meta property=\"og:type\" content=\"article\" \/>\n<meta property=\"og:title\" content=\"La beaut\u00e9 du printemps - La Maison du Guil - Le Blog - Hautes Alpes\" \/>\n<meta property=\"og:description\" content=\"Le printemps dans le Pays du Guil en images, les fleurs, les paysages des Hautes Alpes qui revivent apr\u00e8s l&#039;hiver\" \/>\n<meta property=\"og:url\" content=\"https:\/\/www.lamaisonduguil.com\/blog\/la-beaute-du-printemps\/\" \/>\n<meta property=\"og:site_name\" content=\"La Maison du Guil - Le Blog\" \/>\n<meta property=\"article:publisher\" content=\"http:\/\/www.facebook.com\/lamaisonduguil\" \/>\n<meta property=\"article:published_time\" content=\"2018-06-03T19:07:30+00:00\" \/>\n<meta property=\"article:modified_time\" content=\"2019-05-29T21:36:22+00:00\" \/>\n<meta property=\"og:image\" content=\"https:\/\/www.lamaisonduguil.com\/blog\/wp-content\/uploads\/2018\/06\/EFMFE1617.jpg\" \/>\n<meta name=\"author\" content=\"Tom\" \/>\n<meta name=\"twitter:card\" content=\"summary_large_image\" \/>\n<meta name=\"twitter:label1\" content=\"\u00c9crit par\" \/>\n\t<meta name=\"twitter:data1\" content=\"Tom\" \/>\n\t<meta name=\"twitter:label2\" content=\"Dur\u00e9e de lecture estim\u00e9e\" \/>\n\t<meta name=\"twitter:data2\" content=\"3 minutes\" \/>\n<script type=\"application\/ld+json\" class=\"yoast-schema-graph\">{\"@context\":\"https:\\\/\\\/schema.org\",\"@graph\":[{\"@type\":\"Article\",\"@id\":\"https:\\\/\\\/www.lamaisonduguil.com\\\/blog\\\/la-beaute-du-printemps\\\/#article\",\"isPartOf\":{\"@id\":\"https:\\\/\\\/www.lamaisonduguil.com\\\/blog\\\/la-beaute-du-printemps\\\/\"},\"author\":{\"name\":\"Tom\",\"@id\":\"https:\\\/\\\/www.lamaisonduguil.com\\\/blog\\\/#\\\/schema\\\/person\\\/629208c2fb7759244c3fbe06c0bc3713\"},\"headline\":\"La beaut\u00e9 du printemps\",\"datePublished\":\"2018-06-03T19:07:30+00:00\",\"dateModified\":\"2019-05-29T21:36:22+00:00\",\"mainEntityOfPage\":{\"@id\":\"https:\\\/\\\/www.lamaisonduguil.com\\\/blog\\\/la-beaute-du-printemps\\\/\"},\"wordCount\":544,\"commentCount\":0,\"publisher\":{\"@id\":\"https:\\\/\\\/www.lamaisonduguil.com\\\/blog\\\/#organization\"},\"image\":{\"@id\":\"https:\\\/\\\/www.lamaisonduguil.com\\\/blog\\\/la-beaute-du-printemps\\\/#primaryimage\"},\"thumbnailUrl\":\"https:\\\/\\\/www.lamaisonduguil.com\\\/blog\\\/wp-content\\\/uploads\\\/2018\\\/06\\\/EFMFE1617.jpg\",\"keywords\":[\"Fleurs\",\"Fran\u00e7ais\",\"Hautes Alpes\",\"Printemps\"],\"articleSection\":[\"Alpes\",\"Fran\u00e7ais\",\"Guillestrois\",\"Hautes Alpes\",\"Montagne\",\"Printemps\"],\"inLanguage\":\"fr-FR\",\"potentialAction\":[{\"@type\":\"CommentAction\",\"name\":\"Comment\",\"target\":[\"https:\\\/\\\/www.lamaisonduguil.com\\\/blog\\\/la-beaute-du-printemps\\\/#respond\"]}]},{\"@type\":\"WebPage\",\"@id\":\"https:\\\/\\\/www.lamaisonduguil.com\\\/blog\\\/la-beaute-du-printemps\\\/\",\"url\":\"https:\\\/\\\/www.lamaisonduguil.com\\\/blog\\\/la-beaute-du-printemps\\\/\",\"name\":\"La beaut\u00e9 du printemps - La Maison du Guil - Le Blog - Hautes Alpes\",\"isPartOf\":{\"@id\":\"https:\\\/\\\/www.lamaisonduguil.com\\\/blog\\\/#website\"},\"primaryImageOfPage\":{\"@id\":\"https:\\\/\\\/www.lamaisonduguil.com\\\/blog\\\/la-beaute-du-printemps\\\/#primaryimage\"},\"image\":{\"@id\":\"https:\\\/\\\/www.lamaisonduguil.com\\\/blog\\\/la-beaute-du-printemps\\\/#primaryimage\"},\"thumbnailUrl\":\"https:\\\/\\\/www.lamaisonduguil.com\\\/blog\\\/wp-content\\\/uploads\\\/2018\\\/06\\\/EFMFE1617.jpg\",\"datePublished\":\"2018-06-03T19:07:30+00:00\",\"dateModified\":\"2019-05-29T21:36:22+00:00\",\"description\":\"Le printemps dans le Pays du Guil en images, les fleurs, les paysages des Hautes Alpes qui revivent apr\u00e8s l'hiver\",\"breadcrumb\":{\"@id\":\"https:\\\/\\\/www.lamaisonduguil.com\\\/blog\\\/la-beaute-du-printemps\\\/#breadcrumb\"},\"inLanguage\":\"fr-FR\",\"potentialAction\":[{\"@type\":\"ReadAction\",\"target\":[\"https:\\\/\\\/www.lamaisonduguil.com\\\/blog\\\/la-beaute-du-printemps\\\/\"]}]},{\"@type\":\"ImageObject\",\"inLanguage\":\"fr-FR\",\"@id\":\"https:\\\/\\\/www.lamaisonduguil.com\\\/blog\\\/la-beaute-du-printemps\\\/#primaryimage\",\"url\":\"https:\\\/\\\/www.lamaisonduguil.com\\\/blog\\\/wp-content\\\/uploads\\\/2018\\\/06\\\/EFMFE1617.jpg\",\"contentUrl\":\"https:\\\/\\\/www.lamaisonduguil.com\\\/blog\\\/wp-content\\\/uploads\\\/2018\\\/06\\\/EFMFE1617.jpg\",\"width\":1067,\"height\":800,\"caption\":\"Vue sur la Font d'Eygliers, et les fleurs de l'amandier\"},{\"@type\":\"BreadcrumbList\",\"@id\":\"https:\\\/\\\/www.lamaisonduguil.com\\\/blog\\\/la-beaute-du-printemps\\\/#breadcrumb\",\"itemListElement\":[{\"@type\":\"ListItem\",\"position\":1,\"name\":\"Accueil\",\"item\":\"https:\\\/\\\/www.lamaisonduguil.com\\\/blog\\\/\"},{\"@type\":\"ListItem\",\"position\":2,\"name\":\"La beaut\u00e9 du printemps\"}]},{\"@type\":\"WebSite\",\"@id\":\"https:\\\/\\\/www.lamaisonduguil.com\\\/blog\\\/#website\",\"url\":\"https:\\\/\\\/www.lamaisonduguil.com\\\/blog\\\/\",\"name\":\"La Maison du Guil - Le Blog\",\"description\":\"Un blog pour vous aider \u00e0 d\u00e9couvrir notre belle r\u00e9gion\",\"publisher\":{\"@id\":\"https:\\\/\\\/www.lamaisonduguil.com\\\/blog\\\/#organization\"},\"potentialAction\":[{\"@type\":\"SearchAction\",\"target\":{\"@type\":\"EntryPoint\",\"urlTemplate\":\"https:\\\/\\\/www.lamaisonduguil.com\\\/blog\\\/?s={search_term_string}\"},\"query-input\":{\"@type\":\"PropertyValueSpecification\",\"valueRequired\":true,\"valueName\":\"search_term_string\"}}],\"inLanguage\":\"fr-FR\"},{\"@type\":\"Organization\",\"@id\":\"https:\\\/\\\/www.lamaisonduguil.com\\\/blog\\\/#organization\",\"name\":\"La Maison du Guil - Le Blog\",\"url\":\"https:\\\/\\\/www.lamaisonduguil.com\\\/blog\\\/\",\"logo\":{\"@type\":\"ImageObject\",\"inLanguage\":\"fr-FR\",\"@id\":\"https:\\\/\\\/www.lamaisonduguil.com\\\/blog\\\/#\\\/schema\\\/logo\\\/image\\\/\",\"url\":\"https:\\\/\\\/www.lamaisonduguil.com\\\/blog\\\/wp-content\\\/uploads\\\/2016\\\/09\\\/logo2.gif\",\"contentUrl\":\"https:\\\/\\\/www.lamaisonduguil.com\\\/blog\\\/wp-content\\\/uploads\\\/2016\\\/09\\\/logo2.gif\",\"width\":207,\"height\":207,\"caption\":\"La Maison du Guil - Le Blog\"},\"image\":{\"@id\":\"https:\\\/\\\/www.lamaisonduguil.com\\\/blog\\\/#\\\/schema\\\/logo\\\/image\\\/\"},\"sameAs\":[\"http:\\\/\\\/www.facebook.com\\\/lamaisonduguil\"]},{\"@type\":\"Person\",\"@id\":\"https:\\\/\\\/www.lamaisonduguil.com\\\/blog\\\/#\\\/schema\\\/person\\\/629208c2fb7759244c3fbe06c0bc3713\",\"name\":\"Tom\",\"image\":{\"@type\":\"ImageObject\",\"inLanguage\":\"fr-FR\",\"@id\":\"https:\\\/\\\/secure.gravatar.com\\\/avatar\\\/5f0fbdeab05c9050198d8e098c31cf87ec88fb8b615fd68e88c27383c80ccf81?s=96&d=mm&r=g\",\"url\":\"https:\\\/\\\/secure.gravatar.com\\\/avatar\\\/5f0fbdeab05c9050198d8e098c31cf87ec88fb8b615fd68e88c27383c80ccf81?s=96&d=mm&r=g\",\"contentUrl\":\"https:\\\/\\\/secure.gravatar.com\\\/avatar\\\/5f0fbdeab05c9050198d8e098c31cf87ec88fb8b615fd68e88c27383c80ccf81?s=96&d=mm&r=g\",\"caption\":\"Tom\"},\"sameAs\":[\"https:\\\/\\\/www.lamaisonduguil.com\"]}]}<\/script>\n<!-- \/ Yoast SEO plugin. -->","yoast_head_json":{"title":"La beaut\u00e9 du printemps - La Maison du Guil - Le Blog - Hautes Alpes","description":"Le printemps dans le Pays du Guil en images, les fleurs, les paysages des Hautes Alpes qui revivent apr\u00e8s l'hiver","robots":{"index":"index","follow":"follow","max-snippet":"max-snippet:-1","max-image-preview":"max-image-preview:large","max-video-preview":"max-video-preview:-1"},"canonical":"https:\/\/www.lamaisonduguil.com\/blog\/la-beaute-du-printemps\/","og_locale":"fr_FR","og_type":"article","og_title":"La beaut\u00e9 du printemps - La Maison du Guil - Le Blog - Hautes Alpes","og_description":"Le printemps dans le Pays du Guil en images, les fleurs, les paysages des Hautes Alpes qui revivent apr\u00e8s l'hiver","og_url":"https:\/\/www.lamaisonduguil.com\/blog\/la-beaute-du-printemps\/","og_site_name":"La Maison du Guil - Le Blog","article_publisher":"http:\/\/www.facebook.com\/lamaisonduguil","article_published_time":"2018-06-03T19:07:30+00:00","article_modified_time":"2019-05-29T21:36:22+00:00","og_image":[{"url":"https:\/\/www.lamaisonduguil.com\/blog\/wp-content\/uploads\/2018\/06\/EFMFE1617.jpg","type":"","width":"","height":""}],"author":"Tom","twitter_card":"summary_large_image","twitter_misc":{"\u00c9crit par":"Tom","Dur\u00e9e de lecture estim\u00e9e":"3 minutes"},"schema":{"@context":"https:\/\/schema.org","@graph":[{"@type":"Article","@id":"https:\/\/www.lamaisonduguil.com\/blog\/la-beaute-du-printemps\/#article","isPartOf":{"@id":"https:\/\/www.lamaisonduguil.com\/blog\/la-beaute-du-printemps\/"},"author":{"name":"Tom","@id":"https:\/\/www.lamaisonduguil.com\/blog\/#\/schema\/person\/629208c2fb7759244c3fbe06c0bc3713"},"headline":"La beaut\u00e9 du printemps","datePublished":"2018-06-03T19:07:30+00:00","dateModified":"2019-05-29T21:36:22+00:00","mainEntityOfPage":{"@id":"https:\/\/www.lamaisonduguil.com\/blog\/la-beaute-du-printemps\/"},"wordCount":544,"commentCount":0,"publisher":{"@id":"https:\/\/www.lamaisonduguil.com\/blog\/#organization"},"image":{"@id":"https:\/\/www.lamaisonduguil.com\/blog\/la-beaute-du-printemps\/#primaryimage"},"thumbnailUrl":"https:\/\/www.lamaisonduguil.com\/blog\/wp-content\/uploads\/2018\/06\/EFMFE1617.jpg","keywords":["Fleurs","Fran\u00e7ais","Hautes Alpes","Printemps"],"articleSection":["Alpes","Fran\u00e7ais","Guillestrois","Hautes Alpes","Montagne","Printemps"],"inLanguage":"fr-FR","potentialAction":[{"@type":"CommentAction","name":"Comment","target":["https:\/\/www.lamaisonduguil.com\/blog\/la-beaute-du-printemps\/#respond"]}]},{"@type":"WebPage","@id":"https:\/\/www.lamaisonduguil.com\/blog\/la-beaute-du-printemps\/","url":"https:\/\/www.lamaisonduguil.com\/blog\/la-beaute-du-printemps\/","name":"La beaut\u00e9 du printemps - La Maison du Guil - Le Blog - Hautes Alpes","isPartOf":{"@id":"https:\/\/www.lamaisonduguil.com\/blog\/#website"},"primaryImageOfPage":{"@id":"https:\/\/www.lamaisonduguil.com\/blog\/la-beaute-du-printemps\/#primaryimage"},"image":{"@id":"https:\/\/www.lamaisonduguil.com\/blog\/la-beaute-du-printemps\/#primaryimage"},"thumbnailUrl":"https:\/\/www.lamaisonduguil.com\/blog\/wp-content\/uploads\/2018\/06\/EFMFE1617.jpg","datePublished":"2018-06-03T19:07:30+00:00","dateModified":"2019-05-29T21:36:22+00:00","description":"Le printemps dans le Pays du Guil en images, les fleurs, les paysages des Hautes Alpes qui revivent apr\u00e8s l'hiver","breadcrumb":{"@id":"https:\/\/www.lamaisonduguil.com\/blog\/la-beaute-du-printemps\/#breadcrumb"},"inLanguage":"fr-FR","potentialAction":[{"@type":"ReadAction","target":["https:\/\/www.lamaisonduguil.com\/blog\/la-beaute-du-printemps\/"]}]},{"@type":"ImageObject","inLanguage":"fr-FR","@id":"https:\/\/www.lamaisonduguil.com\/blog\/la-beaute-du-printemps\/#primaryimage","url":"https:\/\/www.lamaisonduguil.com\/blog\/wp-content\/uploads\/2018\/06\/EFMFE1617.jpg","contentUrl":"https:\/\/www.lamaisonduguil.com\/blog\/wp-content\/uploads\/2018\/06\/EFMFE1617.jpg","width":1067,"height":800,"caption":"Vue sur la Font d'Eygliers, et les fleurs de l'amandier"},{"@type":"BreadcrumbList","@id":"https:\/\/www.lamaisonduguil.com\/blog\/la-beaute-du-printemps\/#breadcrumb","itemListElement":[{"@type":"ListItem","position":1,"name":"Accueil","item":"https:\/\/www.lamaisonduguil.com\/blog\/"},{"@type":"ListItem","position":2,"name":"La beaut\u00e9 du printemps"}]},{"@type":"WebSite","@id":"https:\/\/www.lamaisonduguil.com\/blog\/#website","url":"https:\/\/www.lamaisonduguil.com\/blog\/","name":"La Maison du Guil - Le Blog","description":"Un blog pour vous aider \u00e0 d\u00e9couvrir notre belle r\u00e9gion","publisher":{"@id":"https:\/\/www.lamaisonduguil.com\/blog\/#organization"},"potentialAction":[{"@type":"SearchAction","target":{"@type":"EntryPoint","urlTemplate":"https:\/\/www.lamaisonduguil.com\/blog\/?s={search_term_string}"},"query-input":{"@type":"PropertyValueSpecification","valueRequired":true,"valueName":"search_term_string"}}],"inLanguage":"fr-FR"},{"@type":"Organization","@id":"https:\/\/www.lamaisonduguil.com\/blog\/#organization","name":"La Maison du Guil - Le Blog","url":"https:\/\/www.lamaisonduguil.com\/blog\/","logo":{"@type":"ImageObject","inLanguage":"fr-FR","@id":"https:\/\/www.lamaisonduguil.com\/blog\/#\/schema\/logo\/image\/","url":"https:\/\/www.lamaisonduguil.com\/blog\/wp-content\/uploads\/2016\/09\/logo2.gif","contentUrl":"https:\/\/www.lamaisonduguil.com\/blog\/wp-content\/uploads\/2016\/09\/logo2.gif","width":207,"height":207,"caption":"La Maison du Guil - Le Blog"},"image":{"@id":"https:\/\/www.lamaisonduguil.com\/blog\/#\/schema\/logo\/image\/"},"sameAs":["http:\/\/www.facebook.com\/lamaisonduguil"]},{"@type":"Person","@id":"https:\/\/www.lamaisonduguil.com\/blog\/#\/schema\/person\/629208c2fb7759244c3fbe06c0bc3713","name":"Tom","image":{"@type":"ImageObject","inLanguage":"fr-FR","@id":"https:\/\/secure.gravatar.com\/avatar\/5f0fbdeab05c9050198d8e098c31cf87ec88fb8b615fd68e88c27383c80ccf81?s=96&d=mm&r=g","url":"https:\/\/secure.gravatar.com\/avatar\/5f0fbdeab05c9050198d8e098c31cf87ec88fb8b615fd68e88c27383c80ccf81?s=96&d=mm&r=g","contentUrl":"https:\/\/secure.gravatar.com\/avatar\/5f0fbdeab05c9050198d8e098c31cf87ec88fb8b615fd68e88c27383c80ccf81?s=96&d=mm&r=g","caption":"Tom"},"sameAs":["https:\/\/www.lamaisonduguil.com"]}]}},"_links":{"self":[{"href":"https:\/\/www.lamaisonduguil.com\/blog\/wp-json\/wp\/v2\/posts\/931","targetHints":{"allow":["GET"]}}],"collection":[{"href":"https:\/\/www.lamaisonduguil.com\/blog\/wp-json\/wp\/v2\/posts"}],"about":[{"href":"https:\/\/www.lamaisonduguil.com\/blog\/wp-json\/wp\/v2\/types\/post"}],"author":[{"embeddable":true,"href":"https:\/\/www.lamaisonduguil.com\/blog\/wp-json\/wp\/v2\/users\/2"}],"replies":[{"embeddable":true,"href":"https:\/\/www.lamaisonduguil.com\/blog\/wp-json\/wp\/v2\/comments?post=931"}],"version-history":[{"count":0,"href":"https:\/\/www.lamaisonduguil.com\/blog\/wp-json\/wp\/v2\/posts\/931\/revisions"}],"wp:attachment":[{"href":"https:\/\/www.lamaisonduguil.com\/blog\/wp-json\/wp\/v2\/media?parent=931"}],"wp:term":[{"taxonomy":"category","embeddable":true,"href":"https:\/\/www.lamaisonduguil.com\/blog\/wp-json\/wp\/v2\/categories?post=931"},{"taxonomy":"post_tag","embeddable":true,"href":"https:\/\/www.lamaisonduguil.com\/blog\/wp-json\/wp\/v2\/tags?post=931"}],"curies":[{"name":"wp","href":"https:\/\/api.w.org\/{rel}","templated":true}]}}