{"id":98,"date":"2016-11-01T22:06:19","date_gmt":"2016-11-01T21:06:19","guid":{"rendered":"http:\/\/www.lamaisonduguil.com\/blog\/?p=98"},"modified":"2019-04-09T01:04:59","modified_gmt":"2019-04-08T23:04:59","slug":"encore-plus-dete-indien-dans-le-queyras","status":"publish","type":"post","link":"https:\/\/www.lamaisonduguil.com\/blog\/encore-plus-dete-indien-dans-le-queyras\/","title":{"rendered":"Encore plus d&rsquo;Et\u00e9 Indien dans le Queyras&#8230;"},"content":{"rendered":"<p>31\/10\/2016<\/p>\n<h2>Les couleurs d&rsquo;automne<\/h2>\n<p>Avec le <strong>ciel tout bleu<\/strong>, il serait dommage de rester enferm\u00e9 \u00e0 l&rsquo;int\u00e9rieur. &nbsp;De plus, les temp\u00e9ratures montent \u00e0 un niveau agr\u00e9able de 23\u00b0 le midi. &nbsp;Dernier argument, les <strong>couleurs d&rsquo;automne<\/strong>, est-ce qu&rsquo;il y en aurait encore? &nbsp;Il n&rsquo;y a qu&rsquo;une seule possibilit\u00e9 de le savoir, il faut aller voir sur place&#8230; &nbsp;<\/p>\n<p>Cette fois-ci, nous avons \u00e0 nouveau choisi d&rsquo;aller dans le <strong>Queyras<\/strong>. &nbsp;Notre voisin Eric nous avait parl\u00e9 du village de <strong>Souliers<\/strong>, autour duquel les couleurs seraient remarquables. &nbsp;<\/p>\n<p>Comme nous n&rsquo;avions jamais visit\u00e9 Souliers jusqu&rsquo;\u00e0 pr\u00e9sent, le choix \u00e9tait vite fait. &nbsp;Par contre, un fin d&rsquo;apr\u00e8s midi est peut-\u00eatre un peu tard pour d\u00e9marrer une balade en montagne? &nbsp;On verra bien quand on est sur place.<\/p>\n<p>En route donc. &nbsp;Depuis la Font d&rsquo;Eygliers, vers Guillestre pour ensuite entrer dans le Queyras par<strong> les gorges du Guil<\/strong>. &nbsp;Paysages et vues \u00e0 couper le souffle. &nbsp;Bifurquer vers le Col de l&rsquo;Izoard, et \u00e0 l&rsquo;entr\u00e9e d&rsquo;<strong>Arvieux<\/strong> prendre \u00e0 droite direction les Maisons. &nbsp;<\/p>\n<h2>Le lac de Roue<\/h2>\n<p>Depuis ce hameau bien ensoleill\u00e9 on continue \u00e0 pied vers le <strong>lac de Roue<\/strong>. &nbsp;Une petite mont\u00e9e sur un flanc de p\u00e2turages et <strong>m\u00e9l\u00e8zes<\/strong>. &nbsp;Avec une tr\u00e8s jolie vue sur <strong>Montbardon<\/strong> et les couleurs jaune qui brillent au soleil.<\/p>\n<figure id=\"attachment_113\" aria-describedby=\"caption-attachment-113\" style=\"width: 2448px\" class=\"wp-caption alignleft\"><a href=\"http:\/\/www.lamaisonduguil.com\/blog\/img_4677\/\"><img fetchpriority=\"high\" decoding=\"async\" class=\"size-full wp-image-113\" src=\"http:\/\/www.lamaisonduguil.com\/blog\/wp-content\/uploads\/2016\/11\/IMG_4677.jpg\" alt=\"Vue sur Montbardon depuis la mont\u00e9e du hameau Les Maisons vers le Lac de Roue\" width=\"2448\" height=\"3264\"><\/a><figcaption id=\"caption-attachment-113\" class=\"wp-caption-text\">Vue sur Montbardon depuis la mont\u00e9e du hameau Les Maisons vers le Lac de Roue<\/figcaption><\/figure>\n<p>Le reste de la mont\u00e9e vers le lac de Roue, avec encore plus de jaune &#8211; or&#8230;<\/p>\n<figure id=\"attachment_107\" aria-describedby=\"caption-attachment-107\" style=\"width: 2448px\" class=\"wp-caption alignleft\"><a href=\"http:\/\/www.lamaisonduguil.com\/blog\/img_4668\/\"><img decoding=\"async\" class=\"size-full wp-image-107\" src=\"http:\/\/www.lamaisonduguil.com\/blog\/wp-content\/uploads\/2016\/11\/IMG_4668.jpg\" alt=\"Le chemin vers le Lac de Roue\" width=\"2448\" height=\"3264\"><\/a><figcaption id=\"caption-attachment-107\" class=\"wp-caption-text\">Le chemin vers le Lac de Roue<\/figcaption><\/figure>\n<figure id=\"attachment_103\" aria-describedby=\"caption-attachment-103\" style=\"width: 2448px\" class=\"wp-caption alignleft\"><a href=\"http:\/\/www.lamaisonduguil.com\/blog\/img_4646\/\"><img decoding=\"async\" class=\"size-full wp-image-103\" src=\"http:\/\/www.lamaisonduguil.com\/blog\/wp-content\/uploads\/2016\/11\/IMG_4646-e1478012758509.jpg\" alt=\"Sur la mont\u00e9e vers le Lac de Roue\" width=\"2448\" height=\"3263\"><\/a><figcaption id=\"caption-attachment-103\" class=\"wp-caption-text\">Sur la mont\u00e9e vers le Lac de Roue<\/figcaption><\/figure>\n<p><a href=\"http:\/\/www.lamaisonduguil.com\/blog\/img_4643\/\"><img loading=\"lazy\" decoding=\"async\" class=\"alignleft size-full wp-image-101\" src=\"http:\/\/www.lamaisonduguil.com\/blog\/wp-content\/uploads\/2016\/11\/IMG_4643-e1478012823317.jpg\" alt=\"img_4643\" width=\"2448\" height=\"3263\"><\/a><\/p>\n<p>&nbsp;<\/p>\n<p>Pour ensuite arriver au lac de Roue. &nbsp;Un petit lac tr\u00e8s accessible (m\u00eame en voiture malheureusement), et tr\u00e8s fr\u00e9quent\u00e9 par les locaux pour un pique nique ou un ap\u00e9ro. &nbsp;L&rsquo;endroit est trop beau.<\/p>\n<figure id=\"attachment_112\" aria-describedby=\"caption-attachment-112\" style=\"width: 2308px\" class=\"wp-caption alignleft\"><a href=\"http:\/\/www.lamaisonduguil.com\/blog\/index.php\/2016\/11\/01\/encore-plus-dete-indien-dans-le-queyras\/img_4676\/\" rel=\"attachment wp-att-112\"><img loading=\"lazy\" decoding=\"async\" class=\"size-full wp-image-112\" src=\"http:\/\/www.lamaisonduguil.com\/blog\/wp-content\/uploads\/2016\/11\/IMG_4676.jpg\" alt=\"Le Lac de Roue en automne\" width=\"2308\" height=\"3136\"><\/a><figcaption id=\"caption-attachment-112\" class=\"wp-caption-text\">Le Lac de Roue en automne<\/figcaption><\/figure>\n<figure id=\"attachment_111\" aria-describedby=\"caption-attachment-111\" style=\"width: 2448px\" class=\"wp-caption alignleft\"><a href=\"http:\/\/www.lamaisonduguil.com\/blog\/index.php\/2016\/11\/01\/encore-plus-dete-indien-dans-le-queyras\/img_4675\/\" rel=\"attachment wp-att-111\"><img loading=\"lazy\" decoding=\"async\" class=\"size-full wp-image-111\" src=\"http:\/\/www.lamaisonduguil.com\/blog\/wp-content\/uploads\/2016\/11\/IMG_4675.jpg\" alt=\"Le Lac de Roue\" width=\"2448\" height=\"3264\"><\/a><figcaption id=\"caption-attachment-111\" class=\"wp-caption-text\">Le Lac de Roue<\/figcaption><\/figure>\n<figure id=\"attachment_104\" aria-describedby=\"caption-attachment-104\" style=\"width: 2448px\" class=\"wp-caption alignleft\"><a href=\"http:\/\/www.lamaisonduguil.com\/blog\/img_4649\/\"><img loading=\"lazy\" decoding=\"async\" class=\"size-full wp-image-104\" src=\"http:\/\/www.lamaisonduguil.com\/blog\/wp-content\/uploads\/2016\/11\/IMG_4649-e1478012715986.jpg\" alt=\"Le Lac de Roue\" width=\"2448\" height=\"3263\"><\/a><figcaption id=\"caption-attachment-104\" class=\"wp-caption-text\">Le Lac de Roue<\/figcaption><\/figure>\n<p>Le chemin se poursuit en direction du village de Souliers, avec des jolies vues, \u00e9videmment&#8230;<\/p>\n<figure id=\"attachment_110\" aria-describedby=\"caption-attachment-110\" style=\"width: 2448px\" class=\"wp-caption alignleft\"><a href=\"http:\/\/www.lamaisonduguil.com\/blog\/img_4674\/\"><img loading=\"lazy\" decoding=\"async\" class=\"size-full wp-image-110\" src=\"http:\/\/www.lamaisonduguil.com\/blog\/wp-content\/uploads\/2016\/11\/IMG_4674.jpg\" alt=\"Sur la d\u00e9cente entre le Lac de Roue et le village de Souliers\" width=\"2448\" height=\"3264\"><\/a><figcaption id=\"caption-attachment-110\" class=\"wp-caption-text\">Sur la descente entre le Lac de Roue et le village de Souliers<\/figcaption><\/figure>\n<figure id=\"attachment_109\" aria-describedby=\"caption-attachment-109\" style=\"width: 3264px\" class=\"wp-caption alignleft\"><a href=\"http:\/\/www.lamaisonduguil.com\/blog\/img_4673\/\"><img loading=\"lazy\" decoding=\"async\" class=\"size-full wp-image-109\" src=\"http:\/\/www.lamaisonduguil.com\/blog\/wp-content\/uploads\/2016\/11\/IMG_4673.jpg\" alt=\"Sur la d\u00e9cente entre le Lac de Roue et le village de Souliers\" width=\"3264\" height=\"2448\"><\/a><figcaption id=\"caption-attachment-109\" class=\"wp-caption-text\">Sur la descente entre le Lac de Roue et le village de Souliers<\/figcaption><\/figure>\n<p>Et l\u00e0, \u00e0 travers&nbsp;les arbres, on aper\u00e7oit le hameau de <strong>Souliers<\/strong>, dans son joli vallon&#8230;<\/p>\n<p><a href=\"http:\/\/www.lamaisonduguil.com\/blog\/index.php\/2016\/11\/01\/encore-plus-dete-indien-dans-le-queyras\/img_4670\/\" rel=\"attachment wp-att-115\"><img loading=\"lazy\" decoding=\"async\" class=\"alignleft size-full wp-image-115\" src=\"http:\/\/www.lamaisonduguil.com\/blog\/wp-content\/uploads\/2016\/11\/IMG_4670.jpg\" alt=\"img_4670\" width=\"3264\" height=\"2448\"><\/a> <a href=\"http:\/\/www.lamaisonduguil.com\/blog\/index.php\/2016\/11\/01\/encore-plus-dete-indien-dans-le-queyras\/img_4672\/\" rel=\"attachment wp-att-114\"><img loading=\"lazy\" decoding=\"async\" class=\"alignleft size-full wp-image-114\" src=\"http:\/\/www.lamaisonduguil.com\/blog\/wp-content\/uploads\/2016\/11\/IMG_4672.jpg\" alt=\"img_4672\" width=\"3264\" height=\"2448\"><\/a><\/p>\n<p>Sur le retour, la descente vers les Maisons, encore des belles vues&#8230;<\/p>\n<p><a href=\"http:\/\/www.lamaisonduguil.com\/blog\/img_4666\/\"><img loading=\"lazy\" decoding=\"async\" class=\"alignleft size-full wp-image-105\" src=\"http:\/\/www.lamaisonduguil.com\/blog\/wp-content\/uploads\/2016\/11\/IMG_4666.jpg\" alt=\"img_4666\" width=\"3264\" height=\"2448\"><\/a><\/p>\n<figure id=\"attachment_106\" aria-describedby=\"caption-attachment-106\" style=\"width: 3105px\" class=\"wp-caption alignleft\"><a href=\"http:\/\/www.lamaisonduguil.com\/blog\/img_4667\/\"><img loading=\"lazy\" decoding=\"async\" class=\"size-full wp-image-106\" src=\"http:\/\/www.lamaisonduguil.com\/blog\/wp-content\/uploads\/2016\/11\/IMG_4667.jpg\" alt=\"Vue sur Montbardon depuis le chemin vers le Lac de Roue\" width=\"3105\" height=\"2255\"><\/a><figcaption id=\"caption-attachment-106\" class=\"wp-caption-text\">Vue sur Montbardon depuis le chemin vers le Lac de Roue<\/figcaption><\/figure>\n<p>Juste \u00e0 temps de retour \u00e0 la voiture avant le coucher du soleil, et des temp\u00e9ratures bien en baisse. &nbsp;Temps de retourner \u00e0 <strong>la Maison du Guil<\/strong> pour s&rsquo;installer \u00e0 c\u00f4t\u00e9 du po\u00eale avec un bon verre de vin&#8230; et les souvenirs de ces couleurs d&rsquo;automne, de cet <strong>Et\u00e9 Indien Haut Alpin<\/strong>. &nbsp;Le temps de r\u00e9fl\u00e9chir \u00e0 une prochaine sortie et de r\u00eaver &#8230;<\/p>\n<p>D&rsquo;autres images sur l&rsquo;<a href=\"https:\/\/www.lamaisonduguil.com\/blog\/lete-indien-dans-les-hautes-alpes\/\">\u00e9t\u00e9 indien dans les Hautes Alpes<\/a>. &nbsp;<\/p>\n<p>&nbsp;<\/p>\n<p>&nbsp;<\/p>\n<p>&nbsp;<\/p>\n<p>&nbsp;<\/p>\n","protected":false},"excerpt":{"rendered":"<p>31\/10\/2016 Les couleurs d&rsquo;automne Avec le ciel tout bleu, il serait dommage de rester enferm\u00e9 \u00e0 l&rsquo;int\u00e9rieur. &nbsp;De plus, les temp\u00e9ratures montent \u00e0 un niveau agr\u00e9able de 23\u00b0 le midi. &nbsp;Dernier argument, les couleurs d&rsquo;automne, est-ce qu&rsquo;il y en aurait encore? &nbsp;Il n&rsquo;y a qu&rsquo;une seule possibilit\u00e9 de le savoir, il faut aller voir sur [&hellip;]<\/p>\n","protected":false},"author":2,"featured_media":112,"comment_status":"open","ping_status":"open","sticky":false,"template":"","format":"standard","meta":{"site-sidebar-layout":"default","site-content-layout":"","ast-site-content-layout":"default","site-content-style":"default","site-sidebar-style":"default","ast-global-header-display":"","ast-banner-title-visibility":"","ast-main-header-display":"","ast-hfb-above-header-display":"","ast-hfb-below-header-display":"","ast-hfb-mobile-header-display":"","site-post-title":"","ast-breadcrumbs-content":"","ast-featured-img":"","footer-sml-layout":"","theme-transparent-header-meta":"","adv-header-id-meta":"","stick-header-meta":"","header-above-stick-meta":"","header-main-stick-meta":"","header-below-stick-meta":"","astra-migrate-meta-layouts":"default","ast-page-background-enabled":"default","ast-page-background-meta":{"desktop":{"background-color":"","background-image":"","background-repeat":"repeat","background-position":"center center","background-size":"auto","background-attachment":"scroll","background-type":"","background-media":"","overlay-type":"","overlay-color":"","overlay-opacity":"","overlay-gradient":""},"tablet":{"background-color":"","background-image":"","background-repeat":"repeat","background-position":"center center","background-size":"auto","background-attachment":"scroll","background-type":"","background-media":"","overlay-type":"","overlay-color":"","overlay-opacity":"","overlay-gradient":""},"mobile":{"background-color":"","background-image":"","background-repeat":"repeat","background-position":"center center","background-size":"auto","background-attachment":"scroll","background-type":"","background-media":"","overlay-type":"","overlay-color":"","overlay-opacity":"","overlay-gradient":""}},"ast-content-background-meta":{"desktop":{"background-color":"var(--ast-global-color-5)","background-image":"","background-repeat":"repeat","background-position":"center center","background-size":"auto","background-attachment":"scroll","background-type":"","background-media":"","overlay-type":"","overlay-color":"","overlay-opacity":"","overlay-gradient":""},"tablet":{"background-color":"var(--ast-global-color-5)","background-image":"","background-repeat":"repeat","background-position":"center center","background-size":"auto","background-attachment":"scroll","background-type":"","background-media":"","overlay-type":"","overlay-color":"","overlay-opacity":"","overlay-gradient":""},"mobile":{"background-color":"var(--ast-global-color-5)","background-image":"","background-repeat":"repeat","background-position":"center center","background-size":"auto","background-attachment":"scroll","background-type":"","background-media":"","overlay-type":"","overlay-color":"","overlay-opacity":"","overlay-gradient":""}},"ngg_post_thumbnail":0,"footnotes":""},"categories":[2,55,10],"tags":[4,5,56,3,14],"class_list":["post-98","post","type-post","status-publish","format-standard","has-post-thumbnail","hentry","category-automne-dans-les-hautes-alpes","category-francais","category-queyras","tag-automne","tag-eteindien","tag-francais","tag-hautesalpes","tag-lac-de-roue"],"yoast_head":"<!-- This site is optimized with the Yoast SEO plugin v27.5 - https:\/\/yoast.com\/product\/yoast-seo-wordpress\/ -->\n<title>Encore plus d&#039;Et\u00e9 Indien dans le Queyras... - La Maison du Guil - Le Blog<\/title>\n<meta name=\"description\" content=\"Les couleurs d&#039;automne dans le Queyras, du c\u00f4t\u00e9 d&#039;Arvieux et du lac de Roue, un vrai \u00e9t\u00e9 indien avec des temp\u00e9ratures bien agr\u00e9ables et un ciel tout bleu\" \/>\n<meta name=\"robots\" content=\"index, follow, max-snippet:-1, max-image-preview:large, max-video-preview:-1\" \/>\n<link rel=\"canonical\" href=\"https:\/\/www.lamaisonduguil.com\/blog\/encore-plus-dete-indien-dans-le-queyras\/\" \/>\n<meta property=\"og:locale\" content=\"fr_FR\" \/>\n<meta property=\"og:type\" content=\"article\" \/>\n<meta property=\"og:title\" content=\"Encore plus d&#039;Et\u00e9 Indien dans le Queyras... - La Maison du Guil - Le Blog\" \/>\n<meta property=\"og:description\" content=\"Les couleurs d&#039;automne dans le Queyras, du c\u00f4t\u00e9 d&#039;Arvieux et du lac de Roue, un vrai \u00e9t\u00e9 indien avec des temp\u00e9ratures bien agr\u00e9ables et un ciel tout bleu\" \/>\n<meta property=\"og:url\" content=\"https:\/\/www.lamaisonduguil.com\/blog\/encore-plus-dete-indien-dans-le-queyras\/\" \/>\n<meta property=\"og:site_name\" content=\"La Maison du Guil - Le Blog\" \/>\n<meta property=\"article:publisher\" content=\"http:\/\/www.facebook.com\/lamaisonduguil\" \/>\n<meta property=\"article:published_time\" content=\"2016-11-01T21:06:19+00:00\" \/>\n<meta property=\"article:modified_time\" content=\"2019-04-08T23:04:59+00:00\" \/>\n<meta property=\"og:image\" content=\"https:\/\/www.lamaisonduguil.com\/blog\/wp-content\/uploads\/2016\/11\/IMG_4676-e1518651547750.jpg\" \/>\n\t<meta property=\"og:image:width\" content=\"1325\" \/>\n\t<meta property=\"og:image:height\" content=\"1800\" \/>\n\t<meta property=\"og:image:type\" content=\"image\/jpeg\" \/>\n<meta name=\"author\" content=\"Tom\" \/>\n<meta name=\"twitter:card\" content=\"summary_large_image\" \/>\n<meta name=\"twitter:label1\" content=\"\u00c9crit par\" \/>\n\t<meta name=\"twitter:data1\" content=\"Tom\" \/>\n\t<meta name=\"twitter:label2\" content=\"Dur\u00e9e de lecture estim\u00e9e\" \/>\n\t<meta name=\"twitter:data2\" content=\"3 minutes\" \/>\n<script type=\"application\/ld+json\" class=\"yoast-schema-graph\">{\"@context\":\"https:\\\/\\\/schema.org\",\"@graph\":[{\"@type\":\"Article\",\"@id\":\"https:\\\/\\\/www.lamaisonduguil.com\\\/blog\\\/encore-plus-dete-indien-dans-le-queyras\\\/#article\",\"isPartOf\":{\"@id\":\"https:\\\/\\\/www.lamaisonduguil.com\\\/blog\\\/encore-plus-dete-indien-dans-le-queyras\\\/\"},\"author\":{\"name\":\"Tom\",\"@id\":\"https:\\\/\\\/www.lamaisonduguil.com\\\/blog\\\/#\\\/schema\\\/person\\\/629208c2fb7759244c3fbe06c0bc3713\"},\"headline\":\"Encore plus d&rsquo;Et\u00e9 Indien dans le Queyras&#8230;\",\"datePublished\":\"2016-11-01T21:06:19+00:00\",\"dateModified\":\"2019-04-08T23:04:59+00:00\",\"mainEntityOfPage\":{\"@id\":\"https:\\\/\\\/www.lamaisonduguil.com\\\/blog\\\/encore-plus-dete-indien-dans-le-queyras\\\/\"},\"wordCount\":562,\"commentCount\":1,\"publisher\":{\"@id\":\"https:\\\/\\\/www.lamaisonduguil.com\\\/blog\\\/#organization\"},\"image\":{\"@id\":\"https:\\\/\\\/www.lamaisonduguil.com\\\/blog\\\/encore-plus-dete-indien-dans-le-queyras\\\/#primaryimage\"},\"thumbnailUrl\":\"https:\\\/\\\/www.lamaisonduguil.com\\\/blog\\\/wp-content\\\/uploads\\\/2016\\\/11\\\/IMG_4676-e1518651547750.jpg\",\"keywords\":[\"Automne\",\"Et\u00e9 Indien\",\"Fran\u00e7ais\",\"Hautes Alpes\",\"Lac de Roue\"],\"articleSection\":[\"Automne dans les Hautes Alpes\",\"Fran\u00e7ais\",\"Queyras\"],\"inLanguage\":\"fr-FR\",\"potentialAction\":[{\"@type\":\"CommentAction\",\"name\":\"Comment\",\"target\":[\"https:\\\/\\\/www.lamaisonduguil.com\\\/blog\\\/encore-plus-dete-indien-dans-le-queyras\\\/#respond\"]}]},{\"@type\":\"WebPage\",\"@id\":\"https:\\\/\\\/www.lamaisonduguil.com\\\/blog\\\/encore-plus-dete-indien-dans-le-queyras\\\/\",\"url\":\"https:\\\/\\\/www.lamaisonduguil.com\\\/blog\\\/encore-plus-dete-indien-dans-le-queyras\\\/\",\"name\":\"Encore plus d'Et\u00e9 Indien dans le Queyras... - La Maison du Guil - Le Blog\",\"isPartOf\":{\"@id\":\"https:\\\/\\\/www.lamaisonduguil.com\\\/blog\\\/#website\"},\"primaryImageOfPage\":{\"@id\":\"https:\\\/\\\/www.lamaisonduguil.com\\\/blog\\\/encore-plus-dete-indien-dans-le-queyras\\\/#primaryimage\"},\"image\":{\"@id\":\"https:\\\/\\\/www.lamaisonduguil.com\\\/blog\\\/encore-plus-dete-indien-dans-le-queyras\\\/#primaryimage\"},\"thumbnailUrl\":\"https:\\\/\\\/www.lamaisonduguil.com\\\/blog\\\/wp-content\\\/uploads\\\/2016\\\/11\\\/IMG_4676-e1518651547750.jpg\",\"datePublished\":\"2016-11-01T21:06:19+00:00\",\"dateModified\":\"2019-04-08T23:04:59+00:00\",\"description\":\"Les couleurs d'automne dans le Queyras, du c\u00f4t\u00e9 d'Arvieux et du lac de Roue, un vrai \u00e9t\u00e9 indien avec des temp\u00e9ratures bien agr\u00e9ables et un ciel tout bleu\",\"breadcrumb\":{\"@id\":\"https:\\\/\\\/www.lamaisonduguil.com\\\/blog\\\/encore-plus-dete-indien-dans-le-queyras\\\/#breadcrumb\"},\"inLanguage\":\"fr-FR\",\"potentialAction\":[{\"@type\":\"ReadAction\",\"target\":[\"https:\\\/\\\/www.lamaisonduguil.com\\\/blog\\\/encore-plus-dete-indien-dans-le-queyras\\\/\"]}]},{\"@type\":\"ImageObject\",\"inLanguage\":\"fr-FR\",\"@id\":\"https:\\\/\\\/www.lamaisonduguil.com\\\/blog\\\/encore-plus-dete-indien-dans-le-queyras\\\/#primaryimage\",\"url\":\"https:\\\/\\\/www.lamaisonduguil.com\\\/blog\\\/wp-content\\\/uploads\\\/2016\\\/11\\\/IMG_4676-e1518651547750.jpg\",\"contentUrl\":\"https:\\\/\\\/www.lamaisonduguil.com\\\/blog\\\/wp-content\\\/uploads\\\/2016\\\/11\\\/IMG_4676-e1518651547750.jpg\",\"width\":1325,\"height\":1800,\"caption\":\"Le Lac de Roue en automne\"},{\"@type\":\"BreadcrumbList\",\"@id\":\"https:\\\/\\\/www.lamaisonduguil.com\\\/blog\\\/encore-plus-dete-indien-dans-le-queyras\\\/#breadcrumb\",\"itemListElement\":[{\"@type\":\"ListItem\",\"position\":1,\"name\":\"Accueil\",\"item\":\"https:\\\/\\\/www.lamaisonduguil.com\\\/blog\\\/\"},{\"@type\":\"ListItem\",\"position\":2,\"name\":\"Encore plus d&rsquo;Et\u00e9 Indien dans le Queyras&#8230;\"}]},{\"@type\":\"WebSite\",\"@id\":\"https:\\\/\\\/www.lamaisonduguil.com\\\/blog\\\/#website\",\"url\":\"https:\\\/\\\/www.lamaisonduguil.com\\\/blog\\\/\",\"name\":\"La Maison du Guil - Le Blog\",\"description\":\"Un blog pour vous aider \u00e0 d\u00e9couvrir notre belle r\u00e9gion\",\"publisher\":{\"@id\":\"https:\\\/\\\/www.lamaisonduguil.com\\\/blog\\\/#organization\"},\"potentialAction\":[{\"@type\":\"SearchAction\",\"target\":{\"@type\":\"EntryPoint\",\"urlTemplate\":\"https:\\\/\\\/www.lamaisonduguil.com\\\/blog\\\/?s={search_term_string}\"},\"query-input\":{\"@type\":\"PropertyValueSpecification\",\"valueRequired\":true,\"valueName\":\"search_term_string\"}}],\"inLanguage\":\"fr-FR\"},{\"@type\":\"Organization\",\"@id\":\"https:\\\/\\\/www.lamaisonduguil.com\\\/blog\\\/#organization\",\"name\":\"La Maison du Guil - Le Blog\",\"url\":\"https:\\\/\\\/www.lamaisonduguil.com\\\/blog\\\/\",\"logo\":{\"@type\":\"ImageObject\",\"inLanguage\":\"fr-FR\",\"@id\":\"https:\\\/\\\/www.lamaisonduguil.com\\\/blog\\\/#\\\/schema\\\/logo\\\/image\\\/\",\"url\":\"https:\\\/\\\/www.lamaisonduguil.com\\\/blog\\\/wp-content\\\/uploads\\\/2016\\\/09\\\/logo2.gif\",\"contentUrl\":\"https:\\\/\\\/www.lamaisonduguil.com\\\/blog\\\/wp-content\\\/uploads\\\/2016\\\/09\\\/logo2.gif\",\"width\":207,\"height\":207,\"caption\":\"La Maison du Guil - Le Blog\"},\"image\":{\"@id\":\"https:\\\/\\\/www.lamaisonduguil.com\\\/blog\\\/#\\\/schema\\\/logo\\\/image\\\/\"},\"sameAs\":[\"http:\\\/\\\/www.facebook.com\\\/lamaisonduguil\"]},{\"@type\":\"Person\",\"@id\":\"https:\\\/\\\/www.lamaisonduguil.com\\\/blog\\\/#\\\/schema\\\/person\\\/629208c2fb7759244c3fbe06c0bc3713\",\"name\":\"Tom\",\"image\":{\"@type\":\"ImageObject\",\"inLanguage\":\"fr-FR\",\"@id\":\"https:\\\/\\\/secure.gravatar.com\\\/avatar\\\/5f0fbdeab05c9050198d8e098c31cf87ec88fb8b615fd68e88c27383c80ccf81?s=96&d=mm&r=g\",\"url\":\"https:\\\/\\\/secure.gravatar.com\\\/avatar\\\/5f0fbdeab05c9050198d8e098c31cf87ec88fb8b615fd68e88c27383c80ccf81?s=96&d=mm&r=g\",\"contentUrl\":\"https:\\\/\\\/secure.gravatar.com\\\/avatar\\\/5f0fbdeab05c9050198d8e098c31cf87ec88fb8b615fd68e88c27383c80ccf81?s=96&d=mm&r=g\",\"caption\":\"Tom\"},\"sameAs\":[\"https:\\\/\\\/www.lamaisonduguil.com\"]}]}<\/script>\n<!-- \/ Yoast SEO plugin. -->","yoast_head_json":{"title":"Encore plus d'Et\u00e9 Indien dans le Queyras... - La Maison du Guil - Le Blog","description":"Les couleurs d'automne dans le Queyras, du c\u00f4t\u00e9 d'Arvieux et du lac de Roue, un vrai \u00e9t\u00e9 indien avec des temp\u00e9ratures bien agr\u00e9ables et un ciel tout bleu","robots":{"index":"index","follow":"follow","max-snippet":"max-snippet:-1","max-image-preview":"max-image-preview:large","max-video-preview":"max-video-preview:-1"},"canonical":"https:\/\/www.lamaisonduguil.com\/blog\/encore-plus-dete-indien-dans-le-queyras\/","og_locale":"fr_FR","og_type":"article","og_title":"Encore plus d'Et\u00e9 Indien dans le Queyras... - La Maison du Guil - Le Blog","og_description":"Les couleurs d'automne dans le Queyras, du c\u00f4t\u00e9 d'Arvieux et du lac de Roue, un vrai \u00e9t\u00e9 indien avec des temp\u00e9ratures bien agr\u00e9ables et un ciel tout bleu","og_url":"https:\/\/www.lamaisonduguil.com\/blog\/encore-plus-dete-indien-dans-le-queyras\/","og_site_name":"La Maison du Guil - Le Blog","article_publisher":"http:\/\/www.facebook.com\/lamaisonduguil","article_published_time":"2016-11-01T21:06:19+00:00","article_modified_time":"2019-04-08T23:04:59+00:00","og_image":[{"width":1325,"height":1800,"url":"https:\/\/www.lamaisonduguil.com\/blog\/wp-content\/uploads\/2016\/11\/IMG_4676-e1518651547750.jpg","type":"image\/jpeg"}],"author":"Tom","twitter_card":"summary_large_image","twitter_misc":{"\u00c9crit par":"Tom","Dur\u00e9e de lecture estim\u00e9e":"3 minutes"},"schema":{"@context":"https:\/\/schema.org","@graph":[{"@type":"Article","@id":"https:\/\/www.lamaisonduguil.com\/blog\/encore-plus-dete-indien-dans-le-queyras\/#article","isPartOf":{"@id":"https:\/\/www.lamaisonduguil.com\/blog\/encore-plus-dete-indien-dans-le-queyras\/"},"author":{"name":"Tom","@id":"https:\/\/www.lamaisonduguil.com\/blog\/#\/schema\/person\/629208c2fb7759244c3fbe06c0bc3713"},"headline":"Encore plus d&rsquo;Et\u00e9 Indien dans le Queyras&#8230;","datePublished":"2016-11-01T21:06:19+00:00","dateModified":"2019-04-08T23:04:59+00:00","mainEntityOfPage":{"@id":"https:\/\/www.lamaisonduguil.com\/blog\/encore-plus-dete-indien-dans-le-queyras\/"},"wordCount":562,"commentCount":1,"publisher":{"@id":"https:\/\/www.lamaisonduguil.com\/blog\/#organization"},"image":{"@id":"https:\/\/www.lamaisonduguil.com\/blog\/encore-plus-dete-indien-dans-le-queyras\/#primaryimage"},"thumbnailUrl":"https:\/\/www.lamaisonduguil.com\/blog\/wp-content\/uploads\/2016\/11\/IMG_4676-e1518651547750.jpg","keywords":["Automne","Et\u00e9 Indien","Fran\u00e7ais","Hautes Alpes","Lac de Roue"],"articleSection":["Automne dans les Hautes Alpes","Fran\u00e7ais","Queyras"],"inLanguage":"fr-FR","potentialAction":[{"@type":"CommentAction","name":"Comment","target":["https:\/\/www.lamaisonduguil.com\/blog\/encore-plus-dete-indien-dans-le-queyras\/#respond"]}]},{"@type":"WebPage","@id":"https:\/\/www.lamaisonduguil.com\/blog\/encore-plus-dete-indien-dans-le-queyras\/","url":"https:\/\/www.lamaisonduguil.com\/blog\/encore-plus-dete-indien-dans-le-queyras\/","name":"Encore plus d'Et\u00e9 Indien dans le Queyras... - La Maison du Guil - Le Blog","isPartOf":{"@id":"https:\/\/www.lamaisonduguil.com\/blog\/#website"},"primaryImageOfPage":{"@id":"https:\/\/www.lamaisonduguil.com\/blog\/encore-plus-dete-indien-dans-le-queyras\/#primaryimage"},"image":{"@id":"https:\/\/www.lamaisonduguil.com\/blog\/encore-plus-dete-indien-dans-le-queyras\/#primaryimage"},"thumbnailUrl":"https:\/\/www.lamaisonduguil.com\/blog\/wp-content\/uploads\/2016\/11\/IMG_4676-e1518651547750.jpg","datePublished":"2016-11-01T21:06:19+00:00","dateModified":"2019-04-08T23:04:59+00:00","description":"Les couleurs d'automne dans le Queyras, du c\u00f4t\u00e9 d'Arvieux et du lac de Roue, un vrai \u00e9t\u00e9 indien avec des temp\u00e9ratures bien agr\u00e9ables et un ciel tout bleu","breadcrumb":{"@id":"https:\/\/www.lamaisonduguil.com\/blog\/encore-plus-dete-indien-dans-le-queyras\/#breadcrumb"},"inLanguage":"fr-FR","potentialAction":[{"@type":"ReadAction","target":["https:\/\/www.lamaisonduguil.com\/blog\/encore-plus-dete-indien-dans-le-queyras\/"]}]},{"@type":"ImageObject","inLanguage":"fr-FR","@id":"https:\/\/www.lamaisonduguil.com\/blog\/encore-plus-dete-indien-dans-le-queyras\/#primaryimage","url":"https:\/\/www.lamaisonduguil.com\/blog\/wp-content\/uploads\/2016\/11\/IMG_4676-e1518651547750.jpg","contentUrl":"https:\/\/www.lamaisonduguil.com\/blog\/wp-content\/uploads\/2016\/11\/IMG_4676-e1518651547750.jpg","width":1325,"height":1800,"caption":"Le Lac de Roue en automne"},{"@type":"BreadcrumbList","@id":"https:\/\/www.lamaisonduguil.com\/blog\/encore-plus-dete-indien-dans-le-queyras\/#breadcrumb","itemListElement":[{"@type":"ListItem","position":1,"name":"Accueil","item":"https:\/\/www.lamaisonduguil.com\/blog\/"},{"@type":"ListItem","position":2,"name":"Encore plus d&rsquo;Et\u00e9 Indien dans le Queyras&#8230;"}]},{"@type":"WebSite","@id":"https:\/\/www.lamaisonduguil.com\/blog\/#website","url":"https:\/\/www.lamaisonduguil.com\/blog\/","name":"La Maison du Guil - Le Blog","description":"Un blog pour vous aider \u00e0 d\u00e9couvrir notre belle r\u00e9gion","publisher":{"@id":"https:\/\/www.lamaisonduguil.com\/blog\/#organization"},"potentialAction":[{"@type":"SearchAction","target":{"@type":"EntryPoint","urlTemplate":"https:\/\/www.lamaisonduguil.com\/blog\/?s={search_term_string}"},"query-input":{"@type":"PropertyValueSpecification","valueRequired":true,"valueName":"search_term_string"}}],"inLanguage":"fr-FR"},{"@type":"Organization","@id":"https:\/\/www.lamaisonduguil.com\/blog\/#organization","name":"La Maison du Guil - Le Blog","url":"https:\/\/www.lamaisonduguil.com\/blog\/","logo":{"@type":"ImageObject","inLanguage":"fr-FR","@id":"https:\/\/www.lamaisonduguil.com\/blog\/#\/schema\/logo\/image\/","url":"https:\/\/www.lamaisonduguil.com\/blog\/wp-content\/uploads\/2016\/09\/logo2.gif","contentUrl":"https:\/\/www.lamaisonduguil.com\/blog\/wp-content\/uploads\/2016\/09\/logo2.gif","width":207,"height":207,"caption":"La Maison du Guil - Le Blog"},"image":{"@id":"https:\/\/www.lamaisonduguil.com\/blog\/#\/schema\/logo\/image\/"},"sameAs":["http:\/\/www.facebook.com\/lamaisonduguil"]},{"@type":"Person","@id":"https:\/\/www.lamaisonduguil.com\/blog\/#\/schema\/person\/629208c2fb7759244c3fbe06c0bc3713","name":"Tom","image":{"@type":"ImageObject","inLanguage":"fr-FR","@id":"https:\/\/secure.gravatar.com\/avatar\/5f0fbdeab05c9050198d8e098c31cf87ec88fb8b615fd68e88c27383c80ccf81?s=96&d=mm&r=g","url":"https:\/\/secure.gravatar.com\/avatar\/5f0fbdeab05c9050198d8e098c31cf87ec88fb8b615fd68e88c27383c80ccf81?s=96&d=mm&r=g","contentUrl":"https:\/\/secure.gravatar.com\/avatar\/5f0fbdeab05c9050198d8e098c31cf87ec88fb8b615fd68e88c27383c80ccf81?s=96&d=mm&r=g","caption":"Tom"},"sameAs":["https:\/\/www.lamaisonduguil.com"]}]}},"_links":{"self":[{"href":"https:\/\/www.lamaisonduguil.com\/blog\/wp-json\/wp\/v2\/posts\/98","targetHints":{"allow":["GET"]}}],"collection":[{"href":"https:\/\/www.lamaisonduguil.com\/blog\/wp-json\/wp\/v2\/posts"}],"about":[{"href":"https:\/\/www.lamaisonduguil.com\/blog\/wp-json\/wp\/v2\/types\/post"}],"author":[{"embeddable":true,"href":"https:\/\/www.lamaisonduguil.com\/blog\/wp-json\/wp\/v2\/users\/2"}],"replies":[{"embeddable":true,"href":"https:\/\/www.lamaisonduguil.com\/blog\/wp-json\/wp\/v2\/comments?post=98"}],"version-history":[{"count":0,"href":"https:\/\/www.lamaisonduguil.com\/blog\/wp-json\/wp\/v2\/posts\/98\/revisions"}],"wp:featuredmedia":[{"embeddable":true,"href":"https:\/\/www.lamaisonduguil.com\/blog\/wp-json\/wp\/v2\/media\/112"}],"wp:attachment":[{"href":"https:\/\/www.lamaisonduguil.com\/blog\/wp-json\/wp\/v2\/media?parent=98"}],"wp:term":[{"taxonomy":"category","embeddable":true,"href":"https:\/\/www.lamaisonduguil.com\/blog\/wp-json\/wp\/v2\/categories?post=98"},{"taxonomy":"post_tag","embeddable":true,"href":"https:\/\/www.lamaisonduguil.com\/blog\/wp-json\/wp\/v2\/tags?post=98"}],"curies":[{"name":"wp","href":"https:\/\/api.w.org\/{rel}","templated":true}]}}